{"id":41902,"date":"2026-02-22T14:54:05","date_gmt":"2026-02-22T14:54:05","guid":{"rendered":"https:\/\/bihavadis.com\/?p=41902"},"modified":"2026-02-22T14:54:05","modified_gmt":"2026-02-22T14:54:05","slug":"isudan-2025-yilinda-derinceye-359-milyon-tllik-altyapi-yatirimi","status":"publish","type":"post","link":"https:\/\/bihavadis.com\/index.php\/2026\/02\/22\/isudan-2025-yilinda-derinceye-359-milyon-tllik-altyapi-yatirimi\/","title":{"rendered":"\u0130SU&#8217;dan 2025 Y\u0131l\u0131nda Derince&#8217;ye 359 Milyon TL&#8217;lik Altyapi Yat\u0131r\u0131m\u0131"},"content":{"rendered":"<p>Kocaeli genelinde altyap\u0131y\u0131 g\u00fc\u00e7lendirmeye y\u00f6nelik \u00e7al\u0131\u015fmalar\u0131n\u0131 aral\u0131ks\u0131z s\u00fcrd\u00fcren Kocaeli B\u00fcy\u00fck\u015fehir Belediyesi \u0130SU Genel M\u00fcd\u00fcrl\u00fc\u011f\u00fc, 2025 y\u0131l\u0131 yat\u0131r\u0131m program\u0131 kapsam\u0131nda Derince il\u00e7esinde \u00f6nemli projeleri hayata ge\u00e7irdi. \u0130l\u00e7ede ger\u00e7ekle\u015ftirilen \u00e7al\u0131\u015fmalar kapsam\u0131nda 23.731 metre i\u00e7me suyu, 4.797 metre kanalizasyon ve 1.581 metre ya\u011fmur suyu hatt\u0131 ile 905 metre dere \u0131slah\u0131 \u00e7al\u0131\u015fmas\u0131 tamamlan\u0131rken Derince\u2019ye toplam 359 milyon 177 bin TL tutar\u0131nda yat\u0131r\u0131m kazand\u0131r\u0131ld\u0131.<\/p>\n<p>DER\u0130NCE\u2019DE ALTYAPI YEN\u0130LEN\u0130YOR<br \/>Kocaeli B\u00fcy\u00fck\u015fehir Belediye Ba\u015fkan\u0131 Tahir B\u00fcy\u00fckak\u0131n\u2019\u0131n \u201cMutlu \u015eehir Kocaeli\u201d ve \u201cAltyap\u0131da S\u0131f\u0131r Problem\u201d vizyonu do\u011frultusunda yat\u0131r\u0131mlar\u0131n\u0131 s\u00fcrd\u00fcren \u0130SU Genel M\u00fcd\u00fcrl\u00fc\u011f\u00fc, Derince genelinde altyap\u0131 ihtiyac\u0131n\u0131n bulundu\u011fu t\u00fcm b\u00f6lgelerde kapsaml\u0131 \u00e7al\u0131\u015fmalar ger\u00e7ekle\u015ftirdi. \u0130l\u00e7e merkezinde Denizciler Caddesi ba\u015fta olmak \u00fczere ana ula\u015f\u0131m g\u00fczerg\u00e2hlar\u0131nda y\u00fcr\u00fct\u00fclen imalatlar\u0131n yan\u0131 s\u0131ra ara sokaklar ve k\u0131rsal mahallelerde de altyap\u0131 yenilemeleri yap\u0131larak Derince\u2019nin tamam\u0131n\u0131 kapsayan b\u00fct\u00fcnc\u00fcl bir yat\u0131r\u0131m s\u00fcreci y\u00fcr\u00fct\u00fcld\u00fc.<\/p>\n<p>23.731 METRE \u0130\u00c7ME SUYU HATTI \u0130LE SA\u011eLIKLI SU G\u00dcVENCES\u0130<br \/>Derince\u2019de sa\u011fl\u0131kl\u0131, kesintisiz ve kaliteli i\u00e7me suyunun abonelere ula\u015ft\u0131r\u0131lmas\u0131 amac\u0131yla 23.731 metre yeni i\u00e7me suyu hatt\u0131 imalat\u0131 ger\u00e7ekle\u015ftirildi. Yap\u0131lan \u00e7al\u0131\u015fmalarla ekonomik \u00f6mr\u00fcn\u00fc tamamlayan ve kay\u0131p-ka\u00e7ak riski ta\u015f\u0131yan eski hatlar yenilenirken imara yeni a\u00e7\u0131lan b\u00f6lgelerin i\u00e7me suyu ihtiyac\u0131 da modern altyap\u0131 sistemleriyle g\u00fcvence alt\u0131na al\u0131nd\u0131. G\u00fc\u00e7lendirilen i\u00e7me suyu altyap\u0131s\u0131 sayesinde il\u00e7ede su arz\u0131n\u0131n s\u00fcreklili\u011fi art\u0131r\u0131ld\u0131.<\/p>\n<p>KANAL\u0130ZASYON VE YA\u011eMUR SUYU ALTYAPISI G\u00dc\u00c7LEND\u0130R\u0130LD\u0130<br \/>\u00c7evrenin korunmas\u0131, altyap\u0131 sistemlerinin daha sa\u011fl\u0131kl\u0131 \u00e7al\u0131\u015fmas\u0131 ve ya\u011fmur sular\u0131n\u0131n kontroll\u00fc \u015fekilde tahliye edilmesi amac\u0131yla Derince genelinde 4.797 metre kanalizasyon hatt\u0131 ile 1.581 metre ya\u011fmur suyu hatt\u0131 imalat\u0131 tamamland\u0131. Yap\u0131lan bu yat\u0131r\u0131mlarla altyap\u0131 kapasitesi art\u0131r\u0131l\u0131rken \u00f6zellikle yo\u011fun ya\u011f\u0131\u015f d\u00f6nemlerinde ya\u015fanabilecek ta\u015fk\u0131n ve su bask\u0131n\u0131 risklerinin azalt\u0131lmas\u0131 hedeflendi.<\/p>\n<p>905 METRE DERE ISLAHI \u0130LE TA\u015eKIN R\u0130SK\u0130 AZALTILDI<br \/>A\u015f\u0131r\u0131 ya\u011f\u0131\u015flarda suyun do\u011fal ak\u0131\u015f\u0131n\u0131 d\u00fczenlemek ve ta\u015fk\u0131n risklerini en aza indirmek amac\u0131yla Derince\u2019de 905 metre dere \u0131slah \u00e7al\u0131\u015fmas\u0131 ger\u00e7ekle\u015ftirildi. Yap\u0131lan \u0131slah \u00e7al\u0131\u015fmalar\u0131yla dere yataklar\u0131 g\u00fcvenli hale getirilerek yerle\u015fim alanlar\u0131n\u0131n korunmas\u0131 sa\u011fland\u0131.<\/p>\n<p>\u00c7INARLIDERE ARITMA TES\u0130S\u0130 \u0130LE STRATEJ\u0130K SU YATIRIMI HAYATA GE\u00c7\u0130R\u0130LD\u0130<br \/>Kocaeli B\u00fcy\u00fck\u015fehir Belediyesi \u0130SU Genel M\u00fcd\u00fcrl\u00fc\u011f\u00fc, iklim de\u011fi\u015fikli\u011fine ba\u011fl\u0131 olas\u0131 susuzluk riskine kar\u015f\u0131 Derince\u2019de stratejik \u00f6neme sahip bir yat\u0131r\u0131m\u0131 2025 y\u0131l\u0131 i\u00e7inde hizmete ald\u0131. Derince \u00c7\u0131narl\u0131dere suyu ile yeni a\u00e7\u0131lan kuyu sular\u0131n\u0131 ar\u0131tarak sisteme kazand\u0131ran \u00c7\u0131narl\u0131dere Konmod\u00fcler \u0130\u00e7me Suyu Ar\u0131tma Tesisi, yerel kaynaklar\u0131n de\u011ferlendirilmesi ve su arz\u0131n\u0131n g\u00fcvenli\u011fi a\u00e7\u0131s\u0131ndan \u00f6nemli bir ad\u0131m oldu. K\u00fcresel \u0131s\u0131nmaya ba\u011fl\u0131 olarak su kaynaklar\u0131n\u0131n korunmas\u0131 ve alternatif kaynaklar\u0131n devreye al\u0131nmas\u0131 hedefiyle iki etapl\u0131 projelendirilen tesisin ilk etab\u0131 tamamland\u0131. Ayr\u0131ca il\u00e7ede hizmete al\u0131nan 50 ve 100 metrek\u00fcp kapasiteli i\u00e7me suyu depolar\u0131 ile ar\u0131t\u0131lan suyun depolanmas\u0131 ve \u015febekeye dengeli da\u011f\u0131t\u0131m\u0131 g\u00fc\u00e7lendirilerek Derince\u2019nin su arz g\u00fcvenli\u011fi daha da peki\u015ftirildi.<\/p>\n<p>YATIRIMLAR S\u00dcRECEK<br \/>\u0130SU Genel M\u00fcd\u00fcrl\u00fc\u011f\u00fc, Derince\u2019de ger\u00e7ekle\u015ftirilen bu yat\u0131r\u0131mlarla il\u00e7enin altyap\u0131s\u0131n\u0131 daha g\u00fc\u00e7l\u00fc, dayan\u0131kl\u0131 ve s\u00fcrd\u00fcr\u00fclebilir hale getirirken planlanan projelerle altyap\u0131 yat\u0131r\u0131mlar\u0131na 2026 y\u0131l\u0131 boyunca kararl\u0131l\u0131kla devam edecek.<\/p>\n<p>Kaynak: (BYZHA) Beyaz Haber Ajans\u0131<\/p>\n","protected":false},"excerpt":{"rendered":"<p>Kocaeli genelinde altyap\u0131y\u0131 g\u00fc\u00e7lendirmeye y\u00f6nelik \u00e7al\u0131\u015fmalar\u0131n\u0131 aral\u0131ks\u0131z s\u00fcrd\u00fcren Kocaeli B\u00fcy\u00fck\u015fehir Belediyesi \u0130SU Genel M\u00fcd\u00fcrl\u00fc\u011f\u00fc, 2025 y\u0131l\u0131 yat\u0131r\u0131m program\u0131 kapsam\u0131nda Derince il\u00e7esinde \u00f6nemli projeleri hayata ge\u00e7irdi.<\/p>\n","protected":false},"author":1,"featured_media":41903,"comment_status":"open","ping_status":"open","sticky":false,"template":"","format":"standard","meta":{"footnotes":""},"categories":[8],"tags":[585,5790,3222,1583,216],"class_list":["post-41902","post","type-post","status-publish","format-standard","has-post-thumbnail","hentry","category-ekonomi","tag-altyapi","tag-derince","tag-icme-suyu","tag-metre","tag-yatirim"],"_links":{"self":[{"href":"https:\/\/bihavadis.com\/index.php\/wp-json\/wp\/v2\/posts\/41902","targetHints":{"allow":["GET"]}}],"collection":[{"href":"https:\/\/bihavadis.com\/index.php\/wp-json\/wp\/v2\/posts"}],"about":[{"href":"https:\/\/bihavadis.com\/index.php\/wp-json\/wp\/v2\/types\/post"}],"author":[{"embeddable":true,"href":"https:\/\/bihavadis.com\/index.php\/wp-json\/wp\/v2\/users\/1"}],"replies":[{"embeddable":true,"href":"https:\/\/bihavadis.com\/index.php\/wp-json\/wp\/v2\/comments?post=41902"}],"version-history":[{"count":1,"href":"https:\/\/bihavadis.com\/index.php\/wp-json\/wp\/v2\/posts\/41902\/revisions"}],"predecessor-version":[{"id":41904,"href":"https:\/\/bihavadis.com\/index.php\/wp-json\/wp\/v2\/posts\/41902\/revisions\/41904"}],"wp:featuredmedia":[{"embeddable":true,"href":"https:\/\/bihavadis.com\/index.php\/wp-json\/wp\/v2\/media\/41903"}],"wp:attachment":[{"href":"https:\/\/bihavadis.com\/index.php\/wp-json\/wp\/v2\/media?parent=41902"}],"wp:term":[{"taxonomy":"category","embeddable":true,"href":"https:\/\/bihavadis.com\/index.php\/wp-json\/wp\/v2\/categories?post=41902"},{"taxonomy":"post_tag","embeddable":true,"href":"https:\/\/bihavadis.com\/index.php\/wp-json\/wp\/v2\/tags?post=41902"}],"curies":[{"name":"wp","href":"https:\/\/api.w.org\/{rel}","templated":true}]}}