{"id":41905,"date":"2026-02-22T14:57:07","date_gmt":"2026-02-22T14:57:07","guid":{"rendered":"https:\/\/bihavadis.com\/?p=41905"},"modified":"2026-02-22T14:57:07","modified_gmt":"2026-02-22T14:57:07","slug":"irakta-yaris-faciayla-sonuclandi-1-olu","status":"publish","type":"post","link":"https:\/\/bihavadis.com\/index.php\/2026\/02\/22\/irakta-yaris-faciayla-sonuclandi-1-olu\/","title":{"rendered":"Irak&#8217;ta yar\u0131\u015f faciayla sonu\u00e7land\u0131: 1 \u00f6l\u00fc"},"content":{"rendered":"<p>Irak&#8217;\u0131n g\u00fcneyindeki Basra vilayetinde d\u00fczenlenen yar\u0131\u015f, faciayla son buldu.<\/p>\n<p>Yar\u0131\u015f\u0131 kazanan s\u00fcr\u00fcc\u00fc, pistten \u00e7\u0131k\u0131\u015f\u0131 s\u0131ras\u0131nda otomobiliyle g\u00f6steri yapmaya \u00e7al\u0131\u015ft\u0131.<\/p>\n<p>Direksiyon hakimiyetini kaybeden s\u00fcr\u00fcc\u00fc, arac\u0131n yoldan \u00e7\u0131kmas\u0131 ve kalabal\u0131\u011fa do\u011fru savrulmas\u0131 sonucunda a\u011f\u0131r yaralan\u0131rken kald\u0131r\u0131ld\u0131\u011f\u0131 hastanede hayat\u0131n\u0131 kaybetti.<\/p>\n<p><strong>11 \u0130ZLEY\u0130C\u0130 YARALANDI<\/strong><\/p>\n<p>Olayda ayr\u0131ca araban\u0131n \u00fczerine savruldu\u011fu izleyiciler aras\u0131ndan da 11 ki\u015fi yaraland\u0131.<\/p>\n<p>Yetkililer yaral\u0131lar\u0131n \u00e7evredeki hastanelere kald\u0131r\u0131ld\u0131\u011f\u0131n\u0131 belirtirken yar\u0131\u015f\u0131n resmi kurumlar\u0131n g\u00f6zetiminde olmas\u0131na ra\u011fmen etkinlik s\u0131ras\u0131nda yeterli g\u00fcvenlik \u00f6nlemlerinin al\u0131nmad\u0131\u011f\u0131n\u0131n tespit edildi\u011fini a\u00e7\u0131klad\u0131.<\/p>\n<p><img decoding=\"async\" src=\"https:\/\/bihavadis.com\/wp-content\/uploads\/2026\/02\/irakta-yaris-faciayla-sonuclandi-1-olu-0-qQJ6uHiA.jpg\"\/><\/p>\n<p><img decoding=\"async\" src=\"https:\/\/bihavadis.com\/wp-content\/uploads\/2026\/02\/irakta-yaris-faciayla-sonuclandi-1-olu-1-vG2NmieN.jpg\"\/><\/p>\n<p><img decoding=\"async\" src=\"https:\/\/bihavadis.com\/wp-content\/uploads\/2026\/02\/irakta-yaris-faciayla-sonuclandi-1-olu-2-ILdXeRzd.jpg\"\/><\/p>\n","protected":false},"excerpt":{"rendered":"<p>Irak&#8217;\u0131n Basra vilayetinde yar\u0131\u015f pistinde kontrolden \u00e7\u0131kan otomobilin izleyicilerin aras\u0131na dald\u0131\u011f\u0131 kazada ara\u00e7 s\u00fcr\u00fcc\u00fcs\u00fc ya\u015fam\u0131n\u0131 yitirdi, 11 ki\u015fi yaraland\u0131.<\/p>\n","protected":false},"author":1,"featured_media":41906,"comment_status":"open","ping_status":"open","sticky":false,"template":"","format":"standard","meta":{"footnotes":""},"categories":[6],"tags":[],"class_list":["post-41905","post","type-post","status-publish","format-standard","has-post-thumbnail","hentry","category-dunya"],"_links":{"self":[{"href":"https:\/\/bihavadis.com\/index.php\/wp-json\/wp\/v2\/posts\/41905","targetHints":{"allow":["GET"]}}],"collection":[{"href":"https:\/\/bihavadis.com\/index.php\/wp-json\/wp\/v2\/posts"}],"about":[{"href":"https:\/\/bihavadis.com\/index.php\/wp-json\/wp\/v2\/types\/post"}],"author":[{"embeddable":true,"href":"https:\/\/bihavadis.com\/index.php\/wp-json\/wp\/v2\/users\/1"}],"replies":[{"embeddable":true,"href":"https:\/\/bihavadis.com\/index.php\/wp-json\/wp\/v2\/comments?post=41905"}],"version-history":[{"count":1,"href":"https:\/\/bihavadis.com\/index.php\/wp-json\/wp\/v2\/posts\/41905\/revisions"}],"predecessor-version":[{"id":41910,"href":"https:\/\/bihavadis.com\/index.php\/wp-json\/wp\/v2\/posts\/41905\/revisions\/41910"}],"wp:featuredmedia":[{"embeddable":true,"href":"https:\/\/bihavadis.com\/index.php\/wp-json\/wp\/v2\/media\/41906"}],"wp:attachment":[{"href":"https:\/\/bihavadis.com\/index.php\/wp-json\/wp\/v2\/media?parent=41905"}],"wp:term":[{"taxonomy":"category","embeddable":true,"href":"https:\/\/bihavadis.com\/index.php\/wp-json\/wp\/v2\/categories?post=41905"},{"taxonomy":"post_tag","embeddable":true,"href":"https:\/\/bihavadis.com\/index.php\/wp-json\/wp\/v2\/tags?post=41905"}],"curies":[{"name":"wp","href":"https:\/\/api.w.org\/{rel}","templated":true}]}}