{"id":41911,"date":"2026-02-22T15:00:07","date_gmt":"2026-02-22T15:00:07","guid":{"rendered":"https:\/\/bihavadis.com\/?p=41911"},"modified":"2026-02-22T15:00:07","modified_gmt":"2026-02-22T15:00:07","slug":"perpa-yonetim-devir-krizi","status":"publish","type":"post","link":"https:\/\/bihavadis.com\/index.php\/2026\/02\/22\/perpa-yonetim-devir-krizi\/","title":{"rendered":"PERPA Y\u00f6netim Devir Krizi"},"content":{"rendered":"<p>PERPA Ticaret Merkezi&#8217;nde yap\u0131lan se\u00e7imlerin ard\u0131ndan y\u00f6netim devri s\u00fcreci tart\u0131\u015fma konusu oldu.<\/p>\n<p>\u015ei\u015fli&#8217;de bulunan PERPA Ticaret Merkezi A Blok&#8217;ta 2 \u015eubat&#8217;ta Kat Malikleri Ola\u011fan Genel Kurulu yap\u0131ld\u0131. \u0130ddiaya g\u00f6re, 2 \u015eubat 2026 tarihinde ger\u00e7ekle\u015ftirilen genel kurulda yap\u0131lan yoklamada 515 kat malikinin asaleten, 698 kat malikinin vekaleten olmak \u00fczere toplam bin 213 kat maliki toplant\u0131ya kat\u0131ld\u0131 ve gerekli \u00e7o\u011funluk sa\u011fland\u0131. Se\u00e7imler sonucunda Ba\u015fkan Aday\u0131 Selahattin \u00c7eki\u00e7&#8217;in yer ald\u0131\u011f\u0131 liste, \u00e7o\u011funlu\u011fun oyunu alarak kazand\u0131. Se\u00e7imlerin ard\u0131ndan, yeni y\u00f6netimin g\u00f6revi devralamad\u0131\u011f\u0131 ileri s\u00fcr\u00fcl\u00fcrken, mevcut y\u00f6netim ise konuyla ilgili mahkemeye ba\u015fvurduklar\u0131n\u0131 a\u00e7\u0131klad\u0131. Mevcut y\u00f6netimin devir i\u015flemlerini ger\u00e7ekle\u015ftirmedi\u011fi iddias\u0131 \u00fczerine, yeni y\u00f6netime destek veren baz\u0131 kat malikleri y\u00f6netim ofisi \u00f6n\u00fcnde toplanarak protesto ger\u00e7ekle\u015ftirdi. Toplanan grup, se\u00e7im sonu\u00e7lar\u0131n\u0131n uygulanmas\u0131n\u0131 talep ederken, polis ekipleri b\u00f6lgede \u00f6nlem ald\u0131. Ara ara gergin anlar\u0131n ya\u015fand\u0131\u011f\u0131 protesto sonras\u0131 yeni y\u00f6netim, ya\u015fanan s\u00fcrece ili\u015fkin hukuki yollara ba\u015fvuracaklar\u0131n\u0131 s\u00f6yledi.<\/p>\n<p>&#8220;Y\u00f6netimi devralam\u0131yoruz; bu tam bir hukuksuzluk&#8221;<\/p>\n<p>Se\u00e7imi kazanan Selahattin \u00c7eki\u00e7, y\u00f6netimi devralamad\u0131klar\u0131n\u0131 s\u00f6yleyerek, &#8220;D\u00fcn, 2 \u015eubat&#8217;ta Perpa&#8217;da genel kurul vard\u0131. Se\u00e7imli ilk genel kurulda yeterli say\u0131ya ula\u015ft\u0131k, bin 213 oyla b\u00fcy\u00fck bir farkla y\u00f6netimi kazand\u0131k. Y\u00f6netimi devralam\u0131yoruz; bu tam bir hukuksuzluk. 16 y\u0131ll\u0131k bir y\u00f6netim anlay\u0131\u015f\u0131 vard\u0131, bu d\u00fcn devrildi ama maalesef y\u00f6netimi devralam\u0131yoruz. Bu da b\u00fcy\u00fck bir problem. Perpal\u0131lar geldi, iradesine ve oyuna sahip \u00e7\u0131kmak istiyor. Buras\u0131 2 bin 200 kat malikinin oldu\u011fu, herkesin hakk\u0131 olan bir yer. \u0130nsanlar \u015fu an kendi yerlerine al\u0131nm\u0131yorlar. Buradaki esnafa polis \u00e7a\u011f\u0131rmak nedir? Burada herkes eski esnaf, buras\u0131 herkesin kendi mal\u0131d\u0131r&#8221; dedi.<\/p>\n<p>&#8220;\u015eikayet\u00e7i olaca\u011f\u0131z&#8221;<\/p>\n<p>\u00c7eki\u00e7, y\u00f6netimi devralamad\u0131klar\u0131 takdirde \u015fikayet\u00e7i olacaklar\u0131n\u0131 belirterek, &#8220;Buras\u0131 bir hukuk devleti; zorla oturamazs\u0131n. 16 y\u0131ll\u0131k koltu\u011funu b\u0131rak\u0131yorsun, korkuyorsun. Arkada\u015flar, 10 tane y\u00f6netim kurulu \u00fcyesi burada esnaf olan arkada\u015flar\u0131 anlayam\u0131yoruz. Sizin hi\u00e7bir itibar s\u0131k\u0131nt\u0131n\u0131z yok. Bak\u0131n, bu kadar Perpal\u0131y\u0131 buraya y\u0131\u011fd\u0131n\u0131z; yar\u0131n \u00f6b\u00fcr g\u00fcn koridorlarda bu insanlara nas\u0131l bakacaks\u0131n\u0131z? Biz bunu anlayam\u0131yoruz. L\u00fctfen yeni y\u00f6netime buray\u0131 bir an \u00f6nce b\u0131rak\u0131n. Hukuk bunu gerektirir, demokrasi bunu gerektirir. Bir an \u00f6nce \u015fikayet\u00e7i olaca\u011f\u0131z. Bug\u00fcn \u00f6\u011fleden sonra avukatlar\u0131m\u0131z ba\u015fvuru i\u00e7in mahkemeye gitti, evraklar\u0131 haz\u0131rl\u0131yoruz. B\u00fcy\u00fck bir farkla se\u00e7imi kazand\u0131k ama \u015funu anlayam\u0131yoruz; hala se\u00e7im esnas\u0131nda \u0131\u015f\u0131klar\u0131 kapatt\u0131lar, \u0131s\u0131t\u0131c\u0131lar\u0131 kapatt\u0131lar, vekaletleri al\u0131p ka\u00e7t\u0131lar&#8221; diye konu\u015ftu.<\/p>\n<p>&#8220;\u0130stanbul 16. Sulh Hukuk Mahkemesi&#8217;ne dilek\u00e7e verdik, ihtiyati tedbir davas\u0131 a\u00e7t\u0131k&#8221;<\/p>\n<p>Perpa A Blok Y\u00f6netim Kurulu mevcut Ba\u015fkan\u0131 Hasan Sezgin, ihtiyati tedbir davas\u0131 a\u00e7t\u0131klar\u0131na de\u011finerek, &#8220;D\u00fcn bir genel kurul ya\u015fad\u0131k. Bu genel kurul her iki taraf\u0131 da mutlu etmedi; bir taraf\u0131 mutlu ettiyse de bu zoraki bir mutluluktu. Biz \u0130stanbul 16. Sulh Hukuk Mahkemesi&#8217;ne dilek\u00e7e verdik, ihtiyati tedbir davas\u0131 a\u00e7t\u0131k. Bu davan\u0131n sonucuna g\u00f6re, e\u011fer mahkeme y\u00fcr\u00fctmeyi durdurma karar\u0131 verirse 12 \u015eubat&#8217;ta ikinci se\u00e7im yap\u0131lacak. Mahkeme bizim talebimizi reddederse, ret karar\u0131 \u00e7\u0131kar \u00e7\u0131kmaz, biraz \u00f6nce yukar\u0131da s\u00f6yledi\u011fim gibi Hakan Bey&#8217;e de s\u00f6yledim, Orhan Bey&#8217;e de s\u00f6yledim; ret karar\u0131 \u00e7\u0131kar \u00e7\u0131kmaz yar\u0131m saat, 40 dakika i\u00e7inde gelirsiniz, genel kurulu b\u00fct\u00fcn evraklar\u0131yla, kasas\u0131yla, her \u015feyiyle size teslim edece\u011fiz&#8221; \u015feklinde konu\u015ftu. &#8211; \u0130STANBUL<\/p>\n","protected":false},"excerpt":{"rendered":"<p>PERPA Ticaret Merkezi&#8217;nde yap\u0131lan se\u00e7im sonras\u0131 yeni y\u00f6netim devir almad\u0131, protestolar ba\u015flad\u0131.<\/p>\n","protected":false},"author":1,"featured_media":41912,"comment_status":"open","ping_status":"open","sticky":false,"template":"","format":"standard","meta":{"footnotes":""},"categories":[8],"tags":[4716,1993,2057,2020,369],"class_list":["post-41911","post","type-post","status-publish","format-standard","has-post-thumbnail","hentry","category-ekonomi","tag-genel-kurul","tag-hukuk","tag-kat","tag-secim","tag-yonetim"],"_links":{"self":[{"href":"https:\/\/bihavadis.com\/index.php\/wp-json\/wp\/v2\/posts\/41911","targetHints":{"allow":["GET"]}}],"collection":[{"href":"https:\/\/bihavadis.com\/index.php\/wp-json\/wp\/v2\/posts"}],"about":[{"href":"https:\/\/bihavadis.com\/index.php\/wp-json\/wp\/v2\/types\/post"}],"author":[{"embeddable":true,"href":"https:\/\/bihavadis.com\/index.php\/wp-json\/wp\/v2\/users\/1"}],"replies":[{"embeddable":true,"href":"https:\/\/bihavadis.com\/index.php\/wp-json\/wp\/v2\/comments?post=41911"}],"version-history":[{"count":1,"href":"https:\/\/bihavadis.com\/index.php\/wp-json\/wp\/v2\/posts\/41911\/revisions"}],"predecessor-version":[{"id":41913,"href":"https:\/\/bihavadis.com\/index.php\/wp-json\/wp\/v2\/posts\/41911\/revisions\/41913"}],"wp:featuredmedia":[{"embeddable":true,"href":"https:\/\/bihavadis.com\/index.php\/wp-json\/wp\/v2\/media\/41912"}],"wp:attachment":[{"href":"https:\/\/bihavadis.com\/index.php\/wp-json\/wp\/v2\/media?parent=41911"}],"wp:term":[{"taxonomy":"category","embeddable":true,"href":"https:\/\/bihavadis.com\/index.php\/wp-json\/wp\/v2\/categories?post=41911"},{"taxonomy":"post_tag","embeddable":true,"href":"https:\/\/bihavadis.com\/index.php\/wp-json\/wp\/v2\/tags?post=41911"}],"curies":[{"name":"wp","href":"https:\/\/api.w.org\/{rel}","templated":true}]}}