{"id":41924,"date":"2026-02-22T15:12:06","date_gmt":"2026-02-22T15:12:06","guid":{"rendered":"https:\/\/bihavadis.com\/?p=41924"},"modified":"2026-02-22T15:12:06","modified_gmt":"2026-02-22T15:12:06","slug":"tutuklu-bulunan-muhittin-bocek-yeniden-hastaneye-kaldirildi","status":"publish","type":"post","link":"https:\/\/bihavadis.com\/index.php\/2026\/02\/22\/tutuklu-bulunan-muhittin-bocek-yeniden-hastaneye-kaldirildi\/","title":{"rendered":"Tutuklu bulunan Muhittin B\u00f6cek yeniden hastaneye kald\u0131r\u0131ld\u0131"},"content":{"rendered":"<p>Belediyelere y\u00f6nelik yolsuzluk soru\u015fturmas\u0131 kapsam\u0131nda\u00a0g\u00f6zalt\u0131na al\u0131nan Antalya B\u00fcy\u00fck\u015fehir Belediyesi Ba\u015fkan\u0131 Muhittin B\u00f6cek, tutuklanm\u0131\u015f ve g\u00f6revinden uzakla\u015ft\u0131r\u0131lm\u0131\u015ft\u0131.<\/p>\n<p>Uzun s\u00fcredir uyku apnesi rahats\u0131zl\u0131\u011f\u0131 olan B\u00f6cek, yeniden Antalya \u015eehir Hastanesi&#8217;ne kald\u0131r\u0131ld\u0131.<\/p>\n<p>Avukatlar\u0131 B\u00f6cek&#8217;in hastal\u0131\u011f\u0131n\u0131n ileri bir boyutta oldu\u011funu, zaman zaman solunumun durdu\u011funun raporlara yans\u0131d\u0131\u011f\u0131n\u0131 belirterek konunun ya\u015famsal bir boyut kazand\u0131\u011f\u0131n\u0131 belirtti.<\/p>\n<p><strong>44 YILA KADAR HAPS\u0130 \u0130STEN\u0130YOR<\/strong><\/p>\n<p>Antalya B\u00fcy\u00fck\u015fehir Belediyesi&#8217;ne y\u00f6nelik soru\u015fturma kapsam\u0131nda d\u00fczenlenen iddianame ge\u00e7ti\u011fimiz g\u00fcnlerde kabul edildi.<\/p>\n<p>Haz\u0131rlanan iddianamede 5 Temmuz 2025 tarihinde tutuklanan Muhittin B\u00f6cek, o\u011flu Mustafa G\u00f6khan B\u00f6cek ve eski \u0130l Emniyet M\u00fcd\u00fcr\u00fc \u0130lker Arslan&#8217;\u0131n da bulundu\u011fu toplam 41 ki\u015fi \u015f\u00fcpheli s\u0131fat\u0131yla yer al\u0131yor.<\/p>\n<p>\u0130ddianamede Muhittin B\u00f6cek&#8217;in 15 y\u0131l 6 aydan 44 y\u0131la kadar hapsi isteniyor.<\/p>\n<p>Davan\u0131n ilk duru\u015fmas\u0131 16 Mart&#8217;ta g\u00f6r\u00fclecek.<\/p>\n","protected":false},"excerpt":{"rendered":"<p>Yolsuzluk soru\u015fturmas\u0131 kapsam\u0131nda tutuklu bulunan Muhittin B\u00f6cek&#8217;in yeniden hastaneye kald\u0131r\u0131ld\u0131\u011f\u0131 \u00f6\u011frenildi.<\/p>\n","protected":false},"author":1,"featured_media":41925,"comment_status":"open","ping_status":"open","sticky":false,"template":"","format":"standard","meta":{"footnotes":""},"categories":[9,13],"tags":[1480],"class_list":["post-41924","post","type-post","status-publish","format-standard","has-post-thumbnail","hentry","category-genel","category-son-dakika","tag-bocek"],"_links":{"self":[{"href":"https:\/\/bihavadis.com\/index.php\/wp-json\/wp\/v2\/posts\/41924","targetHints":{"allow":["GET"]}}],"collection":[{"href":"https:\/\/bihavadis.com\/index.php\/wp-json\/wp\/v2\/posts"}],"about":[{"href":"https:\/\/bihavadis.com\/index.php\/wp-json\/wp\/v2\/types\/post"}],"author":[{"embeddable":true,"href":"https:\/\/bihavadis.com\/index.php\/wp-json\/wp\/v2\/users\/1"}],"replies":[{"embeddable":true,"href":"https:\/\/bihavadis.com\/index.php\/wp-json\/wp\/v2\/comments?post=41924"}],"version-history":[{"count":1,"href":"https:\/\/bihavadis.com\/index.php\/wp-json\/wp\/v2\/posts\/41924\/revisions"}],"predecessor-version":[{"id":41926,"href":"https:\/\/bihavadis.com\/index.php\/wp-json\/wp\/v2\/posts\/41924\/revisions\/41926"}],"wp:featuredmedia":[{"embeddable":true,"href":"https:\/\/bihavadis.com\/index.php\/wp-json\/wp\/v2\/media\/41925"}],"wp:attachment":[{"href":"https:\/\/bihavadis.com\/index.php\/wp-json\/wp\/v2\/media?parent=41924"}],"wp:term":[{"taxonomy":"category","embeddable":true,"href":"https:\/\/bihavadis.com\/index.php\/wp-json\/wp\/v2\/categories?post=41924"},{"taxonomy":"post_tag","embeddable":true,"href":"https:\/\/bihavadis.com\/index.php\/wp-json\/wp\/v2\/tags?post=41924"}],"curies":[{"name":"wp","href":"https:\/\/api.w.org\/{rel}","templated":true}]}}