{"id":41927,"date":"2026-02-22T15:15:09","date_gmt":"2026-02-22T15:15:09","guid":{"rendered":"https:\/\/bihavadis.com\/?p=41927"},"modified":"2026-02-22T15:15:09","modified_gmt":"2026-02-22T15:15:09","slug":"ticaret-bakani-bolat-suudi-arabistan-turkiye-yatirim-forumunda-konustu-aciklamasi","status":"publish","type":"post","link":"https:\/\/bihavadis.com\/index.php\/2026\/02\/22\/ticaret-bakani-bolat-suudi-arabistan-turkiye-yatirim-forumunda-konustu-aciklamasi\/","title":{"rendered":"Ticaret Bakan\u0131 Bolat, Suudi Arabistan-T\u00fcrkiye Yat\u0131r\u0131m Forumu&#8217;nda konu\u015ftu A\u00e7\u0131klamas\u0131"},"content":{"rendered":"<p> Ticaret Bakan\u0131 \u00d6mer Bolat, Cumhurba\u015fkan\u0131 Recep Tayyip Erdo\u011fan&#8217;\u0131n Suudi Arabistan ziyaretinde \u00e7ok say\u0131da anla\u015fman\u0131n imzalanaca\u011f\u0131n\u0131 belirterek, &#8220;Bu anla\u015fmalarla T\u00fcrkiye-Suudi Arabistan ili\u015fkileri \u00e7ok daha b\u00fcy\u00fck seviyelere y\u00fckselecek, sars\u0131lmaz dostlu\u011fumuz ve karde\u015fli\u011fimiz ekonomik alanda da per\u00e7inlenmi\u015f olacakt\u0131r.&#8221; dedi.<\/p>\n<p>Cumhurba\u015fkan\u0131 Erdo\u011fan&#8217;\u0131n Suudi Arabistan&#8217;\u0131 ziyareti kapsam\u0131nda D\u0131\u015f Ekonomik \u0130li\u015fkiler Kurulu (DE\u0130K) ile Suudi Arabistan&#8217;da yat\u0131r\u0131m yap\u0131lmas\u0131n\u0131 te\u015fvik eden, y\u00f6nlendiren ve s\u00fcre\u00e7leri kolayla\u015ft\u0131ran devlet ajans\u0131 Invest Saudi i\u015fbirli\u011finde Riyad&#8217;da &#8220;Suudi Arabistan-T\u00fcrkiye Yat\u0131r\u0131m Forumu&#8221; d\u00fczenlendi.<\/p>\n<p>Bolat, Suudi Arabistan Yat\u0131r\u0131m Bakan\u0131 Halid bin Abdulaziz el-Falih&#8217;in yan\u0131 s\u0131ra 230&#8217;u T\u00fcrk olmak \u00fczere iki \u00fclkeden toplamda 700&#8217;\u00fc a\u015fk\u0131n i\u015f insan\u0131 ve kamu temsilcisinin yer ald\u0131\u011f\u0131 forumun a\u00e7\u0131l\u0131\u015f\u0131nda konu\u015ftu.<\/p>\n<p>Bug\u00fcnk\u00fc bulu\u015fman\u0131n Suudi Arabistan ve T\u00fcrkiye&#8217;de i\u015f insanlar\u0131 aras\u0131nda ger\u00e7ekle\u015ftirdikleri en yo\u011fun kat\u0131l\u0131ml\u0131 etkinlik oldu\u011funu dile getiren Bolat, son y\u0131llarda her iki \u00fclkenin liderleri aras\u0131ndaki dostlu\u011fun ve yak\u0131n \u00e7al\u0131\u015fmalar\u0131n T\u00fcrkiye ve Suudi Arabistan aras\u0131ndaki ili\u015fkileri siyasi, ekonomik, savunma sanayisi, ticaret, ula\u015ft\u0131rma, enerji ve bir\u00e7ok alanda \u00fcst seviyeye ta\u015f\u0131d\u0131\u011f\u0131n\u0131 anlatt\u0131.<\/p>\n<p>Bolat, k\u00fcresel ekonomide ve d\u00fcnya ticaretinde son y\u0131llarda ya\u015fanan durgunluktan bahsederek, bu alanlara ili\u015fkin beklentilerin gelecek aylarda yukar\u0131 y\u00f6nl\u00fc revize edilmesini beklediklerini s\u00f6yledi.<\/p>\n<p>Bakan Bolat, &#8220;Bu \u00e7er\u00e7evede iki \u00fclke aras\u0131nda ekonomik, siyasi, savunma sanayisi ve enerji ili\u015fkilerinin stratejik d\u00fczeye \u00e7\u0131kar\u0131lmas\u0131 karar\u0131 her iki \u00fclkenin k\u0131ymetli liderlerinin vizyonel bak\u0131\u015flar\u0131n\u0131n ve vizyonel fikirlerinin sonucudur.&#8221; diye konu\u015ftu.<\/p>\n<p>&#8220;Bug\u00fcn sars\u0131lmaz dostlu\u011fumuz ekonomik alanda da per\u00e7inlenecek&#8221;<\/p>\n<p>Ticaret Bakan\u0131 Bolat, Cumhurba\u015fkan\u0131 Erdo\u011fan&#8217;\u0131n Suudi Arabistan Veliaht Prensi Muhammed bin Selman&#8217;\u0131n davetlisi olarak bug\u00fcn Riyad&#8217;a yapt\u0131\u011f\u0131 ziyaretin tarihi nitelik ta\u015f\u0131d\u0131\u011f\u0131n\u0131 belirterek, &#8220;Bu ziyaret her iki \u00fclkenin gerek bakanl\u0131klar\u0131 gerek i\u015f d\u00fcnyas\u0131 kurulu\u015flar\u0131 aras\u0131nda \u00e7ok say\u0131da anla\u015fmalar\u0131n imzalanmas\u0131na sahne olacakt\u0131r. Bu anla\u015fmalarla T\u00fcrkiye-Suudi Arabistan ili\u015fkileri \u00e7ok daha b\u00fcy\u00fck seviyelere y\u00fckselecek, sars\u0131lmaz dostlu\u011fumuz ve karde\u015fli\u011fimiz ekonomik alanda da per\u00e7inlenmi\u015f olacakt\u0131r.&#8221; ifadelerini kulland\u0131.<\/p>\n<p>T\u00fcrkiye&#8217;nin son 23 y\u0131lda ekonomi, yat\u0131r\u0131m, ki\u015fi ba\u015f\u0131na d\u00fc\u015fen milli gelir, gayrisafi yurt i\u00e7i has\u0131la ve b\u00fcy\u00fcme gibi alanlarda yakalad\u0131\u011f\u0131 ilerlemeleri anlatan Bolat, bu s\u00fcre\u00e7teki ekonomik verilere ili\u015fkin detaylar\u0131 payla\u015ft\u0131.<\/p>\n<p>Bolat, T\u00fcrkiye&#8217;nin ekonomide kaydetti\u011fi bu b\u00fcy\u00fck geli\u015fmede ihracata dayal\u0131 b\u00fcy\u00fcme modelinin, uluslararas\u0131 yat\u0131r\u0131mlar ile yerli yat\u0131r\u0131mlar\u0131n te\u015fvik edilmesinin, reformlar\u0131n ve G\u00fcmr\u00fck Birli\u011fi&#8217;nin \u00f6nemli etkisi oldu\u011funu anlatt\u0131.<\/p>\n<p>T\u00fcrkiye&#8217;nin mal ve hizmet d\u0131\u015f ticaretinde 2025 sonu itibar\u0131yla 820 milyar dolarl\u0131k b\u00fcy\u00fckl\u00fc\u011fe ula\u015ft\u0131\u011f\u0131n\u0131 dile getiren Bolat, bu tutar\u0131n T\u00fcrkiye&#8217;nin milli gelirinin yar\u0131s\u0131ndan daha y\u00fcksek bir orana tekab\u00fcl etti\u011fini s\u00f6yledi.<\/p>\n<p>Bolat, T\u00fcrkiye&#8217;nin mal ihracat\u0131n\u0131n 273,5 milyar dolar, hizmet ihracat\u0131n\u0131n 123 milyar dolara y\u00fckseldi\u011fini, 420 milyar dolarl\u0131k da mal ve hizmet ithalat\u0131 oldu\u011funu bildirdi.<\/p>\n<p>D\u0131\u015f ticaret hacminde 2026 i\u00e7in 10 milyar dolar beklentisi<\/p>\n<p>Bakan Bolat, Suudi Arabistan&#8217;\u0131n hem enerji hem de m\u00fcteahhitlik alanlar\u0131nda T\u00fcrkiye i\u00e7in b\u00fcy\u00fck \u00f6nem arz etti\u011fini belirterek, s\u00f6zlerini \u015f\u00f6yle s\u00fcrd\u00fcrd\u00fc: <\/p>\n<p>&#8220;T\u00fcrk m\u00fcteahhitleri Suudi Arabistan&#8217;da 434 proje tamamlad\u0131. 32,5 milyar dolarl\u0131k projeleri tamamlad\u0131lar. Yeni d\u00f6nemde de Suudi Arabistan&#8217;\u0131n gerek 2030 Kalk\u0131nma Vizyon projeleri gerekse 2030 Expo Riyad&#8217;\u0131n Suudi Arabistan&#8217;da yap\u0131lacak olmas\u0131, ayn\u0131 \u015fekilde 2034&#8217;te D\u00fcnya Futbol \u015eampiyonas\u0131&#8217;na Suudi Arabistan&#8217;\u0131n ev sahipli\u011fi yapacak olmas\u0131 m\u00fcteahhitlik ve in\u015faat sekt\u00f6r\u00fcnde \u00e7ok b\u00fcy\u00fck ve \u00f6nemli projelerin ortak i\u015fbirli\u011fiyle yap\u0131laca\u011f\u0131n\u0131 g\u00f6stermektedir.&#8221;<\/p>\n<p>Bolat, iki \u00fclke aras\u0131ndaki ticaret hacminin 8,6 milyar dolar\u0131 a\u015ft\u0131\u011f\u0131n\u0131 kaydederek, &#8220;Liderlerimizin iki \u00fclke aras\u0131ndaki ticaret hacmini k\u0131sa vadede 10 milyar dolara, uzun vadede de 30 milyar dolara \u00e7\u0131karma hedefleri sabittir. Her iki \u00fclkenin bakanl\u0131klar\u0131 ve i\u015f d\u00fcnyas\u0131 temsilcileri olarak bu hedefleri ger\u00e7ekle\u015ftirmek i\u00e7in canla ba\u015fla \u00e7al\u0131\u015faca\u011f\u0131z. 2026&#8217;n\u0131n 10 milyar dolar hedefini ger\u00e7ekle\u015ftirece\u011fimiz y\u0131l olmas\u0131n\u0131 temenni ediyorum.&#8221; \u015feklinde konu\u015ftu.<\/p>\n<p>&#8220;Suudi yat\u0131r\u0131mlar\u0131n\u0131n yeni projelerle birka\u00e7 milyar dolar artaca\u011f\u0131na inan\u0131yoruz&#8221;<\/p>\n<p>Ticaret Bakan\u0131 Bolat, T\u00fcrkiye ile Suudi Arabistan aras\u0131ndaki i\u015fbirli\u011finin enerji alan\u0131nda h\u0131zland\u0131\u011f\u0131n\u0131 belirterek, \u015fu de\u011ferlendirmelerde bulundu: <\/p>\n<p>&#8220;Yenilenebilir enerji konusunda T\u00fcrkiye&#8217;de \u00e7ok \u00f6nemli Suudi yat\u0131r\u0131mlar\u0131 bulunmakta ve bunun yan\u0131nda ba\u015fka sekt\u00f6rlerde de Suudi yat\u0131r\u0131mlar\u0131 var. 2 milyar dolar de\u011ferinde olan bu yat\u0131r\u0131mlar\u0131n \u015fu anda g\u00f6r\u00fc\u015f\u00fclmekte olan yeni projelerle birka\u00e7 milyar dolar artaca\u011f\u0131na inan\u0131yoruz. T\u00fcrkiye&#8217;den de Suudi Arabistan&#8217;a 117 milyon dolarl\u0131k uluslararas\u0131 yat\u0131r\u0131m gelmi\u015f bulunmaktad\u0131r. B\u00fct\u00fcn bu \u00e7abalar\u0131m\u0131zda ticareti ve enerji i\u015fbirli\u011fini art\u0131rmay\u0131, ula\u015ft\u0131rma koridorlar\u0131n\u0131 geni\u015fletmeyi ve iyile\u015ftirmeyi, uluslararas\u0131 do\u011frudan yat\u0131r\u0131mlar\u0131n her iki \u00fclkede artmas\u0131n\u0131 sa\u011flamay\u0131 hedefliyoruz. Savunma sanayisinde de T\u00fcrkiye-Suudi Arabistan i\u015fbirli\u011fi gerek tedarik gerekse ortak \u00fcretim alan\u0131nda h\u0131zlanmakta.&#8221;<\/p>\n<p>Bolat, yapt\u0131klar\u0131 i\u015fbirlikleri i\u00e7in Suudi Arabistanl\u0131 yetkililere te\u015fekk\u00fcr ederek, &#8220;T\u00fcrkiye-Suudi Arabistan ittifak\u0131 daha bir\u00e7ok projede, i\u015fbirliklerinde ve savunma sanayisinde b\u00fcy\u00fck i\u015fler ba\u015faracakt\u0131r.&#8221; ifadesini kulland\u0131.<\/p>\n<p>\u0130ki \u00fclkenin Gazze&#8217;nin ve Ukrayna&#8217;n\u0131n yeniden imar\u0131 ile di\u011fer \u00fc\u00e7\u00fcnc\u00fc \u00fclkelerde \u00f6nemli i\u015fbirliklerine imza atabilece\u011fini anlatan Bolat, &#8220;Bu konuda Suudi Arabistanl\u0131 firmalarla i\u015fbirli\u011fine haz\u0131r\u0131z. T\u00fcrkiye ve Suudi Arabistan&#8217;\u0131n Gazze&#8217;nin yeniden in\u015fas\u0131nda, orada \u00e7ok b\u00fcy\u00fck zul\u00fcm ve y\u0131k\u0131m ya\u015fayan Filistinli karde\u015flerimizin \u00fclkesinin, b\u00f6lgesinin yeniden in\u015fas\u0131nda da b\u00fcy\u00fck bir i\u015fbirli\u011fi yapaca\u011f\u0131na eminim.&#8221; diye konu\u015ftu.<\/p>\n","protected":false},"excerpt":{"rendered":"<p>Ticaret Bakan\u0131 \u00d6mer Bolat, Cumhurba\u015fkan\u0131 Recep Tayyip Erdo\u011fan&#8217;\u0131n Suudi Arabistan ziyaretinde \u00e7ok say\u0131da anla\u015fman\u0131n imzalanaca\u011f\u0131n\u0131 belirterek, &#8220;Bu anla\u015fmalarla T\u00fcrkiye-Suudi Arabistan ili\u015fkileri \u00e7ok daha b\u00fcy\u00fck seviyelere y\u00fckselecek, sars\u0131lmaz dostlu\u011fumuz ve karde\u015fli\u011fimiz ekonomik alanda&#8230;<\/p>\n","protected":false},"author":1,"featured_media":41928,"comment_status":"open","ping_status":"open","sticky":false,"template":"","format":"standard","meta":{"footnotes":""},"categories":[8],"tags":[1896,395,809,514,517],"class_list":["post-41927","post","type-post","status-publish","format-standard","has-post-thumbnail","hentry","category-ekonomi","tag-bolat","tag-is","tag-milyar-dolar","tag-suudi-arabistan","tag-turk"],"_links":{"self":[{"href":"https:\/\/bihavadis.com\/index.php\/wp-json\/wp\/v2\/posts\/41927","targetHints":{"allow":["GET"]}}],"collection":[{"href":"https:\/\/bihavadis.com\/index.php\/wp-json\/wp\/v2\/posts"}],"about":[{"href":"https:\/\/bihavadis.com\/index.php\/wp-json\/wp\/v2\/types\/post"}],"author":[{"embeddable":true,"href":"https:\/\/bihavadis.com\/index.php\/wp-json\/wp\/v2\/users\/1"}],"replies":[{"embeddable":true,"href":"https:\/\/bihavadis.com\/index.php\/wp-json\/wp\/v2\/comments?post=41927"}],"version-history":[{"count":1,"href":"https:\/\/bihavadis.com\/index.php\/wp-json\/wp\/v2\/posts\/41927\/revisions"}],"predecessor-version":[{"id":41929,"href":"https:\/\/bihavadis.com\/index.php\/wp-json\/wp\/v2\/posts\/41927\/revisions\/41929"}],"wp:featuredmedia":[{"embeddable":true,"href":"https:\/\/bihavadis.com\/index.php\/wp-json\/wp\/v2\/media\/41928"}],"wp:attachment":[{"href":"https:\/\/bihavadis.com\/index.php\/wp-json\/wp\/v2\/media?parent=41927"}],"wp:term":[{"taxonomy":"category","embeddable":true,"href":"https:\/\/bihavadis.com\/index.php\/wp-json\/wp\/v2\/categories?post=41927"},{"taxonomy":"post_tag","embeddable":true,"href":"https:\/\/bihavadis.com\/index.php\/wp-json\/wp\/v2\/tags?post=41927"}],"curies":[{"name":"wp","href":"https:\/\/api.w.org\/{rel}","templated":true}]}}