{"id":41985,"date":"2026-02-22T16:06:04","date_gmt":"2026-02-22T16:06:04","guid":{"rendered":"https:\/\/bihavadis.com\/?p=41985"},"modified":"2026-02-22T16:06:04","modified_gmt":"2026-02-22T16:06:04","slug":"baskan-ertas-sahaya-indi-edremitte-yol-atagi","status":"publish","type":"post","link":"https:\/\/bihavadis.com\/index.php\/2026\/02\/22\/baskan-ertas-sahaya-indi-edremitte-yol-atagi\/","title":{"rendered":"Ba\u015fkan Erta\u015f sahaya indi; Edremit&#8217;te yol ata\u011f\u0131"},"content":{"rendered":"<p>Edremit Belediye Ba\u015fkan\u0131 Mehmet Erta\u015f, il\u00e7e genelinde devam eden yol yap\u0131m ve onar\u0131m \u00e7al\u0131\u015fmalar\u0131n\u0131 yerinde inceledi. Ba\u015fkan yard\u0131mc\u0131lar\u0131, meclis \u00fcyeleri ve ilgili daire m\u00fcd\u00fcrleriyle birlikte sahaya \u00e7\u0131kan Erta\u015f, \u00f6zellikle do\u011falgaz ve di\u011fer altyap\u0131 kurumlar\u0131n\u0131n \u00e7al\u0131\u015fmalar\u0131 ile a\u015f\u0131r\u0131 ya\u011f\u0131\u015flar nedeniyle bozulan yollarda y\u00fcr\u00fct\u00fclen \u00e7al\u0131\u015fmalar\u0131 denetledi.<\/p>\n<p>Edremit Belediyesi Fen \u0130\u015fleri M\u00fcd\u00fcrl\u00fc\u011f\u00fc koordinesinde ba\u015flat\u0131lan kapsaml\u0131 seferberlik kapsam\u0131nda toplam 14 ayr\u0131 ekip, il\u00e7enin d\u00f6rt bir yan\u0131nda e\u015f zamanl\u0131 olarak \u00e7al\u0131\u015fmalara ba\u015flad\u0131. Ya\u011f\u0131\u015flar\u0131n etkisini azaltmas\u0131yla birlikte h\u0131z kazanan \u00e7al\u0131\u015fmalar, planl\u0131 program dahilinde ve \u00f6ncelik s\u0131ras\u0131na g\u00f6re s\u00fcrd\u00fcr\u00fcl\u00fcyor.<\/p>\n<p>Sahada ekiplerden bilgi alan Ba\u015fkan Erta\u015f, vatanda\u015flardan gelen \u015fik\u00e2yetlerin fark\u0131nda olduklar\u0131n\u0131 belirterek \u00a0\u201cDo\u011falgaz\u0131n Edremit\u2019in d\u00f6rt bir k\u00f6\u015fesine ula\u015fmas\u0131 i\u00e7in elimizden gelen t\u00fcm deste\u011fi veriyoruz. Sadece do\u011falgaz de\u011fil; elektrik ve internet altyap\u0131s\u0131 i\u00e7in de kurumlarla koordineli \u015fekilde \u00e7al\u0131\u015f\u0131yoruz. Ancak bir hizmet gelirken maalesef baz\u0131 olumsuzluklar da ortaya \u00e7\u0131k\u0131yor. Kaz\u0131lan bir yolu teknik olarak hemen kapatam\u0131yoruz; zeminin oturmas\u0131 i\u00e7in belli bir s\u00fcre ge\u00e7mesi gerekiyor. Bu s\u00fcre\u00e7 vatanda\u015flar\u0131m\u0131z a\u00e7\u0131s\u0131ndan s\u0131k\u0131nt\u0131 olu\u015fturabiliyor. Biz bunun fark\u0131nday\u0131z.<\/p>\n<p>Ya\u011f\u0131\u015flar\u0131n etkisinin azalmas\u0131yla birlikte \u015fehrimizin d\u00f6rt bir yan\u0131nda bak\u0131m ve onar\u0131m \u00e7al\u0131\u015fmalar\u0131m\u0131za h\u0131z verdik. Belediyemizin ekonomik durumu g\u00fc\u00e7l\u00fc, ekiplerimiz haz\u0131r, malzeme teminimiz tamamland\u0131 ve gerekli ihaleler yap\u0131ld\u0131. Yaz sezonu \u00f6ncesinde olu\u015fan bu tahribatlar\u0131 tamamen ortadan kald\u0131rmak i\u00e7in \u00e7al\u0131\u015fma program\u0131m\u0131z\u0131 olu\u015fturduk ve d\u00f6rt bir koldan sahaday\u0131z. Ramazan Bayram\u0131\u2019na kadar ana arterlerdeki \u00e7al\u0131\u015fmalar tamamlanacak, May\u0131s ay\u0131 sonuna kadar ise altyap\u0131 \u00e7al\u0131\u015fmalar\u0131 nedeniyle bozulan hi\u00e7bir yol Edremit\u2019imizde kalmayacak\u201d dedi.<\/p>\n<p>\u00a0<\/p>\n<p>\u00a0<\/p>\n<p>Kaynak: (BYZHA) Beyaz Haber Ajans\u0131<\/p>\n","protected":false},"excerpt":{"rendered":"<p>Edremit Belediye Ba\u015fkan\u0131 Mehmet Erta\u015f, il\u00e7e genelinde devam eden yol yap\u0131m ve onar\u0131m \u00e7al\u0131\u015fmalar\u0131n\u0131 yerinde inceledi.<\/p>\n","protected":false},"author":1,"featured_media":41986,"comment_status":"open","ping_status":"open","sticky":false,"template":"","format":"standard","meta":{"footnotes":""},"categories":[4],"tags":[],"class_list":["post-41985","post","type-post","status-publish","format-standard","has-post-thumbnail","hentry","category-gundem"],"_links":{"self":[{"href":"https:\/\/bihavadis.com\/index.php\/wp-json\/wp\/v2\/posts\/41985","targetHints":{"allow":["GET"]}}],"collection":[{"href":"https:\/\/bihavadis.com\/index.php\/wp-json\/wp\/v2\/posts"}],"about":[{"href":"https:\/\/bihavadis.com\/index.php\/wp-json\/wp\/v2\/types\/post"}],"author":[{"embeddable":true,"href":"https:\/\/bihavadis.com\/index.php\/wp-json\/wp\/v2\/users\/1"}],"replies":[{"embeddable":true,"href":"https:\/\/bihavadis.com\/index.php\/wp-json\/wp\/v2\/comments?post=41985"}],"version-history":[{"count":1,"href":"https:\/\/bihavadis.com\/index.php\/wp-json\/wp\/v2\/posts\/41985\/revisions"}],"predecessor-version":[{"id":41987,"href":"https:\/\/bihavadis.com\/index.php\/wp-json\/wp\/v2\/posts\/41985\/revisions\/41987"}],"wp:featuredmedia":[{"embeddable":true,"href":"https:\/\/bihavadis.com\/index.php\/wp-json\/wp\/v2\/media\/41986"}],"wp:attachment":[{"href":"https:\/\/bihavadis.com\/index.php\/wp-json\/wp\/v2\/media?parent=41985"}],"wp:term":[{"taxonomy":"category","embeddable":true,"href":"https:\/\/bihavadis.com\/index.php\/wp-json\/wp\/v2\/categories?post=41985"},{"taxonomy":"post_tag","embeddable":true,"href":"https:\/\/bihavadis.com\/index.php\/wp-json\/wp\/v2\/tags?post=41985"}],"curies":[{"name":"wp","href":"https:\/\/api.w.org\/{rel}","templated":true}]}}