{"id":42083,"date":"2026-02-22T17:24:42","date_gmt":"2026-02-22T17:24:42","guid":{"rendered":"https:\/\/bihavadis.com\/?p=42083"},"modified":"2026-02-22T17:24:42","modified_gmt":"2026-02-22T17:24:42","slug":"edirnede-aile-faciasi-esini-ve-oglunu-olduren-adam-yargilaniyor","status":"publish","type":"post","link":"https:\/\/bihavadis.com\/index.php\/2026\/02\/22\/edirnede-aile-faciasi-esini-ve-oglunu-olduren-adam-yargilaniyor\/","title":{"rendered":"Edirne&#8217;de Aile Facias\u0131: E\u015fini ve O\u011flunu \u00d6ld\u00fcren Adam Yarg\u0131lan\u0131yor"},"content":{"rendered":"<p>\n<p>ED\u0130RNE&#8217;de, tart\u0131\u015ft\u0131\u011f\u0131 e\u015fi Didem \u00d6rs Alac\u0131 (38) ile o\u011fullar\u0131 Doruk Kaan Alac\u0131&#8217;y\u0131 (9) bo\u011fup, ard\u0131ndan b\u0131\u00e7akla intihara kalk\u0131\u015fan \u00d6mer G\u00f6khan Alac\u0131&#8217;n\u0131n 2 kez a\u011f\u0131rla\u015ft\u0131r\u0131lm\u0131\u015f m\u00fcebbet hapis cezas\u0131 istemiyle yarg\u0131lanmas\u0131na ba\u015fland\u0131. Alac\u0131&#8217;n\u0131n, e\u015fi ve o\u011flunu \u00f6ld\u00fcrd\u00fckten sonra zemine kanla &#8216;Beni affedin&#8217; yazd\u0131\u011f\u0131 ortaya \u00e7\u0131kt\u0131.<\/p>\n<p>Olay, 4 A\u011fustos 2025&#8217;te Cumhuriyet Mahallesi 3043&#8217;\u00fcnc\u00fc Sokak&#8217;taki bir apartmanda meydana geldi. Muhasebecilik yapan \u00d6mer G\u00f6khan Alac\u0131, \u00e7a\u011fr\u0131 merkezinde \u00e7al\u0131\u015fan e\u015fi Didem \u00d6rs Alac\u0131 ile maddi sorunlar nedeniyle tart\u0131\u015fma ya\u015fad\u0131. Evde \u00e7\u0131kan tart\u0131\u015fmada \u00d6mer G\u00f6khan Alac\u0131, \u00f6nce e\u015fini ard\u0131ndan da o\u011flu Doruk Kaan Alac\u0131&#8217;y\u0131 bo\u011fdu. Ertesi sabah, anne Meliha \u00d6rs, k\u0131z\u0131 Didem&#8217;i ak\u015fam yeme\u011fine davet etmek i\u00e7in telefonla arad\u0131 ancak ula\u015famad\u0131. Daha sonra damad\u0131n\u0131 arayan \u00d6rs, k\u0131z\u0131na ula\u015famad\u0131\u011f\u0131n\u0131 belirterek, onunla konu\u015fmak istedi\u011fini s\u00f6yledi. E\u015fi ve \u00e7ocu\u011funun uyudu\u011funu s\u00f6yleyen \u00d6mer G\u00f6khan Alac\u0131, telefonu kapatt\u0131. K\u0131zlar\u0131na ula\u015famayan aile, durumu 112 Acil \u00c7a\u011fr\u0131 Merkezi&#8217;ne bildirdi, adrese polis, sa\u011fl\u0131k ve itfaiye ekipleri sevk edildi. Ekipler girdikleri evde Didem \u00d6rs Alac\u0131 ile o\u011flu Doruk Kaan Alac\u0131&#8217;n\u0131n cans\u0131z bedeniyle bileklerinde b\u0131\u00e7akla kesik izleri bulunan \u00d6mer G\u00f6khan Alac\u0131&#8217;y\u0131 yaral\u0131 halde buldu. Alac\u0131, Trakya \u00dcniversitesi T\u0131p Fak\u00fcltesi Hastanesi&#8217;ne kald\u0131r\u0131l\u0131p tedaviye al\u0131nd\u0131.<\/p>\n<p>YASA DI\u015eI BAH\u0130S<\/p>\n<p> Edirne Cumhuriyet Ba\u015fsavc\u0131l\u0131\u011f\u0131 taraf\u0131ndan haz\u0131rlanan iddianamede, \u00d6mer G\u00f6khan Alac\u0131 hakk\u0131nda &#8216;Canavarca hisle kasten \u00f6ld\u00fcrme&#8217; su\u00e7undan 2 kez a\u011f\u0131rla\u015ft\u0131r\u0131lm\u0131\u015f m\u00fcebbet hapis istendi. \u0130ddianamede olay yerinde, \u00fczerinde kan lekeleri bulunan 1 fal\u00e7ata ve 1 sap k\u0131sm\u0131 siyah renkli b\u0131\u00e7ak ve bunlar\u0131n yan\u0131nda zemine kanla yaz\u0131lan &#8216;Beni affedin&#8217; \u015feklinde yaz\u0131 bulundu\u011funa yer verildi. \u00d6te yandan \u00d6mer G\u00f6khan Alac\u0131&#8217;n\u0131n yasa d\u0131\u015f\u0131 kumar sitesinde o\u011flunun Doruk Kaan&#8217;\u0131n ad\u0131yla &#8216;Kaan6722&#8217; rumuzlu hesap a\u00e7t\u0131\u011f\u0131 da ifade edildi.<\/p>\n<p>YARGILAMA BA\u015eLADI<\/p>\n<p>San\u0131k Alac\u0131&#8217;n\u0131n yarg\u0131lanmas\u0131na bug\u00fcn Edirne 2&#8217;nci A\u011f\u0131r Ceza Mahkemesi&#8217;nde ba\u015fland\u0131. San\u0131k \u00d6mer G\u00f6khan Alac\u0131, sa\u011fl\u0131k problemleri dolay\u0131s\u0131yla hastaneye kald\u0131r\u0131ld\u0131\u011f\u0131 i\u00e7in duru\u015fmaya kat\u0131lamazken, Didem \u00d6rs Alac\u0131&#8217;n\u0131n annesi Meliha ve babas\u0131 Ahmet \u00d6rs ile taraf avukatlar\u0131 kat\u0131ld\u0131. Mahkemede s\u00f6z alan Ahmet \u00d6rs, damad\u0131n\u0131n kendisine kar\u015f\u0131 hi\u00e7bir sayg\u0131s\u0131zl\u0131\u011f\u0131 olmad\u0131\u011f\u0131n\u0131 belirterek, maddi a\u00e7\u0131dan bir sorunlar\u0131 varsa da bunlar\u0131 kendilerine yans\u0131tmad\u0131\u011f\u0131n\u0131 belirtti. \u00d6rs, olaydan \u00f6nceki gece olay\u0131n ya\u015fand\u0131\u011f\u0131 evde birlikte oturduklar\u0131n\u0131 ve torunu Doruk Kaan&#8217;\u0131n okul durumunu ve ailevi baz\u0131 meseleleri konu\u015ftuklar\u0131n\u0131 anlatt\u0131. Ertesi sabah olay\u0131n ard\u0131ndan eve ilk girenlerden birisi oldu\u011funu s\u00f6yleyen \u00d6rs, Alac\u0131&#8217;n\u0131n bedeninin yan\u0131nda kan ile &#8216;Beni affedin&#8217; yaz\u0131s\u0131 g\u00f6rd\u00fc\u011f\u00fcn\u00fc s\u00f6yledi.<\/p>\n<p>ABLASINA &#8216;D\u0130DEM \u0130LA\u00c7 ALDI, UYUYOR&#8217; MESAJI ATMI\u015e<\/p>\n<p>Didem \u00d6rs Alac\u0131&#8217;n\u0131n ablas\u0131 Duygu \u00d6zpelvan da olay\u0131n ya\u015fand\u0131\u011f\u0131 g\u00fcn k\u0131z karde\u015finin kendisine kahvalt\u0131ya gelece\u011fini, gelmedi\u011fi i\u00e7in defalarca telefonla aray\u0131p mesaj att\u0131\u011f\u0131n\u0131 s\u00f6yledi. \u00d6zpelvan, defalarca ula\u015fmaya \u00e7al\u0131\u015ft\u0131\u011f\u0131n\u0131, \u00d6mer G\u00f6khan Alac\u0131&#8217;n\u0131n kendisine, &#8216;Didem ila\u00e7lar\u0131n\u0131 i\u00e7ti, uyuyor. Sana \u00f6\u011fleden sonra gelecek&#8217; \u015feklinde mesaj att\u0131\u011f\u0131n\u0131 kaydetti. Mahkeme, san\u0131k Alac\u0131&#8217;n\u0131n ifadesinin al\u0131namamas\u0131 nedeniyle duru\u015fmay\u0131 3 Nisan&#8217;a erteledi.<\/p>\n<p>&#8216;D\u0130DEM VE DORUK \u0130\u00c7\u0130N HER \u015eEY\u0130 YAPACA\u011eIZ&#8217;<\/p>\n<p>Duru\u015fma sonras\u0131 konu\u015fan ailenin avukat\u0131 Erdi Ertek, &#8220;San\u0131k hastaneye gitme bahanesiyle kat\u0131lmad\u0131. Bekliyoruz, bir sonraki celse 3 Nisan&#8217;da. Biz yine burada olaca\u011f\u0131z, Didem ve Doruk i\u00e7in sonuna kadar her \u015feyi yapaca\u011f\u0131z. San\u0131\u011f\u0131n bu celse ka\u00e7m\u0131\u015f olmas\u0131, sonuna kadar ka\u00e7aca\u011f\u0131 anlam\u0131na gelmiyor. Elbet en a\u011f\u0131r \u015fekilde cezaland\u0131r\u0131lmas\u0131n\u0131 sa\u011flayaca\u011f\u0131z&#8221; diye konu\u015ftu. <\/p>\n","protected":false},"excerpt":{"rendered":"<p>Edirne&#8217;de, \u00d6mer G\u00f6khan Alac\u0131 e\u015fi ve o\u011flunu \u00f6ld\u00fcrd\u00fckten sonra intihar giri\u015fiminde bulundu. Yarg\u0131lanmas\u0131 ba\u015flad\u0131.<\/p>\n","protected":false},"author":1,"featured_media":42084,"comment_status":"open","ping_status":"open","sticky":false,"template":"","format":"standard","meta":{"footnotes":""},"categories":[9,4,13],"tags":[1236,5804,256,3447],"class_list":["post-42083","post","type-post","status-publish","format-standard","has-post-thumbnail","hentry","category-genel","category-gundem","category-son-dakika","tag-didem","tag-didem-ors-alaci","tag-olay","tag-ors"],"_links":{"self":[{"href":"https:\/\/bihavadis.com\/index.php\/wp-json\/wp\/v2\/posts\/42083","targetHints":{"allow":["GET"]}}],"collection":[{"href":"https:\/\/bihavadis.com\/index.php\/wp-json\/wp\/v2\/posts"}],"about":[{"href":"https:\/\/bihavadis.com\/index.php\/wp-json\/wp\/v2\/types\/post"}],"author":[{"embeddable":true,"href":"https:\/\/bihavadis.com\/index.php\/wp-json\/wp\/v2\/users\/1"}],"replies":[{"embeddable":true,"href":"https:\/\/bihavadis.com\/index.php\/wp-json\/wp\/v2\/comments?post=42083"}],"version-history":[{"count":1,"href":"https:\/\/bihavadis.com\/index.php\/wp-json\/wp\/v2\/posts\/42083\/revisions"}],"predecessor-version":[{"id":42085,"href":"https:\/\/bihavadis.com\/index.php\/wp-json\/wp\/v2\/posts\/42083\/revisions\/42085"}],"wp:featuredmedia":[{"embeddable":true,"href":"https:\/\/bihavadis.com\/index.php\/wp-json\/wp\/v2\/media\/42084"}],"wp:attachment":[{"href":"https:\/\/bihavadis.com\/index.php\/wp-json\/wp\/v2\/media?parent=42083"}],"wp:term":[{"taxonomy":"category","embeddable":true,"href":"https:\/\/bihavadis.com\/index.php\/wp-json\/wp\/v2\/categories?post=42083"},{"taxonomy":"post_tag","embeddable":true,"href":"https:\/\/bihavadis.com\/index.php\/wp-json\/wp\/v2\/tags?post=42083"}],"curies":[{"name":"wp","href":"https:\/\/api.w.org\/{rel}","templated":true}]}}