{"id":42105,"date":"2026-02-22T17:42:38","date_gmt":"2026-02-22T17:42:38","guid":{"rendered":"https:\/\/bihavadis.com\/?p=42105"},"modified":"2026-02-22T17:42:38","modified_gmt":"2026-02-22T17:42:38","slug":"colakbayrakdar-iscilerle-bulustu","status":"publish","type":"post","link":"https:\/\/bihavadis.com\/index.php\/2026\/02\/22\/colakbayrakdar-iscilerle-bulustu\/","title":{"rendered":"\u00c7olakbayrakdar \u0130\u015f\u00e7ilerle Bulu\u015ftu"},"content":{"rendered":"<p> Kocasinan Belediye Ba\u015fkan\u0131 Ahmet \u00c7olakbayrakdar, Hizmet-\u0130\u015f Sendikas\u0131 ile imzalanan toplu i\u015f s\u00f6zle\u015fmesinin ard\u0131ndan belediye i\u015f\u00e7ileriyle bir araya geldi.<\/p>\n<p>Belediyeden yap\u0131lan yaz\u0131l\u0131 a\u00e7\u0131klamaya g\u00f6re, Kocasinan Belediyesi at\u00f6lyesindeki bulu\u015fmada, \u00c7olakbayrakdar, i\u015f\u00e7ilerin yo\u011fun ilgisiyle kar\u015f\u0131la\u015ft\u0131.<\/p>\n<p>\u00c7olakbayrakdar, i\u015f\u00e7iler taraf\u0131ndan me\u015faleler ve &#8220;en b\u00fcy\u00fck ba\u015fkan bizim ba\u015fkan&#8221; sloganlar\u0131yla kar\u015f\u0131land\u0131.<\/p>\n<p>Belediye ba\u015fkanlar\u0131n\u0131n vatanda\u015f\u0131n emaneti olan bir g\u00f6revi yerine getirdi\u011fini, belediye \u00e7al\u0131\u015fanlar\u0131n\u0131n da ayn\u0131 emanete hizmet etti\u011fini ifade eden \u00c7olakbayrakdar, belediyecili\u011fin gecesi g\u00fcnd\u00fcz\u00fc olmad\u0131\u011f\u0131n\u0131, 7 g\u00fcn 24 saat hizmetin s\u00fcrd\u00fc\u011f\u00fcn\u00fc belirtti.<\/p>\n<p>Kocasinan, Melikgazi, Talas ve B\u00fcy\u00fck\u015fehir Belediyesi ile uyum i\u00e7inde y\u00fcr\u00fct\u00fclen s\u00f6zle\u015fme s\u00fcrecinin Kayseri&#8217;de \u00f6rnek bir i\u015f bar\u0131\u015f\u0131 olu\u015fturdu\u011funu ifade eden \u00c7olakbayrakdar, toplu i\u015f s\u00f6zle\u015fmesi ile \u00e7al\u0131\u015fanlar\u0131n maa\u015flar\u0131nda ve sosyal haklar\u0131nda \u00f6nemli iyile\u015ftirmeler yap\u0131ld\u0131\u011f\u0131n\u0131, 52 yevmiye hakk\u0131n\u0131n bu s\u00f6zle\u015fme ile hayata ge\u00e7irildi\u011fini kaydetti.<\/p>\n<p>\u00c7olakbayrakdar, s\u00f6zle\u015fmenin hay\u0131rl\u0131 olmas\u0131n\u0131 diledi.<\/p>\n","protected":false},"excerpt":{"rendered":"<p>Kocasinan Belediyesi i\u015f\u00e7ileriyle yap\u0131lan toplant\u0131da toplu i\u015f s\u00f6zle\u015fmesi ile iyile\u015ftirmeler duyuruldu.<\/p>\n","protected":false},"author":1,"featured_media":42106,"comment_status":"open","ping_status":"open","sticky":false,"template":"","format":"standard","meta":{"footnotes":""},"categories":[9,4,13],"tags":[372,395,2754],"class_list":["post-42105","post","type-post","status-publish","format-standard","has-post-thumbnail","hentry","category-genel","category-gundem","category-son-dakika","tag-belediye","tag-is","tag-sozlesme"],"_links":{"self":[{"href":"https:\/\/bihavadis.com\/index.php\/wp-json\/wp\/v2\/posts\/42105","targetHints":{"allow":["GET"]}}],"collection":[{"href":"https:\/\/bihavadis.com\/index.php\/wp-json\/wp\/v2\/posts"}],"about":[{"href":"https:\/\/bihavadis.com\/index.php\/wp-json\/wp\/v2\/types\/post"}],"author":[{"embeddable":true,"href":"https:\/\/bihavadis.com\/index.php\/wp-json\/wp\/v2\/users\/1"}],"replies":[{"embeddable":true,"href":"https:\/\/bihavadis.com\/index.php\/wp-json\/wp\/v2\/comments?post=42105"}],"version-history":[{"count":1,"href":"https:\/\/bihavadis.com\/index.php\/wp-json\/wp\/v2\/posts\/42105\/revisions"}],"predecessor-version":[{"id":42107,"href":"https:\/\/bihavadis.com\/index.php\/wp-json\/wp\/v2\/posts\/42105\/revisions\/42107"}],"wp:featuredmedia":[{"embeddable":true,"href":"https:\/\/bihavadis.com\/index.php\/wp-json\/wp\/v2\/media\/42106"}],"wp:attachment":[{"href":"https:\/\/bihavadis.com\/index.php\/wp-json\/wp\/v2\/media?parent=42105"}],"wp:term":[{"taxonomy":"category","embeddable":true,"href":"https:\/\/bihavadis.com\/index.php\/wp-json\/wp\/v2\/categories?post=42105"},{"taxonomy":"post_tag","embeddable":true,"href":"https:\/\/bihavadis.com\/index.php\/wp-json\/wp\/v2\/tags?post=42105"}],"curies":[{"name":"wp","href":"https:\/\/api.w.org\/{rel}","templated":true}]}}