{"id":42108,"date":"2026-02-22T17:45:05","date_gmt":"2026-02-22T17:45:05","guid":{"rendered":"https:\/\/bihavadis.com\/?p=42108"},"modified":"2026-02-22T17:45:05","modified_gmt":"2026-02-22T17:45:05","slug":"bayraklida-gonuller-ayni-sofrada-bulustu","status":"publish","type":"post","link":"https:\/\/bihavadis.com\/index.php\/2026\/02\/22\/bayraklida-gonuller-ayni-sofrada-bulustu\/","title":{"rendered":"Bayrakl\u0131&#8217;da g\u00f6n\u00fcller ayn\u0131 sofrada bulu\u015ftu"},"content":{"rendered":"<p>\u0130zmir B\u00fcy\u00fck\u015fehir Belediyesi\u2019nin 30 il\u00e7eyi kapsayan iftar programlar\u0131n\u0131n ikincisi Bayrakl\u0131\u2019da yap\u0131ld\u0131. Ba\u015fkan Dr. Cemil Tugay, ramazan\u0131n birlik, sab\u0131r ve bereket ay\u0131 oldu\u011funu belirterek, t\u00fcm \u0130zmir i\u00e7in g\u00fczel bir gelecek diledi.<br \/>\u00a0<br \/>\u0130zmir B\u00fcy\u00fck\u015fehir Belediyesi\u2019nin ramazan ay\u0131nda dayan\u0131\u015fma ve bereketi kente yaymak amac\u0131yla d\u00fczenledi\u011fi iftar program\u0131 ikinci g\u00fcn\u00fcnde Bayrakl\u0131\u2019da s\u00fcrd\u00fc. Gaziemir\u2019in ard\u0131ndan Bayrakl\u0131 Org. Nafiz G\u00fcrman Kapal\u0131 Pazaryeri\u2019nde kurulan sofralarda 2 bin 500 ki\u015fiye yemek da\u011f\u0131t\u0131ld\u0131. Programa \u0130zmir B\u00fcy\u00fck\u015fehir Belediye Ba\u015fkan\u0131 Dr. Cemil Tugay\u2019\u0131n yan\u0131 s\u0131ra CHP \u0130zmir \u0130l Ba\u015fkan\u0131 \u00c7a\u011fatay G\u00fc\u00e7, Bayrakl\u0131 Belediye Ba\u015fkan\u0131 \u0130rfan \u00d6nal, belediye b\u00fcrokratlar\u0131, parti y\u00f6neticileri, meclis \u00fcyeleri, muhtarlar ve yurtta\u015flar kat\u0131ld\u0131.<br \/>\u00a0<br \/><strong>Gen\u00e7lere ve \u00e7ocuklara mesaj<\/strong><br \/>\u0130ftar alan\u0131nda Ba\u015fkan Tugay\u2019a vatanda\u015flar yo\u011fun ilgi g\u00f6sterdi. Mahalle sakinlerinin talep ve \u00f6nerilerini dinleyen Tugay, yurtta\u015flarla sohbet etti, \u00e7ocuklarla ilgilendi ve gen\u00e7lerle \u00f6z\u00e7ekim yapt\u0131. \u0130ftar bulu\u015fmas\u0131nda konu\u015fan Tugay, Bayrakl\u0131l\u0131lar\u0131n ramazan\u0131n\u0131 kutlayarak oru\u00e7 ve ibadetlerin kabul olmas\u0131n\u0131 diledi. Ramazan\u0131n birlik, beraberlik, sab\u0131r ve bereket ay\u0131 oldu\u011funu vurgulayan Tugay, bu g\u00fczelliklerin t\u00fcm \u0130zmir\u2019e ve \u00fclkeye yay\u0131lmas\u0131n\u0131 temenni etti. \u00c7ocuklar ve gen\u00e7ler i\u00e7in daha g\u00fczel bir gelecek hedefiyle \u00e7al\u0131\u015fmaya devam edeceklerini belirten Tugay, \u201cSizlerle birlikte olduk\u00e7a daha g\u00fc\u00e7l\u00fc olaca\u011f\u0131z\u201d dedi.<br \/><strong>\u00a0<br \/>Ba\u015fkan Tugay\u2019a te\u015fekk\u00fcr<\/strong><br \/>Bayrakl\u0131 Belediye Ba\u015fkan\u0131 \u00d6nal ise, \u201cBu m\u00fcbarek ramazan ay\u0131nda dayan\u0131\u015fmay\u0131 art\u0131rmak \u00fczere sizlerle birlikteyiz. Bu sofray\u0131 bizlerle payla\u015fan B\u00fcy\u00fck\u015fehir Belediye Ba\u015fkan\u0131m\u0131za te\u015fekk\u00fcr ediyorum\u201d dedi.<br \/>\u00a0<br \/><strong>\u0130l\u00e7e il\u00e7e iftar program\u0131<\/strong><br \/>\u0130zmir B\u00fcy\u00fck\u015fehir Belediyesinin iftar sofras\u0131 21 \u015eubat\u2019ta Bay\u0131nd\u0131r Kapal\u0131 Pazaryeri\u2019nde olacak. Program 22 \u015eubat\u2019ta Tire Hangar Kapal\u0131 Tren \u0130stasyonu\u2019nda, 23 \u015eubat\u2019ta Buca Koza\u011fa\u00e7 Kapal\u0131 Pazaryeri\u2019nde, 24 \u015eubat\u2019ta Menderes Kapal\u0131 Pazaryeri\u2019nde ve 25 \u015eubat\u2019ta Torbal\u0131 Ayranc\u0131lar Kapal\u0131 Pazaryeri\u2019nde devam edecek. 26 \u015eubat\u2019ta Kar\u015f\u0131yaka Volkan Vedat Akay Park\u0131\u2019nda (Alaybey \u0130ZBAN yan\u0131), 27 \u015eubat\u2019ta Bornova Do\u011fanlar Kapal\u0131 Pazaryeri\u2019nde, 28 \u015eubat\u2019ta \u00d6demi\u015f Belediyesi Nikah ve Kongre Salonu\u2019nda iftar sofralar\u0131 kurulacak. Mart ay\u0131 program\u0131 ise 1 Mart\u2019ta \u00c7i\u011fli Evka-2 Kapal\u0131 Pazaryeri\u2019nde, 2 Mart\u2019ta Bal\u00e7ova Teleferik Kapal\u0131 Pazaryeri ve Narl\u0131dere Kapal\u0131 Pazaryeri\u2019nde, 3 Mart\u2019ta G\u00fczelbah\u00e7e Belediye D\u00fc\u011f\u00fcn Salonu\u2019nda s\u00fcrecek. 4 Mart\u2019ta Fo\u00e7a Yeni Fo\u00e7a \u00c7ok Ama\u00e7l\u0131 Spor Salonu\u2019nda, 5 Mart\u2019ta Kiraz Cem Yazan Kapal\u0131 Pazaryeri\u2019nde, 6 Mart\u2019ta Beyda\u011f 2 Eyl\u00fcl Kurtulu\u015f Park\u0131\u2019nda, 7 Mart\u2019ta Seferihisar Kapal\u0131 Pazaryeri\u2019nde, 8 Mart\u2019ta Menemen Cumhuriyet Meydan\u0131\u2019nda, 9 Mart\u2019ta Sel\u00e7uk A\u00e7\u0131k Pazaryeri (T\u00fcrkmen Pazar Alan\u0131)\u2019nda iftar verilecek. Program 10 Mart\u2019ta Konak Kemeralt\u0131 Milli K\u00fct\u00fcphane Caddesi\u2019nde, 11 Mart\u2019ta Kemalpa\u015fa Rekreasyon Alan\u0131\u2019nda, 12 Mart\u2019ta K\u0131n\u0131k Cumhuriyet Meydan\u0131\u2019nda, 13 Mart\u2019ta Dikili Atat\u00fcrk Meydan\u0131\u2019nda, 14 Mart\u2019ta Bergama Cumhuriyet Meydan\u0131\u2019nda, 15 Mart\u2019ta Alia\u011fa Demokrasi Meydan\u0131\u2019nda devam edecek. \u0130ftar sofralar\u0131 16 Mart\u2019ta Karaba\u011flar Vatan Kapal\u0131 Pazaryeri\u2019nde, 17 Mart\u2019ta Karaburun Mordo\u011fan Merkez\u2019de, 18 Mart\u2019ta \u00c7e\u015fme Meydan\u2019da ve 19 Mart\u2019ta Urla Meydan\u2019da kurulacak.<\/p>\n<p>\u00a0<\/p>\n<p>Kaynak: (BYZHA) Beyaz Haber Ajans\u0131<\/p>\n","protected":false},"excerpt":{"rendered":"<p>\u0130zmir B\u00fcy\u00fck\u015fehir Belediyesi\u2019nin 30 il\u00e7eyi kapsayan iftar programlar\u0131n\u0131n ikincisi Bayrakl\u0131\u2019da yap\u0131ld\u0131.<\/p>\n","protected":false},"author":1,"featured_media":42109,"comment_status":"open","ping_status":"open","sticky":false,"template":"","format":"standard","meta":{"footnotes":""},"categories":[4],"tags":[516,675,3084,2127,2931],"class_list":["post-42108","post","type-post","status-publish","format-standard","has-post-thumbnail","hentry","category-gundem","tag-baskan","tag-iftar","tag-mart","tag-program","tag-subatta"],"_links":{"self":[{"href":"https:\/\/bihavadis.com\/index.php\/wp-json\/wp\/v2\/posts\/42108","targetHints":{"allow":["GET"]}}],"collection":[{"href":"https:\/\/bihavadis.com\/index.php\/wp-json\/wp\/v2\/posts"}],"about":[{"href":"https:\/\/bihavadis.com\/index.php\/wp-json\/wp\/v2\/types\/post"}],"author":[{"embeddable":true,"href":"https:\/\/bihavadis.com\/index.php\/wp-json\/wp\/v2\/users\/1"}],"replies":[{"embeddable":true,"href":"https:\/\/bihavadis.com\/index.php\/wp-json\/wp\/v2\/comments?post=42108"}],"version-history":[{"count":1,"href":"https:\/\/bihavadis.com\/index.php\/wp-json\/wp\/v2\/posts\/42108\/revisions"}],"predecessor-version":[{"id":42110,"href":"https:\/\/bihavadis.com\/index.php\/wp-json\/wp\/v2\/posts\/42108\/revisions\/42110"}],"wp:featuredmedia":[{"embeddable":true,"href":"https:\/\/bihavadis.com\/index.php\/wp-json\/wp\/v2\/media\/42109"}],"wp:attachment":[{"href":"https:\/\/bihavadis.com\/index.php\/wp-json\/wp\/v2\/media?parent=42108"}],"wp:term":[{"taxonomy":"category","embeddable":true,"href":"https:\/\/bihavadis.com\/index.php\/wp-json\/wp\/v2\/categories?post=42108"},{"taxonomy":"post_tag","embeddable":true,"href":"https:\/\/bihavadis.com\/index.php\/wp-json\/wp\/v2\/tags?post=42108"}],"curies":[{"name":"wp","href":"https:\/\/api.w.org\/{rel}","templated":true}]}}