{"id":42153,"date":"2026-02-22T18:15:06","date_gmt":"2026-02-22T18:15:06","guid":{"rendered":"https:\/\/bihavadis.com\/?p=42153"},"modified":"2026-02-22T18:15:06","modified_gmt":"2026-02-22T18:15:06","slug":"bornovada-kompostla-donusen-kent-tarimi","status":"publish","type":"post","link":"https:\/\/bihavadis.com\/index.php\/2026\/02\/22\/bornovada-kompostla-donusen-kent-tarimi\/","title":{"rendered":"Bornova&#8217;da kompostla d\u00f6n\u00fc\u015fen kent tar\u0131m\u0131"},"content":{"rendered":"<p>Bornova Belediyesi\u2019nin d\u00fczenledi\u011fi \u201cKendi Kompost Kovam\u0131 Yap\u0131yorum, Kendi Kompostumu \u00dcretiyorum\u201d at\u00f6lyesinde, pazar ve marangoz at\u0131klar\u0131 komposta d\u00f6n\u00fc\u015ft\u00fcr\u00fclerek d\u00f6ng\u00fcsel ekonomiye kazand\u0131r\u0131ld\u0131. Kent bostan\u0131nda \u00fcretim yapan kad\u0131nlar hem uygulamal\u0131 kompost e\u011fitimi ald\u0131 hem de su tasarrufu ve toplumsal cinsiyet e\u015fitli\u011fi konular\u0131nda bilgilendirildi. Bornova Belediye Ba\u015fkan\u0131 \u00d6mer E\u015fki, \u00e7al\u0131\u015fman\u0131n \u00e7evre bilinci ve s\u00fcrd\u00fcr\u00fclebilir kent ya\u015fam\u0131 a\u00e7\u0131s\u0131ndan \u00f6nemli bir ad\u0131m oldu\u011funu vurgulad\u0131.<\/p>\n<p>Bornova Belediyesi \u0130klim De\u011fi\u015fikli\u011fi ve S\u0131f\u0131r At\u0131k M\u00fcd\u00fcrl\u00fc\u011f\u00fc\u2019n\u00fcn y\u00fcr\u00fctt\u00fc\u011f\u00fc \u00e7al\u0131\u015fmada, kentte ortaya \u00e7\u0131kan organik at\u0131klar\u0131n d\u00f6ng\u00fcsel ekonomiye kazand\u0131r\u0131lmas\u0131 ve s\u00fcrd\u00fcr\u00fclebilir kent ya\u015fam\u0131na katk\u0131 sa\u011flanmas\u0131 hedeflendi.<\/p>\n<p><b>Kad\u0131nlar\u0131n \u00fcretimi, topra\u011f\u0131n g\u00fcc\u00fcyle bulu\u015ftu<\/b><\/p>\n<p>E\u011fitimi, Bornova Belediyesi \u0130klim De\u011fi\u015fikli\u011fi ve S\u0131f\u0131r At\u0131k M\u00fcd\u00fcr\u00fc Y\u00fcksek \u00c7evre M\u00fchendisi Fatma Mesutgil verdi. Kent bostan\u0131nda \u00fcretim yapan kad\u0131nlar, geri d\u00f6n\u00fc\u015ft\u00fcr\u00fclm\u00fc\u015f malzemelerle kendi kompost kovalar\u0131n\u0131 olu\u015ftururken, kompostun olu\u015fum s\u00fcrecini ve organik at\u0131klar\u0131n do\u011fru ayr\u0131\u015ft\u0131r\u0131lmas\u0131n\u0131 uygulamal\u0131 olarak \u00f6\u011frendi. At\u00f6lye sonunda \u00fcretilen kompostlar kent bostan\u0131nda kullan\u0131larak sebze ve bitkilerin do\u011fal y\u00f6ntemlerle beslenmesine katk\u0131 sundu.<\/p>\n<p><b>Su, toprak ve e\u015fitlik ayn\u0131 d\u00f6ng\u00fcde<\/b><\/p>\n<p>2026 D\u00fcnya Su G\u00fcn\u00fc\u2019n\u00fcn \u201cSu ve Cinsiyet E\u015fitli\u011fi\u201d temas\u0131 kapsam\u0131nda at\u00f6lyede, kompost uygulamalar\u0131n\u0131n topra\u011f\u0131n su tutma kapasitesini art\u0131rarak sulama ihtiyac\u0131n\u0131 azaltt\u0131\u011f\u0131 vurguland\u0131. Bu yakla\u015f\u0131m\u0131n hem su tasarrufu sa\u011flad\u0131\u011f\u0131 hem de kad\u0131nlar\u0131n \u00fcretim s\u00fcre\u00e7lerindeki i\u015f y\u00fck\u00fcn\u00fc hafifleten \u00f6nemli bir pratik oldu\u011fu ifade edildi.<\/p>\n<p><b>Ba\u015fkan E\u015fki: \u201cK\u00fc\u00e7\u00fck Ad\u0131mlar B\u00fcy\u00fck D\u00f6n\u00fc\u015f\u00fcmler Yarat\u0131r\u201d<\/b><\/p>\n<p>Bornova Belediye Ba\u015fkan\u0131 \u00d6mer E\u015fki, at\u00f6lyenin yaln\u0131zca bir geri d\u00f6n\u00fc\u015f\u00fcm faaliyeti olmad\u0131\u011f\u0131n\u0131 vurgulayarak, \u201cAt\u0131\u011f\u0131 kaynak olarak g\u00f6ren bu yakla\u015f\u0131m, kent tar\u0131m\u0131yla \u00e7evre bilincini bulu\u015fturuyor. Kad\u0131nlar\u0131n \u00fcretimde g\u00fc\u00e7lenmesi, suyun ve topra\u011f\u0131n korunmas\u0131yla birlikte ele al\u0131nd\u0131\u011f\u0131nda ger\u00e7ek bir s\u00fcrd\u00fcr\u00fclebilirlikten s\u00f6z edebiliriz. Bornova\u2019da k\u00fc\u00e7\u00fck ad\u0131mlarla ba\u015flayan bu d\u00f6n\u00fc\u015f\u00fcm, kent \u00f6l\u00e7e\u011finde b\u00fcy\u00fck bir \u00e7evre bilincine d\u00f6n\u00fc\u015fecek\u201d dedi.<\/p>\n<p>\u00a0<\/p>\n<p>Kaynak: (BYZHA) Beyaz Haber Ajans\u0131<\/p>\n","protected":false},"excerpt":{"rendered":"<p>Bornova Belediyesi\u2019nin d\u00fczenledi\u011fi \u201cKendi Kompost Kovam\u0131 Yap\u0131yorum, Kendi Kompostumu \u00dcretiyorum\u201d at\u00f6lyesinde, pazar ve marangoz at\u0131klar\u0131 komposta d\u00f6n\u00fc\u015ft\u00fcr\u00fclerek d\u00f6ng\u00fcsel ekonomiye kazand\u0131r\u0131ld\u0131.<\/p>\n","protected":false},"author":1,"featured_media":42154,"comment_status":"open","ping_status":"open","sticky":false,"template":"","format":"standard","meta":{"footnotes":""},"categories":[4],"tags":[2163,372,1380,4864,375],"class_list":["post-42153","post","type-post","status-publish","format-standard","has-post-thumbnail","hentry","category-gundem","tag-atik","tag-belediye","tag-kent","tag-kompost","tag-uretim"],"_links":{"self":[{"href":"https:\/\/bihavadis.com\/index.php\/wp-json\/wp\/v2\/posts\/42153","targetHints":{"allow":["GET"]}}],"collection":[{"href":"https:\/\/bihavadis.com\/index.php\/wp-json\/wp\/v2\/posts"}],"about":[{"href":"https:\/\/bihavadis.com\/index.php\/wp-json\/wp\/v2\/types\/post"}],"author":[{"embeddable":true,"href":"https:\/\/bihavadis.com\/index.php\/wp-json\/wp\/v2\/users\/1"}],"replies":[{"embeddable":true,"href":"https:\/\/bihavadis.com\/index.php\/wp-json\/wp\/v2\/comments?post=42153"}],"version-history":[{"count":1,"href":"https:\/\/bihavadis.com\/index.php\/wp-json\/wp\/v2\/posts\/42153\/revisions"}],"predecessor-version":[{"id":42155,"href":"https:\/\/bihavadis.com\/index.php\/wp-json\/wp\/v2\/posts\/42153\/revisions\/42155"}],"wp:featuredmedia":[{"embeddable":true,"href":"https:\/\/bihavadis.com\/index.php\/wp-json\/wp\/v2\/media\/42154"}],"wp:attachment":[{"href":"https:\/\/bihavadis.com\/index.php\/wp-json\/wp\/v2\/media?parent=42153"}],"wp:term":[{"taxonomy":"category","embeddable":true,"href":"https:\/\/bihavadis.com\/index.php\/wp-json\/wp\/v2\/categories?post=42153"},{"taxonomy":"post_tag","embeddable":true,"href":"https:\/\/bihavadis.com\/index.php\/wp-json\/wp\/v2\/tags?post=42153"}],"curies":[{"name":"wp","href":"https:\/\/api.w.org\/{rel}","templated":true}]}}