{"id":42188,"date":"2026-02-22T21:12:38","date_gmt":"2026-02-22T21:12:38","guid":{"rendered":"https:\/\/bihavadis.com\/?p=42188"},"modified":"2026-02-22T21:12:38","modified_gmt":"2026-02-22T21:12:38","slug":"demet-ozdemir-esref-ruya-ile-goz-doldurdu","status":"publish","type":"post","link":"https:\/\/bihavadis.com\/index.php\/2026\/02\/22\/demet-ozdemir-esref-ruya-ile-goz-doldurdu\/","title":{"rendered":"Demet \u00d6zdemir, E\u015fref R\u00fcya ile G\u00f6z Doldurdu"},"content":{"rendered":"<p>\n<p>KANAL D ekranlar\u0131nda yay\u0131nlanan ve her b\u00f6l\u00fcm\u00fcyle ad\u0131ndan s\u00f6z ettiren E\u015fref R\u00fcya dizisi, oyuncu kadrosu ve hikayesiyle izleyiciyi ekran ba\u015f\u0131na kilitlemeye devam ediyor. Dizinin ba\u015frol\u00fcnde yer alan Demet \u00d6zdemir, siyahlar i\u00e7indeki k\u0131yafetleriyle sanal medyan\u0131n g\u00f6zdesi haline geldi.<\/p>\n<p>S\u0130YAHIN ASALET\u0130<\/p>\n<p>E\u015fref R\u00fcya dizisinde Nisan karakterine hayat veren Demet \u00d6zdemir, yata\u011f\u0131n \u00fczerinde siyah tak\u0131m elbisesiyle verdi\u011fi pozlarla dikkatleri \u00fczerine \u00e7ekti. Siyah\u0131n asaletiyle kamera kar\u015f\u0131s\u0131na ge\u00e7en oyuncu, tarz\u0131yla hayranlar\u0131ndan tam not ald\u0131.<\/p>\n<p>NE\u015eES\u0130YLE G\u00d6Z DOLDURDU<\/p>\n<p>Payla\u015f\u0131mlar\u0131nda her zamanki enerjik ve ne\u015feli tavr\u0131n\u0131 koruyan \u00d6zdemir, e\u011flenceli halleriyle de be\u011feni toplad\u0131. \u015e\u0131kl\u0131\u011f\u0131 kadar do\u011fal tav\u0131rlar\u0131yla da dikkat \u00e7eken oyuncu, k\u0131sa s\u00fcrede binlerce yorum ve be\u011feni ald\u0131.<\/p>\n<p>SANAL MEDYANIN G\u00d6ZDES\u0130<\/p>\n<p>33 ya\u015f\u0131ndaki ba\u015far\u0131l\u0131 oyuncu, oyunculuk performans\u0131n\u0131n yan\u0131 s\u0131ra sosyal medya payla\u015f\u0131mlar\u0131yla da magazin g\u00fcndeminden d\u00fc\u015fm\u00fcyor. Instagram&#8217;da 17,1 milyon takip\u00e7isi bulunan Demet \u00d6zdemir, yeni karelerini sevenlerinin be\u011fenisine sundu.<\/p>\n<p>HAYRANLARINDAN B\u00dcY\u00dcK \u0130LG\u0130<\/p>\n<p>\u00d6zdemir&#8217;in siyahlar i\u00e7indeki payla\u015f\u0131m\u0131, hayranlar\u0131 taraf\u0131ndan &#8220;\u00e7ok \u015f\u0131k&#8221;, &#8220;ekrana ayr\u0131, sanal medyaya ayr\u0131 yak\u0131\u015f\u0131yor&#8221; yorumlar\u0131yla kar\u015f\u0131land\u0131.<\/p>\n<p>T\u0130MSB\u0130 imzal\u0131 E\u015fref R\u00fcya, yeni b\u00f6l\u00fcm\u00fcyle \u00e7ar\u015famba ak\u015fam\u0131 Kanal D&#8217;de.<\/p>\n","protected":false},"excerpt":{"rendered":"<p>E\u015fref R\u00fcya dizisinde siyah tak\u0131m elbisesiyle dikkat \u00e7eken Demet \u00d6zdemir, sosyal medyada ilgi g\u00f6rd\u00fc.<\/p>\n","protected":false},"author":1,"featured_media":42189,"comment_status":"open","ping_status":"open","sticky":false,"template":"","format":"standard","meta":{"footnotes":""},"categories":[1],"tags":[1728,5816],"class_list":["post-42188","post","type-post","status-publish","format-standard","has-post-thumbnail","hentry","category-uncategorized","tag-oyuncu","tag-siyah"],"_links":{"self":[{"href":"https:\/\/bihavadis.com\/index.php\/wp-json\/wp\/v2\/posts\/42188","targetHints":{"allow":["GET"]}}],"collection":[{"href":"https:\/\/bihavadis.com\/index.php\/wp-json\/wp\/v2\/posts"}],"about":[{"href":"https:\/\/bihavadis.com\/index.php\/wp-json\/wp\/v2\/types\/post"}],"author":[{"embeddable":true,"href":"https:\/\/bihavadis.com\/index.php\/wp-json\/wp\/v2\/users\/1"}],"replies":[{"embeddable":true,"href":"https:\/\/bihavadis.com\/index.php\/wp-json\/wp\/v2\/comments?post=42188"}],"version-history":[{"count":1,"href":"https:\/\/bihavadis.com\/index.php\/wp-json\/wp\/v2\/posts\/42188\/revisions"}],"predecessor-version":[{"id":42190,"href":"https:\/\/bihavadis.com\/index.php\/wp-json\/wp\/v2\/posts\/42188\/revisions\/42190"}],"wp:featuredmedia":[{"embeddable":true,"href":"https:\/\/bihavadis.com\/index.php\/wp-json\/wp\/v2\/media\/42189"}],"wp:attachment":[{"href":"https:\/\/bihavadis.com\/index.php\/wp-json\/wp\/v2\/media?parent=42188"}],"wp:term":[{"taxonomy":"category","embeddable":true,"href":"https:\/\/bihavadis.com\/index.php\/wp-json\/wp\/v2\/categories?post=42188"},{"taxonomy":"post_tag","embeddable":true,"href":"https:\/\/bihavadis.com\/index.php\/wp-json\/wp\/v2\/tags?post=42188"}],"curies":[{"name":"wp","href":"https:\/\/api.w.org\/{rel}","templated":true}]}}