{"id":42191,"date":"2026-02-22T21:15:36","date_gmt":"2026-02-22T21:15:36","guid":{"rendered":"https:\/\/bihavadis.com\/?p=42191"},"modified":"2026-02-22T21:15:36","modified_gmt":"2026-02-22T21:15:36","slug":"epstein-iddialari-ile-ilgili-ankara-cumhuriyet-bassavciligi-sorusturma-baslatti","status":"publish","type":"post","link":"https:\/\/bihavadis.com\/index.php\/2026\/02\/22\/epstein-iddialari-ile-ilgili-ankara-cumhuriyet-bassavciligi-sorusturma-baslatti\/","title":{"rendered":"Epstein iddialar\u0131 ile ilgili Ankara Cumhuriyet Ba\u015fsavc\u0131l\u0131\u011f\u0131 soru\u015fturma ba\u015flatt\u0131"},"content":{"rendered":"<p>ABD&#8217;li sap\u0131k milyarder Jeffrey Epstein&#8217;in yapt\u0131\u011f\u0131 rezilliklerle ilgili yeni belgeler g\u00fcn y\u00fcz\u00fcne \u00e7\u0131kmaya devam ederken, d\u00fcnyan\u0131n konu\u015ftu\u011fu skandalla ilgili T\u00fcrkiye iddias\u0131 ortal\u0131\u011f\u0131 kar\u0131\u015ft\u0131rd\u0131. T\u00fcrkiye&#8217;den de \u00e7ocuklar\u0131n Epstein adas\u0131na g\u00f6t\u00fcr\u00fcld\u00fc\u011f\u00fc iddia edildi.<\/p>\n<p><b>EPSTE\u0130N SKANDALINDAK\u0130 &#8220;T\u00dcRK\u0130YE&#8221; \u0130DD\u0130ASINA BA\u015eSAVCILIKTAN SORU\u015eTURMA<\/b><\/p>\n<p>Gazeteci Emrullah Erdin\u00e7&#8217;in payla\u015f\u0131m\u0131na g\u00f6re Ankara Cumhuriyet Ba\u015fsavc\u0131l\u0131\u011f\u0131 konuya ili\u015fkin harekete ge\u00e7ti. Ba\u015fsavc\u0131l\u0131k soru\u015fturma ba\u015flatt\u0131. <\/p>\n<div>\n<figure><img decoding=\"async\" src=\"https:\/\/bihavadis.com\/wp-content\/uploads\/2026\/02\/epstein-iddialari-ile-ilgili-ankara-cumhuriyet-bassavciligi-sorusturma-baslatti-0-JVibw4Au.jpg\"\/><\/figure>\n<\/div>\n<p><b>JEFFREY EPSTEIN OLAYI<\/b><\/p>\n<p>En k\u00fc\u00e7\u00fc\u011f\u00fc 14 olmak \u00fczere 18 ya\u015f alt\u0131ndaki onlarca k\u0131z \u00e7ocu\u011funa cinsel istismarda bulunmak ve fuhu\u015f a\u011f\u0131 olu\u015fturmak su\u00e7lamas\u0131yla yarg\u0131lanan Epstein, tutuklu oldu\u011fu New York Manhattan Metropolitan Merkez Hapishanesi&#8217;ndeki h\u00fccresinde 10 A\u011fustos 2019&#8217;da \u00f6l\u00fc bulunmu\u015ftu.<\/p>\n<p>A\u00e7\u0131klanan Epstein dava dosyalar\u0131nda eski Prens Andrew, ABD Ba\u015fkan\u0131 Donald Trump, eski ABD Ba\u015fkan\u0131 Bill Clinton, eski \u0130srail Ba\u015fbakan\u0131 Ehud Barak, eski ABD Ba\u015fkan Yard\u0131mc\u0131s\u0131 Al Gore, akt\u00f6r Kevin Spacey, \u015fark\u0131c\u0131 Michael Jackson, ill\u00fczyonist David Copperfield, avukat Alan Dershowitz ve eski New Mexico Valisi Bill Richardson gibi \u00fcnl\u00fc isimler yer alm\u0131\u015ft\u0131.<\/p>\n<p>ABD Federal Soru\u015fturma B\u00fcrosu (FBI) da ABD Adalet Bakanl\u0131\u011f\u0131 ile yapt\u0131\u011f\u0131 inceleme sonucunda \u00fcnl\u00fc isimlerden olu\u015fan &#8220;m\u00fc\u015fteri listesi&#8221;nin tutuldu\u011funa dair herhangi bir kan\u0131ta ula\u015f\u0131lamad\u0131\u011f\u0131n\u0131, aralar\u0131nda h\u00fck\u00fcmet yetkilileri, \u00fcnl\u00fcler ve i\u015f insanlar\u0131n\u0131n da bulundu\u011fu ki\u015filerin su\u00e7una ortak oldu\u011fu gerek\u00e7esiyle \u00f6rtbas amac\u0131yla \u00f6ld\u00fcr\u00fcld\u00fc\u011f\u00fc \u00f6ne s\u00fcr\u00fclen Epstein&#8217;in ise asl\u0131nda h\u00fccresinde intihar etti\u011fi sonucuna var\u0131ld\u0131\u011f\u0131n\u0131 a\u00e7\u0131klam\u0131\u015ft\u0131.<\/p>\n","protected":false},"excerpt":{"rendered":"<p>Epstein skandal\u0131 t\u00fcm d\u00fcnyan\u0131n bir numaral\u0131 g\u00fcndem maddesi haline gelirken, Ankara Cumhuriyet Ba\u015fsavc\u0131l\u0131\u011f\u0131 da harekete ge\u00e7ti. Ba\u015fsavc\u0131l\u0131\u011f\u0131n, T\u00fcrkiye&#8217;den \u00e7ocuklar\u0131n Epstein adas\u0131na g\u00f6t\u00fcr\u00fcld\u00fc\u011f\u00fc iddialar\u0131na ili\u015fkin soru\u015fturma ba\u015flatt\u0131\u011f\u0131 \u00f6\u011frenildi.<\/p>\n","protected":false},"author":1,"featured_media":42192,"comment_status":"open","ping_status":"open","sticky":false,"template":"","format":"standard","meta":{"footnotes":""},"categories":[6],"tags":[272,2183,1123],"class_list":["post-42191","post","type-post","status-publish","format-standard","has-post-thumbnail","hentry","category-dunya","tag-abd","tag-epstein","tag-eski"],"_links":{"self":[{"href":"https:\/\/bihavadis.com\/index.php\/wp-json\/wp\/v2\/posts\/42191","targetHints":{"allow":["GET"]}}],"collection":[{"href":"https:\/\/bihavadis.com\/index.php\/wp-json\/wp\/v2\/posts"}],"about":[{"href":"https:\/\/bihavadis.com\/index.php\/wp-json\/wp\/v2\/types\/post"}],"author":[{"embeddable":true,"href":"https:\/\/bihavadis.com\/index.php\/wp-json\/wp\/v2\/users\/1"}],"replies":[{"embeddable":true,"href":"https:\/\/bihavadis.com\/index.php\/wp-json\/wp\/v2\/comments?post=42191"}],"version-history":[{"count":1,"href":"https:\/\/bihavadis.com\/index.php\/wp-json\/wp\/v2\/posts\/42191\/revisions"}],"predecessor-version":[{"id":42194,"href":"https:\/\/bihavadis.com\/index.php\/wp-json\/wp\/v2\/posts\/42191\/revisions\/42194"}],"wp:featuredmedia":[{"embeddable":true,"href":"https:\/\/bihavadis.com\/index.php\/wp-json\/wp\/v2\/media\/42192"}],"wp:attachment":[{"href":"https:\/\/bihavadis.com\/index.php\/wp-json\/wp\/v2\/media?parent=42191"}],"wp:term":[{"taxonomy":"category","embeddable":true,"href":"https:\/\/bihavadis.com\/index.php\/wp-json\/wp\/v2\/categories?post=42191"},{"taxonomy":"post_tag","embeddable":true,"href":"https:\/\/bihavadis.com\/index.php\/wp-json\/wp\/v2\/tags?post=42191"}],"curies":[{"name":"wp","href":"https:\/\/api.w.org\/{rel}","templated":true}]}}