{"id":42209,"date":"2026-02-22T21:24:08","date_gmt":"2026-02-22T21:24:08","guid":{"rendered":"https:\/\/bihavadis.com\/?p=42209"},"modified":"2026-02-22T21:24:08","modified_gmt":"2026-02-22T21:24:08","slug":"vali-celik-yuksekovadaki-projeleri-inceledi","status":"publish","type":"post","link":"https:\/\/bihavadis.com\/index.php\/2026\/02\/22\/vali-celik-yuksekovadaki-projeleri-inceledi\/","title":{"rendered":"Vali \u00c7elik Y\u00fcksekova&#8217;daki Projeleri \u0130nceledi"},"content":{"rendered":"<p>Hakkari Valisi ve Belediye Ba\u015fkan Vekili Ali \u00c7elik, Y\u00fcksekova il\u00e7esinde \u00f6\u011frencilerin haz\u0131rlad\u0131\u011f\u0131 projeleri inceledi.<\/p>\n<p>Vali \u00c7elik, Y\u00fcksekova&#8217;da Mehmet Akif Ersoy Anadolu \u0130mam Hatip Lisesi&#8217;ni ziyaret etti.<\/p>\n<p>Bezoar Robotik Tak\u0131m\u0131 \u00f6\u011frencilerinin haz\u0131rlad\u0131\u011f\u0131 projeleri inceleyen \u00c7elik, y\u00fcr\u00fct\u00fclen \u00e7al\u0131\u015fmalar hakk\u0131nda bilgi ald\u0131.<\/p>\n<p>\u00d6\u011frencileri tebrik eden \u00c7elik, bu t\u00fcr bilimsel ve teknolojik faaliyetleri desteklemeye devam edeceklerini s\u00f6yledi.<\/p>\n<p>Foto\u011fraf\u00e7\u0131l\u0131k at\u00f6lyesini de ziyaret eden \u00c7elik, \u00f6\u011frencilerle sohbet etti, \u00e7al\u0131\u015fmalar\u0131n\u0131 inceledi.<\/p>\n<p>\u00c7elik&#8217;e ziyaretinde, Kaymakam Mustafa Ak\u0131n, \u0130l Milli E\u011fitim M\u00fcd\u00fcr\u00fc Nurettin Y\u0131lmaz ve \u0130l\u00e7e Milli E\u011fitim M\u00fcd\u00fcr\u00fc Kadir \u00c7etin e\u015flik etti.<\/p>\n","protected":false},"excerpt":{"rendered":"<p>Hakkari Valisi Ali \u00c7elik, Y\u00fcksekova&#8217;da \u00f6\u011frenci projelerini inceledi ve destek s\u00f6z\u00fc verdi.<\/p>\n","protected":false},"author":1,"featured_media":42210,"comment_status":"open","ping_status":"open","sticky":false,"template":"","format":"standard","meta":{"footnotes":""},"categories":[9,4,13],"tags":[881],"class_list":["post-42209","post","type-post","status-publish","format-standard","has-post-thumbnail","hentry","category-genel","category-gundem","category-son-dakika","tag-celik"],"_links":{"self":[{"href":"https:\/\/bihavadis.com\/index.php\/wp-json\/wp\/v2\/posts\/42209","targetHints":{"allow":["GET"]}}],"collection":[{"href":"https:\/\/bihavadis.com\/index.php\/wp-json\/wp\/v2\/posts"}],"about":[{"href":"https:\/\/bihavadis.com\/index.php\/wp-json\/wp\/v2\/types\/post"}],"author":[{"embeddable":true,"href":"https:\/\/bihavadis.com\/index.php\/wp-json\/wp\/v2\/users\/1"}],"replies":[{"embeddable":true,"href":"https:\/\/bihavadis.com\/index.php\/wp-json\/wp\/v2\/comments?post=42209"}],"version-history":[{"count":1,"href":"https:\/\/bihavadis.com\/index.php\/wp-json\/wp\/v2\/posts\/42209\/revisions"}],"predecessor-version":[{"id":42211,"href":"https:\/\/bihavadis.com\/index.php\/wp-json\/wp\/v2\/posts\/42209\/revisions\/42211"}],"wp:featuredmedia":[{"embeddable":true,"href":"https:\/\/bihavadis.com\/index.php\/wp-json\/wp\/v2\/media\/42210"}],"wp:attachment":[{"href":"https:\/\/bihavadis.com\/index.php\/wp-json\/wp\/v2\/media?parent=42209"}],"wp:term":[{"taxonomy":"category","embeddable":true,"href":"https:\/\/bihavadis.com\/index.php\/wp-json\/wp\/v2\/categories?post=42209"},{"taxonomy":"post_tag","embeddable":true,"href":"https:\/\/bihavadis.com\/index.php\/wp-json\/wp\/v2\/tags?post=42209"}],"curies":[{"name":"wp","href":"https:\/\/api.w.org\/{rel}","templated":true}]}}