{"id":42305,"date":"2026-02-22T22:21:05","date_gmt":"2026-02-22T22:21:05","guid":{"rendered":"https:\/\/bihavadis.com\/?p=42305"},"modified":"2026-02-22T22:21:05","modified_gmt":"2026-02-22T22:21:05","slug":"ticaret-bakanligi-ramazan-oncesi-gida-arz-ve-fiyat-istikrarina-yonelik-tedbirleri-paylasti","status":"publish","type":"post","link":"https:\/\/bihavadis.com\/index.php\/2026\/02\/22\/ticaret-bakanligi-ramazan-oncesi-gida-arz-ve-fiyat-istikrarina-yonelik-tedbirleri-paylasti\/","title":{"rendered":"Ticaret Bakanl\u0131\u011f\u0131 Ramazan \u00f6ncesi g\u0131da arz ve fiyat istikrar\u0131na y\u00f6nelik tedbirleri payla\u015ft\u0131"},"content":{"rendered":"<p>\u0130slam aleminin heyecanla bekledi\u011fi Ramazan&#8217;a say\u0131l\u0131 g\u00fcnler kald\u0131.<\/p>\n<p>M\u00fcsl\u00fcmanlar\u0131n nefsini terbiye etti\u011fi, iftar sofralar\u0131nda sevdikleriyle bir araya geldi\u011fi bu m\u00fcbarek ay \u00f6ncesi Ticaret Bakanl\u0131\u011f\u0131 da \u00e7e\u015fitli \u00f6nlemler ald\u0131.<\/p>\n<p><strong>RAMAZAN \u00d6NCES\u0130 ALINAN TEDB\u0130RLER PAYLA\u015eILDI<\/strong><\/p>\n<p>Bakanl\u0131k, al\u0131nan tedbirleri sosyal medya platformu X hesab\u0131 \u00fczerinden kamuoyuyla payla\u015ft\u0131.<\/p>\n<p>Al\u0131nan tedbirlerin aktar\u0131ld\u0131\u011f\u0131 payla\u015f\u0131mda \u015fu s\u00f6zlere yer verildi:<\/p>\n<p><em><b>&#8220;M\u00fcbarek ramazan ay\u0131 \u00f6ncesi g\u0131da arz ve fiyat istikrar\u0131na y\u00f6nelik tedbirler: <\/b><\/em><\/p>\n<p><em><b>Ticaret bakanl\u0131\u011f\u0131, ramazan ay\u0131nda g\u0131da arz ve talebinin uygun fiyatl\u0131 ve kolay eri\u015filebilir olmas\u0131na y\u00f6nelik olarak kapsaml\u0131 \u00e7al\u0131\u015fmalar y\u00fcr\u00fctm\u00fc\u015f, g\u0131da toptan ve perakende sekt\u00f6rlerinin y\u00f6neticileriyle g\u00f6r\u00fc\u015fm\u00fc\u015f ve indirim kampanyalar\u0131 yapmalar\u0131 konusunda mutab\u0131k kal\u0131nm\u0131\u015ft\u0131r.&#8221;<\/b><\/em><\/p>\n<p><strong>&#8220;VATANDA\u015eLARIMIZIN GIDAYA UYGUN F\u0130YATLARLA ULA\u015eMASI \u0130\u00c7\u0130N \u00c7ALI\u015eMALAR Y\u00dcR\u00dcT\u00dcLD\u00dc&#8221;<\/strong><\/p>\n<p>Ticaret Bakanl\u0131\u011f\u0131 olarak m\u00fcbarek Ramazan ay\u0131n\u0131n yakla\u015fmas\u0131yla birlikte, vatanda\u015flar\u0131m\u0131z\u0131n temel g\u0131da \u00fcr\u00fcnlerine daha uygun fiyatlarla ve kolay ula\u015fmalar\u0131n\u0131 temin etmek amac\u0131yla kapsaml\u0131 bir \u00e7al\u0131\u015fma y\u00fcr\u00fct\u00fclm\u00fc\u015ft\u00fcr. <\/p>\n<p>Bu \u00e7er\u00e7evede; g\u0131da toptanc\u0131 kurulu\u015flar\u0131, yerel market y\u00f6neticileri, zincir marketlerin \u00fcst y\u00f6netimleri, sekt\u00f6r temsilcileri ve ilgili meslek odalar\u0131yla bir dizi g\u00f6r\u00fc\u015fmeler ger\u00e7ekle\u015ftirilmi\u015ftir.<\/p>\n<p><strong>&#8220;FIRSAT\u00c7ILI\u011eA MEYDAN VER\u0130LMEMES\u0130 HUSUSLARINDA MUTABAKAT SA\u011eLANMI\u015eTIR&#8221;<\/strong><\/p>\n<p>G\u00f6r\u00fc\u015fmelerde; \u00f6zellikle temel g\u0131da ve ihtiya\u00e7 \u00fcr\u00fcnlerinde vatanda\u015flar\u0131m\u0131z\u0131n lehine fiyat istikrar\u0131n\u0131n korunmas\u0131, kampanyalar ve indirim uygulamalar\u0131n\u0131n art\u0131r\u0131lmas\u0131, g\u0131da \u00fcr\u00fcnleri arz s\u00fcreklili\u011finin sa\u011flanmas\u0131 ve f\u0131rsat\u00e7\u0131l\u0131\u011fa meydan verilmemesi hususlar\u0131nda mutabakat sa\u011flanm\u0131\u015ft\u0131r.<\/p>\n<p><img decoding=\"async\" src=\"https:\/\/bihavadis.com\/wp-content\/uploads\/2026\/02\/ticaret-bakanligi-ramazan-oncesi-gida-arz-ve-fiyat-istikrarina-yonelik-tedbirleri-paylasti-0-yHCalWp8.jpg\"\/><\/p>\n<p><strong>&#8220;HAKSIZ F\u0130YAT ARTI\u015eINA KAR\u015eI DENET\u0130MLER S\u00dcRD\u00dcR\u00dcLECEKT\u0130R&#8221;<\/strong><\/p>\n<p>\u015eartlar dahilinde, g\u0131da eri\u015fimini daha ekonomik k\u0131lacak tedbirlerin hayata ge\u00e7irilmesi y\u00f6n\u00fcnde gerekli ad\u0131mlar at\u0131lm\u0131\u015ft\u0131r.<\/p>\n<p>S\u00fcrekli yap\u0131lan ve devam etmekte olan Ticaret ve Tar\u0131m ve Orman Bakanl\u0131\u011f\u0131&#8217;n\u0131n koordineli i\u015f birli\u011fi i\u00e7indeki yo\u011fun denetimleri Ramazan ay\u0131 boyunca daha s\u0131k\u0131 \u015fekilde devam edecek, piyasalar yak\u0131ndan kontrol edilecek, haks\u0131z fiyat art\u0131\u015f\u0131, stok\u00e7uluk ve spek\u00fclatif giri\u015fimlere kar\u015f\u0131 denetimler kararl\u0131l\u0131kla s\u00fcrd\u00fcr\u00fclecektir.<\/p>\n<p><strong>&#8220;VATANDA\u015eLARIMIZIN KAR\u015eILA\u015eTI\u011eI DURUMLARI B\u0130LD\u0130RMELER\u0130 \u00d6NEM ARZ ETMEKTED\u0130R&#8221;<\/strong><\/p>\n<p>Vatanda\u015flar\u0131m\u0131z\u0131n fahi\u015f fiyat art\u0131\u015f\u0131 ve haks\u0131z ticari uygulamalarla kar\u015f\u0131la\u015fmalar\u0131 halinde; Cumhurba\u015fkanl\u0131\u011f\u0131 \u0130leti\u015fim Merkezi (C\u0130MER), Ticaret Bakanl\u0131\u011f\u0131m\u0131z\u0131n Haks\u0131z Fiyat Art\u0131\u015f\u0131 (HFA) Bildirim Uygulamas\u0131, Ticaret \u0130l M\u00fcd\u00fcrl\u00fcklerimiz ve Alo 175 T\u00fcketici Dan\u0131\u015fma Hatt\u0131 arac\u0131l\u0131\u011f\u0131yla durumu bildirmeleri \u00f6nem arz etmektedir.<\/p>\n<p><strong>&#8220;H\u00dcK\u00dcMET\u0130M\u0130Z\u0130N \u00d6NCEL\u0130\u011e\u0130 VATANDA\u015eLARIMIZIN SOFRASINI KORUMAKTIR&#8221;<\/strong><\/p>\n<p>\u0130lgili ba\u015fvurular titizlikle incelenecek, gerekli idari i\u015flemler ivedilikle tesis edilmektedir.<\/p>\n<p>H\u00fck\u00fcmetimizin \u00f6nceli\u011fi; vatanda\u015flar\u0131m\u0131z\u0131n sofras\u0131n\u0131 korumak, piyasadaki arz ve talep dengesini sa\u011flamak ve kutsal Ramazan ay\u0131n\u0131n huzur iklimine g\u00f6lge d\u00fc\u015f\u00fcr\u00fclmesine izin vermemektir. <\/p>\n<p>Kamuoyuna sayg\u0131yla duyurulur.<\/p>\n<p><img decoding=\"async\" src=\"https:\/\/bihavadis.com\/wp-content\/uploads\/2026\/02\/ticaret-bakanligi-ramazan-oncesi-gida-arz-ve-fiyat-istikrarina-yonelik-tedbirleri-paylasti-1-Yba5eXRd.jpg\"\/><\/p>\n","protected":false},"excerpt":{"rendered":"<p>Ticaret Bakanl\u0131\u011f\u0131, Ramazan \u00f6ncesi g\u0131da teminini kolayla\u015ft\u0131rmak amac\u0131yla sekt\u00f6r temsilcileriyle i\u015f birli\u011fi i\u00e7inde ger\u00e7ekle\u015ftirilen \u00e7al\u0131\u015fmalar\u0131 sosyal medya hesab\u0131ndan payla\u015ft\u0131. Bakanl\u0131k, g\u0131da fiyatlar\u0131n\u0131n kontrol alt\u0131nda tutulmas\u0131 i\u00e7in \u00e7e\u015fitli \u00f6nlemler al\u0131nd\u0131\u011f\u0131n\u0131 duyurdu.<\/p>\n","protected":false},"author":1,"featured_media":42306,"comment_status":"open","ping_status":"open","sticky":false,"template":"","format":"standard","meta":{"footnotes":""},"categories":[9,13],"tags":[5825,412,705,406,5824],"class_list":["post-42305","post","type-post","status-publish","format-standard","has-post-thumbnail","hentry","category-genel","category-son-dakika","tag-arz","tag-fiyat","tag-gida","tag-ticaret","tag-vatandaslarimizin"],"_links":{"self":[{"href":"https:\/\/bihavadis.com\/index.php\/wp-json\/wp\/v2\/posts\/42305","targetHints":{"allow":["GET"]}}],"collection":[{"href":"https:\/\/bihavadis.com\/index.php\/wp-json\/wp\/v2\/posts"}],"about":[{"href":"https:\/\/bihavadis.com\/index.php\/wp-json\/wp\/v2\/types\/post"}],"author":[{"embeddable":true,"href":"https:\/\/bihavadis.com\/index.php\/wp-json\/wp\/v2\/users\/1"}],"replies":[{"embeddable":true,"href":"https:\/\/bihavadis.com\/index.php\/wp-json\/wp\/v2\/comments?post=42305"}],"version-history":[{"count":1,"href":"https:\/\/bihavadis.com\/index.php\/wp-json\/wp\/v2\/posts\/42305\/revisions"}],"predecessor-version":[{"id":42309,"href":"https:\/\/bihavadis.com\/index.php\/wp-json\/wp\/v2\/posts\/42305\/revisions\/42309"}],"wp:featuredmedia":[{"embeddable":true,"href":"https:\/\/bihavadis.com\/index.php\/wp-json\/wp\/v2\/media\/42306"}],"wp:attachment":[{"href":"https:\/\/bihavadis.com\/index.php\/wp-json\/wp\/v2\/media?parent=42305"}],"wp:term":[{"taxonomy":"category","embeddable":true,"href":"https:\/\/bihavadis.com\/index.php\/wp-json\/wp\/v2\/categories?post=42305"},{"taxonomy":"post_tag","embeddable":true,"href":"https:\/\/bihavadis.com\/index.php\/wp-json\/wp\/v2\/tags?post=42305"}],"curies":[{"name":"wp","href":"https:\/\/api.w.org\/{rel}","templated":true}]}}