{"id":42457,"date":"2026-02-23T00:12:05","date_gmt":"2026-02-23T00:12:05","guid":{"rendered":"https:\/\/bihavadis.com\/?p=42457"},"modified":"2026-02-23T00:12:05","modified_gmt":"2026-02-23T00:12:05","slug":"maltepe-belediyesi-gelecegin-sehir-plancilarini-yetistiriyor","status":"publish","type":"post","link":"https:\/\/bihavadis.com\/index.php\/2026\/02\/23\/maltepe-belediyesi-gelecegin-sehir-plancilarini-yetistiriyor\/","title":{"rendered":"Maltepe Belediyesi Gelece\u011fin \u015eehir Planc\u0131lar\u0131n\u0131 Yeti\u015ftiriyor"},"content":{"rendered":"<p>Maltepe Belediyesi, \u00e7ocuklar\u0131 kent y\u00f6netim s\u00fcre\u00e7lerine dahil eden \u00f6rnek bir \u00e7al\u0131\u015fmaya daha imza att\u0131. Avrupa Birli\u011fi destekli \u201cGelin Yak\u0131ndan Bakal\u0131m! Ya\u015fad\u0131\u011f\u0131m Yer\u201d projesi kapsam\u0131nda d\u00fczenlenen etkinlikte \u00e7ocuklar, ya\u015fad\u0131klar\u0131 mahalleleri g\u00f6zlemleyerek ihtiya\u00e7 ve eksikleri belirledi; ard\u0131ndan bir \u015fehir planc\u0131s\u0131 bak\u0131\u015f\u0131yla \u00e7\u00f6z\u00fcm \u00f6nerileri geli\u015ftirdi.<\/p>\n<p>Belediyenin kat\u0131l\u0131mc\u0131 ve kapsay\u0131c\u0131 hizmet anlay\u0131\u015f\u0131 do\u011frultusunda hayata ge\u00e7irilen projede \u00e7ocuklar, g\u00fcvenli oyun alanlar\u0131ndan ye\u015fil alan ihtiyac\u0131na, sosyal ya\u015fam alanlar\u0131ndan ula\u015f\u0131m d\u00fczenlemelerine kadar pek \u00e7ok ba\u015fl\u0131kta kendi g\u00f6zlerinden de\u011ferlendirme yapt\u0131. Haz\u0131rlad\u0131klar\u0131 tasar\u0131mlar\u0131 resimlerle somutla\u015ft\u0131ran \u00e7ocuklar, hayallerindeki Maltepe\u2019yi ortaya koydu.<\/p>\n<p>\u00c7al\u0131\u015fmalar, Maltepeliler ve belediye yetkililerinden olu\u015fan de\u011ferlendirme meclisine sunuldu. Soru-cevap format\u0131nda ger\u00e7ekle\u015fen sunumlarda \u00e7ocuklar, \u00f6nerilerini do\u011frudan karar al\u0131c\u0131lara aktararak yerel y\u00f6netime aktif kat\u0131l\u0131m deneyimi ya\u015fad\u0131.<\/p>\n<p>\u0130nformel E\u011fitim ile \u00c7ocuk \u0130stanbul sosyal giri\u015fim kurulu\u015fu i\u015f birli\u011fiyle ger\u00e7ekle\u015ftirilen etkinlik, hem yo\u011fun ilgi g\u00f6rd\u00fc hem de Maltepe Belediyesi\u2019nin \u00e7ocuk odakl\u0131, vizyoner ve s\u00fcrd\u00fcr\u00fclebilir \u015fehircilik hizmetlerini bir kez daha g\u00f6zler \u00f6n\u00fcne serdi. Proje, gelece\u011fin bilin\u00e7li kent sakinlerini yeti\u015ftirmeyi hedefleyen g\u00fc\u00e7l\u00fc bir yerel y\u00f6netim modeli olarak dikkat \u00e7ekti.<\/p>\n<p>K\u00fc\u00e7\u00fck \u015eehir Planc\u0131lar\u0131ndan \u201cYe\u015fil Alan\u201d Vurgusu<\/p>\n<p>Yapt\u0131klar\u0131 \u00e7al\u0131\u015fmalar\u0131 sunan Maltepeli k\u00fc\u00e7\u00fck \u015fehir planc\u0131lar\u0131, \u00f6zellikle mahallelerdeki ye\u015fil alanlar\u0131n art\u0131r\u0131lmas\u0131 gerekti\u011fine dikkat \u00e7ekti. Parklar\u0131n b\u00fcy\u00fct\u00fclmesi, yeni a\u011fa\u00e7land\u0131rma alanlar\u0131 olu\u015fturulmas\u0131 ve daha fazla oyun bah\u00e7esi yap\u0131lmas\u0131 y\u00f6n\u00fcnde \u00f6neriler geli\u015ftiren \u00e7ocuklar, ya\u015fad\u0131klar\u0131 \u00e7evrenin daha huzurlu ve sa\u011fl\u0131kl\u0131 bir yap\u0131ya kavu\u015fmas\u0131 i\u00e7in tasar\u0131mlar haz\u0131rlad\u0131. \u00c7ocuklar\u0131n \u00e7\u00f6z\u00fcm odakl\u0131 sunumlar\u0131, halk meclisinden b\u00fcy\u00fck be\u011feni toplad\u0131.<\/p>\n<p>\u0130rlanda ile G\u00f6n\u00fcl K\u00f6pr\u00fcs\u00fc Kuruldu<\/p>\n<p>AB projesi kapsam\u0131nda \u0130rlanda\u2019n\u0131n Cork kentindeki \u00e7ocuklarla ortak \u00e7al\u0131\u015fma y\u00fcr\u00fcten Maltepeli \u00f6\u011frenciler, uluslararas\u0131 bir deneyim de ya\u015fad\u0131. \u0130ki \u00fclke aras\u0131nda kurulan proje ortakl\u0131\u011f\u0131 sayesinde \u00e7ocuklar, \u015fehircilik fikirlerini payla\u015farak k\u00fclt\u00fcrler aras\u0131 bir ba\u011f olu\u015fturdu. Sunumlar\u0131n sonunda Maltepe\u2019den Cork\u2019a selam g\u00f6nderilirken, k\u00fc\u00e7\u00fck \u015fehir planc\u0131lar\u0131 aras\u0131nda anlaml\u0131 bir g\u00f6n\u00fcl k\u00f6pr\u00fcs\u00fc kuruldu.<\/p>\n<p>\u00a0<\/p>\n<p>Kaynak: (BYZHA) Beyaz Haber Ajans\u0131<\/p>\n","protected":false},"excerpt":{"rendered":"<p>Maltepe Belediyesi, \u00e7ocuklar\u0131 kent y\u00f6netim s\u00fcre\u00e7lerine dahil eden \u00f6rnek bir \u00e7al\u0131\u015fmaya daha imza att\u0131.<\/p>\n","protected":false},"author":1,"featured_media":42458,"comment_status":"open","ping_status":"open","sticky":false,"template":"","format":"standard","meta":{"footnotes":""},"categories":[4],"tags":[382,242,683,2756,1461],"class_list":["post-42457","post","type-post","status-publish","format-standard","has-post-thumbnail","hentry","category-gundem","tag-alan","tag-cocuk","tag-cocuklar","tag-maltepe","tag-sehir"],"_links":{"self":[{"href":"https:\/\/bihavadis.com\/index.php\/wp-json\/wp\/v2\/posts\/42457","targetHints":{"allow":["GET"]}}],"collection":[{"href":"https:\/\/bihavadis.com\/index.php\/wp-json\/wp\/v2\/posts"}],"about":[{"href":"https:\/\/bihavadis.com\/index.php\/wp-json\/wp\/v2\/types\/post"}],"author":[{"embeddable":true,"href":"https:\/\/bihavadis.com\/index.php\/wp-json\/wp\/v2\/users\/1"}],"replies":[{"embeddable":true,"href":"https:\/\/bihavadis.com\/index.php\/wp-json\/wp\/v2\/comments?post=42457"}],"version-history":[{"count":1,"href":"https:\/\/bihavadis.com\/index.php\/wp-json\/wp\/v2\/posts\/42457\/revisions"}],"predecessor-version":[{"id":42459,"href":"https:\/\/bihavadis.com\/index.php\/wp-json\/wp\/v2\/posts\/42457\/revisions\/42459"}],"wp:featuredmedia":[{"embeddable":true,"href":"https:\/\/bihavadis.com\/index.php\/wp-json\/wp\/v2\/media\/42458"}],"wp:attachment":[{"href":"https:\/\/bihavadis.com\/index.php\/wp-json\/wp\/v2\/media?parent=42457"}],"wp:term":[{"taxonomy":"category","embeddable":true,"href":"https:\/\/bihavadis.com\/index.php\/wp-json\/wp\/v2\/categories?post=42457"},{"taxonomy":"post_tag","embeddable":true,"href":"https:\/\/bihavadis.com\/index.php\/wp-json\/wp\/v2\/tags?post=42457"}],"curies":[{"name":"wp","href":"https:\/\/api.w.org\/{rel}","templated":true}]}}