{"id":42555,"date":"2026-02-23T01:27:04","date_gmt":"2026-02-23T01:27:04","guid":{"rendered":"https:\/\/bihavadis.com\/?p=42555"},"modified":"2026-02-23T01:27:04","modified_gmt":"2026-02-23T01:27:04","slug":"maltepeliler-iftarda-ayni-sofrada-bulusmaya-devam-ediyor","status":"publish","type":"post","link":"https:\/\/bihavadis.com\/index.php\/2026\/02\/23\/maltepeliler-iftarda-ayni-sofrada-bulusmaya-devam-ediyor\/","title":{"rendered":"Maltepeliler \u0130ftarda Ayn\u0131 Sofrada Bulu\u015fmaya Devam Ediyor"},"content":{"rendered":"<p>Maltepe Cumhuriyet Meydan\u0131 Ramazan ay\u0131n\u0131n \u00fc\u00e7\u00fcnc\u00fc g\u00fcn\u00fcnde de birlik ve beraberli\u011fin adresi oldu. Maltepeliler, Maltepe Belediyesi taraf\u0131ndan kurulan iftar \u00e7ad\u0131r\u0131nda ayn\u0131 sofrada bulu\u015farak oru\u00e7lar\u0131n\u0131 yine birlikte a\u00e7t\u0131. Meydan\u0131 dolduran vatanda\u015flar, ezan\u0131n okunmas\u0131yla birlikte dualar e\u015fli\u011finde iftar\u0131n\u0131 a\u00e7t\u0131. Maltepe Belediye Ba\u015fkan<\/p>\n<p>Yard\u0131mc\u0131s\u0131 Nimet Karabulut da iftar program\u0131na kat\u0131larak vatanda\u015flarla bir araya geldi, Ramazan ay\u0131n\u0131n hay\u0131rl\u0131 olmas\u0131 temennisinde bulundu. Maltepe Belediyesi Sosyal Hizmetler M\u00fcd\u00fcrl\u00fc\u011f\u00fc koordinasyonunda kurulan iftar \u00e7ad\u0131r\u0131nda Ramazan ay\u0131 boyunca her g\u00fcn yakla\u015f\u0131k bin ki\u015fiye s\u0131cak yemek ikram edilecek.\u00a0 Belediye ekipleri, yemek da\u011f\u0131t\u0131m\u0131n\u0131n yan\u0131 s\u0131ra d\u00fczenli hijyen ve organizasyon planlamas\u0131yla da hizmetin aksamadan s\u00fcrd\u00fcr\u00fclmesini sa\u011fl\u0131yor.<\/p>\n<p><b><i>KARAG\u00d6Z VE HAC\u0130VAT OYUNU \u00c7OCUKLARIN G\u00d6ZDES\u0130 OLDU<\/i><\/b><\/p>\n<p>\u0130ftar program\u0131n\u0131n \u00f6nemli bir etkinli\u011fi de Karag\u00f6z ile Hacivat oyunu oldu. \u00c7ocuklar\u0131n b\u00fcy\u00fck bir ilgiyle takip etti\u011fi oyun izleyenlere keyifli anlat ya\u015fatt\u0131. \u0130ftar program\u0131na aileleriyle kat\u0131lan vatanda\u015flar, ayn\u0131 sofrada bulu\u015fman\u0131n mutlulu\u011funu ya\u015fad\u0131klar\u0131n\u0131 belirterek Maltepe Belediye Ba\u015fkan\u0131 Mimar Esin K\u00f6ymen ve Maltepe Belediyesi&#8217;ne te\u015fekk\u00fcr etti. \u00d6zellikle \u00e7ocuklar\u0131n yo\u011fun ilgi g\u00f6sterdi\u011fi programda, Ramazan\u2019\u0131n manevi atmosferi meydan\u0131 sararken kom\u015fuluk ve payla\u015fma k\u00fclt\u00fcr\u00fc bir kez daha \u00f6n plana \u00e7\u0131kt\u0131.<\/p>\n<p>Maltepe\u2019de Ramazan ay\u0131 boyunca iftar \u00e7ad\u0131r\u0131n\u0131n yan\u0131 s\u0131ra \u00e7e\u015fitli sosyal destek ve dayan\u0131\u015fma \u00e7al\u0131\u015fmalar\u0131n\u0131n da devam edece\u011fi bildirildi. Belediye yetkilileri, Ramazan\u2019\u0131n ruhuna uygun olarak ihtiya\u00e7 sahiplerine y\u00f6nelik desteklerin art\u0131r\u0131ld\u0131\u011f\u0131n\u0131 ifade etti.<\/p>\n<p>Kaynak: (BYZHA) Beyaz Haber Ajans\u0131<\/p>\n","protected":false},"excerpt":{"rendered":"<p>Maltepe Cumhuriyet Meydan\u0131 Ramazan ay\u0131n\u0131n \u00fc\u00e7\u00fcnc\u00fc g\u00fcn\u00fcnde de birlik ve beraberli\u011fin adresi oldu.<\/p>\n","protected":false},"author":1,"featured_media":42556,"comment_status":"open","ping_status":"open","sticky":false,"template":"","format":"standard","meta":{"footnotes":""},"categories":[4],"tags":[675,5851,2714],"class_list":["post-42555","post","type-post","status-publish","format-standard","has-post-thumbnail","hentry","category-gundem","tag-iftar","tag-maltepe-belediye","tag-ramazan"],"_links":{"self":[{"href":"https:\/\/bihavadis.com\/index.php\/wp-json\/wp\/v2\/posts\/42555","targetHints":{"allow":["GET"]}}],"collection":[{"href":"https:\/\/bihavadis.com\/index.php\/wp-json\/wp\/v2\/posts"}],"about":[{"href":"https:\/\/bihavadis.com\/index.php\/wp-json\/wp\/v2\/types\/post"}],"author":[{"embeddable":true,"href":"https:\/\/bihavadis.com\/index.php\/wp-json\/wp\/v2\/users\/1"}],"replies":[{"embeddable":true,"href":"https:\/\/bihavadis.com\/index.php\/wp-json\/wp\/v2\/comments?post=42555"}],"version-history":[{"count":1,"href":"https:\/\/bihavadis.com\/index.php\/wp-json\/wp\/v2\/posts\/42555\/revisions"}],"predecessor-version":[{"id":42557,"href":"https:\/\/bihavadis.com\/index.php\/wp-json\/wp\/v2\/posts\/42555\/revisions\/42557"}],"wp:featuredmedia":[{"embeddable":true,"href":"https:\/\/bihavadis.com\/index.php\/wp-json\/wp\/v2\/media\/42556"}],"wp:attachment":[{"href":"https:\/\/bihavadis.com\/index.php\/wp-json\/wp\/v2\/media?parent=42555"}],"wp:term":[{"taxonomy":"category","embeddable":true,"href":"https:\/\/bihavadis.com\/index.php\/wp-json\/wp\/v2\/categories?post=42555"},{"taxonomy":"post_tag","embeddable":true,"href":"https:\/\/bihavadis.com\/index.php\/wp-json\/wp\/v2\/tags?post=42555"}],"curies":[{"name":"wp","href":"https:\/\/api.w.org\/{rel}","templated":true}]}}