{"id":42578,"date":"2026-02-23T01:45:06","date_gmt":"2026-02-23T01:45:06","guid":{"rendered":"https:\/\/bihavadis.com\/?p=42578"},"modified":"2026-02-23T01:45:06","modified_gmt":"2026-02-23T01:45:06","slug":"buyuksehirden-dev-iftar","status":"publish","type":"post","link":"https:\/\/bihavadis.com\/index.php\/2026\/02\/23\/buyuksehirden-dev-iftar\/","title":{"rendered":"B\u00fcy\u00fck\u015fehir&#8217;den dev iftar"},"content":{"rendered":"<p>Kocaeli B\u00fcy\u00fck\u015fehir Belediyesi&#8217;nin &#8220;B\u00fcy\u00fck STK \u0130ftar Bulu\u015fmas\u0131&#8221; bu y\u0131l da geni\u015f bir kat\u0131l\u0131mla ger\u00e7ekle\u015ftirildi. Kat\u0131l\u0131m\u0131n y\u00fcksekli\u011fine vurgu yapan Ba\u015fkan B\u00fcy\u00fckak\u0131n, &#8220;Bu birlik ve beraberlik bizim i\u00e7in \u00e7ok k\u0131ymetli&#8221; dedi.<\/p>\n<p><b>B\u00dcY\u00dcK STK \u0130FTAR BULU\u015eMASI<\/b><\/p>\n<p>Kocaeli B\u00fcy\u00fck\u015fehir Belediyesi, kent genelinde faaliyet g\u00f6steren sivil toplum kurulu\u015flar\u0131 i\u00e7in Kocaeli Kongre Merkezi&#8217;nde bir iftar program\u0131 d\u00fczenledi. Kocaeli B\u00fcy\u00fck\u015fehir Belediye Ba\u015fkan\u0131 Tahir B\u00fcy\u00fckak\u0131n&#8217;\u0131n ev sahibi oldu\u011fu &#8220;B\u00fcy\u00fck STK \u0130ftar Bulu\u015fmas\u0131&#8221;na AK Parti Kocaeli Milletvekili Veysel Tipio\u011flu, AK Parti \u0130l Ba\u015fkan\u0131 Dr. \u015eahin Talus, MHP \u0130l Ba\u015fkan\u0131 Kamil Ak\u0131n, AK Parti \u0130zmit \u0130l\u00e7e Ba\u015fkan\u0131 Halil G\u00fcng\u00f6r Dokuzlar, kent genelindeki 820 esnaf odas\u0131, akademik meslek \u00f6rg\u00fctleri, sendikalar, kooperatifler ve hem\u015feri derne\u011finin ba\u015fkan, y\u00f6netici ve \u00fcyeleri kat\u0131ld\u0131.<\/p>\n<p><b>&#8220;BU B\u0130RL\u0130K KOCAEL\u0130 \u0130\u00c7\u0130N \u00c7OK KIYMETL\u0130&#8221;<\/b><\/p>\n<p>\u0130ftar program\u0131nda selamlama konu\u015fmas\u0131 yapan Kocaeli B\u00fcy\u00fck\u015fehir Belediye Ba\u015fkan\u0131 B\u00fcy\u00fckak\u0131n kat\u0131l\u0131m\u0131n y\u00fcksekli\u011finin \u00e7ok \u00f6nemli oldu\u011funu vurgulad\u0131. B\u00fcy\u00fckak\u0131n, &#8220;Bu birlik ve beraberlik bizim i\u00e7in \u00e7ok k\u0131ymetli. Geldiniz ve g\u00fc\u00e7 verdiniz. \u0130yi ki vars\u0131n\u0131z. Ramazan ay\u0131n\u0131z\u0131 tebrik ediyorum. Allah, hepinizi ailelerinizle birlikte bayrama kavu\u015fturmay\u0131 nasip etsin. Her birinizi muhabbetle selaml\u0131yorum&#8221; dedi. Milletvekili Veysel Tipio\u011flu da, &#8220;Allah birlik ve beraberli\u011fimizi daim eylesin. Sivil toplum kurulu\u015flar\u0131, gelenek ve g\u00f6reneklerimizin gelece\u011fe ta\u015f\u0131nmas\u0131 a\u00e7\u0131s\u0131ndan son derece \u00f6nemliler. Her biriniz \u00e7ok \u00f6nemli g\u00f6revler y\u00fcr\u00fct\u00fcyorsunuz&#8221; ifadesini kulland\u0131.<\/p>\n<p><b>B\u00dcY\u00dcKAKIN&#8217;A Z\u00dcLF\u0130KAR HED\u0130YE ETT\u0130<\/b><\/p>\n<p>B\u00fcy\u00fck bulu\u015fmada Kur&#8217;an-\u0131 Kerim tilaveti getirildi. Ard\u0131ndan, Kocaeli B\u00fcy\u00fck\u015fehir Belediyesi Mehteran Tak\u0131m\u0131 ilahiler seslendirdi. Protokol \u00fcyeleri ve yakla\u015f\u0131k bin kat\u0131l\u0131mc\u0131, hep birlikte oru\u00e7lar\u0131n\u0131 a\u00e7t\u0131. Yemek duas\u0131n\u0131 ise Diyanet-Sen Kocaeli \u015eube Ba\u015fkan\u0131 \u00c7etin K\u0131ran\u015fal yapt\u0131rd\u0131. Program\u0131n sonunda Turan Elleri Ozanlar Yazarlar ve \u015eairler Derne\u011fi Genel Ba\u015fkan\u0131 G\u00f6kalp \u015eent\u00fcrk, T\u00fcrk D\u00fcnyas\u0131&#8217;na y\u00f6nelik katk\u0131lar\u0131ndan dolay\u0131 Ba\u015fkan B\u00fcy\u00fckak\u0131n&#8217;a Z\u00fclfikar hediye etti.<\/p>\n<p>Kaynak: (BYZHA) Beyaz Haber Ajans\u0131<\/p>\n","protected":false},"excerpt":{"rendered":"<p>Kocaeli B\u00fcy\u00fck\u015fehir Belediyesi&#8217;nin &#8220;B\u00fcy\u00fck STK \u0130ftar Bulu\u015fmas\u0131&#8221; bu y\u0131l da geni\u015f bir kat\u0131l\u0131mla ger\u00e7ekle\u015ftirildi.<\/p>\n","protected":false},"author":1,"featured_media":42579,"comment_status":"open","ping_status":"open","sticky":false,"template":"","format":"standard","meta":{"footnotes":""},"categories":[4],"tags":[516,586,1448,675,240],"class_list":["post-42578","post","type-post","status-publish","format-standard","has-post-thumbnail","hentry","category-gundem","tag-baskan","tag-buyukakin","tag-buyuksehir-belediye","tag-iftar","tag-kocaeli"],"_links":{"self":[{"href":"https:\/\/bihavadis.com\/index.php\/wp-json\/wp\/v2\/posts\/42578","targetHints":{"allow":["GET"]}}],"collection":[{"href":"https:\/\/bihavadis.com\/index.php\/wp-json\/wp\/v2\/posts"}],"about":[{"href":"https:\/\/bihavadis.com\/index.php\/wp-json\/wp\/v2\/types\/post"}],"author":[{"embeddable":true,"href":"https:\/\/bihavadis.com\/index.php\/wp-json\/wp\/v2\/users\/1"}],"replies":[{"embeddable":true,"href":"https:\/\/bihavadis.com\/index.php\/wp-json\/wp\/v2\/comments?post=42578"}],"version-history":[{"count":1,"href":"https:\/\/bihavadis.com\/index.php\/wp-json\/wp\/v2\/posts\/42578\/revisions"}],"predecessor-version":[{"id":42580,"href":"https:\/\/bihavadis.com\/index.php\/wp-json\/wp\/v2\/posts\/42578\/revisions\/42580"}],"wp:featuredmedia":[{"embeddable":true,"href":"https:\/\/bihavadis.com\/index.php\/wp-json\/wp\/v2\/media\/42579"}],"wp:attachment":[{"href":"https:\/\/bihavadis.com\/index.php\/wp-json\/wp\/v2\/media?parent=42578"}],"wp:term":[{"taxonomy":"category","embeddable":true,"href":"https:\/\/bihavadis.com\/index.php\/wp-json\/wp\/v2\/categories?post=42578"},{"taxonomy":"post_tag","embeddable":true,"href":"https:\/\/bihavadis.com\/index.php\/wp-json\/wp\/v2\/tags?post=42578"}],"curies":[{"name":"wp","href":"https:\/\/api.w.org\/{rel}","templated":true}]}}