{"id":42636,"date":"2026-02-23T02:24:07","date_gmt":"2026-02-23T02:24:07","guid":{"rendered":"https:\/\/bihavadis.com\/?p=42636"},"modified":"2026-02-23T02:24:07","modified_gmt":"2026-02-23T02:24:07","slug":"agroexpo-2023-fuari-izmirde-basladi","status":"publish","type":"post","link":"https:\/\/bihavadis.com\/index.php\/2026\/02\/23\/agroexpo-2023-fuari-izmirde-basladi\/","title":{"rendered":"AGROEXPO 2023 Fuar\u0131 \u0130zmir&#8217;de Ba\u015flad\u0131"},"content":{"rendered":"<p>\n<p>\u0130ZM\u0130R&#8217;de tar\u0131m sekt\u00f6r\u00fc temsilcilerini bir araya getiren AGROEXPO Uluslararas\u0131 Tar\u0131m ve Hayvanc\u0131l\u0131k Fuar\u0131, 21&#8217;inci kez kap\u0131lar\u0131n\u0131 a\u00e7t\u0131. 3-7 \u015eubat tarihlerinde Fuar \u0130zmir&#8217;de &#8216;Hayat Veren Su&#8217; temas\u0131yla ger\u00e7ekle\u015ftirilen organizasyonda, 60 \u00fclkeden 500 kat\u0131l\u0131mc\u0131 firma ve y\u00fcz binlerce ziyaret\u00e7i a\u011f\u0131rlanacak.<\/p>\n<p>Tar\u0131m ve hayvanc\u0131l\u0131k sekt\u00f6r\u00fcn\u00fcn global oyuncular\u0131n\u0131 \u0130zmir&#8217;de bulu\u015fturan 21&#8217;inci AGROEXPO Uluslararas\u0131 Tar\u0131m ve Hayvanc\u0131l\u0131k Fuar\u0131, ba\u015flad\u0131. A\u00e7\u0131l\u0131\u015f t\u00f6renine \u0130zmir B\u00fcy\u00fck\u015fehir Belediye Ba\u015fkan\u0131 Cemil Tugay, Sel\u00e7uk Belediye Ba\u015fkan\u0131 Filiz Cerito\u011flu Sengel, \u0130Y\u0130 Parti Tar\u0131m Politikalar\u0131ndan Sorumlu Genel Ba\u015fkan Yard\u0131mc\u0131s\u0131 Kadir Ulusoy, \u0130Y\u0130 Parti \u0130zmir \u0130l Ba\u015fkan\u0131 \u00dclk\u00fc Do\u011fan ve \u00e7ok say\u0131da oda ve sivil toplum kurulu\u015fu temsilcileri ile birlikte sekt\u00f6r temsilcileri kat\u0131ld\u0131. <\/p>\n<p>A\u00e7\u0131l\u0131\u015fta konu\u015fan Tugay, 21&#8217;incisi d\u00fczenlenen fuara farkl\u0131 il\u00e7elerden ziyaret\u00e7ilerin de kolayl\u0131kla ula\u015fabilmesi i\u00e7in otob\u00fcs seferleri d\u00fczenlediklerini belirterek &#8220;Veri temelli \u00fcretim modelleri ve su verimlili\u011fini artt\u0131ran teknolojiler bu fuarda sergilenecek. D\u00fcnya d\u00f6n\u00fc\u015f\u00fcm i\u00e7inde. Birle\u015fmi\u015f Milletler G\u0131da ve Tar\u0131m \u00d6rg\u00fct\u00fc&#8217;n\u00fcn verilerine g\u00f6re 2024 y\u0131l\u0131 itibariyle d\u00fcnyada 673 milyon insan a\u00e7l\u0131kla kar\u015f\u0131 kar\u015f\u0131ya. Bilim insanlar\u0131 gezegenin bir derece \u0131s\u0131nmas\u0131n\u0131n yakla\u015f\u0131k y\u00fczde 10 verim kayb\u0131na yol a\u00e7aca\u011f\u0131n\u0131 \u00f6ng\u00f6r\u00fcyor. Su krizi, ge\u00e7en y\u0131l da \u00e7ok konu\u015ftu\u011fumuz konulardan birisiydi. Y\u0131l ortalamas\u0131na bakt\u0131\u011f\u0131m\u0131zda tarihin en kurak y\u0131llar\u0131ndan birini ya\u015fad\u0131k. Teknolojik d\u00f6n\u00fc\u015f\u00fcme ayak uydurmak ve toplumun t\u00fcm katmanlar\u0131 ile do\u011fru ve ortak ad\u0131mlar atmay\u0131 ba\u015farmal\u0131y\u0131z. Fuar yeni ufuklar g\u00f6sterecek bir fuar&#8221; dedi.<\/p>\n<p>&#8216;GEN\u00c7LER TARIM YAPMAK \u0130STEM\u0130YOR&#8217;<\/p>\n<p>\u0130zmir&#8217;in yakla\u015f\u0131k y\u00fczde 30&#8217;unun tar\u0131msal olarak i\u015flenebilir topraklardan olu\u015ftu\u011funu ifade eden Tugay, \u015f\u00f6yle devam etti: <\/p>\n<p>&#8220;350 bin hektar\u0131 a\u015fan tar\u0131m alan\u0131 ile T\u00fcrkiye&#8217;nin en g\u00fc\u00e7l\u00fc \u00fcretim havzalar\u0131ndan birine sahibiz. Bitkisel \u00fcretimde T\u00fcrkiye&#8217;nin ikinci ya da \u00fc\u00e7\u00fcnc\u00fc, hayvanc\u0131l\u0131kta ise ikinci s\u0131rada yer alan bir \u015fehiriz. Kentimizde yakla\u015f\u0131k 1 milyon b\u00fcy\u00fckba\u015f hayvan var. \u0130zmir B\u00fcy\u00fck\u015fehir Belediyesi olarak bu hacmin gerekliliklerine yak\u0131\u015f\u0131r \u015fekilde hareket etmeye \u00e7al\u0131\u015f\u0131yoruz.&#8221;<\/p>\n<p>&#8216;B\u00dcT\u00dcN PART\u0130LER HEMF\u0130K\u0130R OLMALI&#8217;<\/p>\n<p>\u0130Y\u0130 Parti Tar\u0131m Politikalar\u0131ndan Sorumlu Genel Ba\u015fkan Yard\u0131mc\u0131s\u0131 Kadir Ulusoy ise tar\u0131m\u0131n siyaset \u00fcst\u00fc bir konu oldu\u011funa dikkati \u00e7ekerek &#8220;B\u00fct\u00fcn partiler hemfikir olmal\u0131d\u0131r. Bizim i\u00e7in tar\u0131m milli g\u00fcvenlik sorunudur. \u0130nsano\u011flu tar\u0131m toplumu olduktan sonra toprak, insan ve su gibi unsurlar\u0131 iyi y\u00f6netmeliydi. T\u00fcrkiye&#8217;de makro planlama yap\u0131lmal\u0131&#8221; ifadelerini kulland\u0131.<\/p>\n<p>&#8216;2 M\u0130LYAR DOLARIN \u00dcZER\u0130NDE HAC\u0130M YARATACAK&#8217;<\/p>\n<p>Orion Fuarc\u0131l\u0131k Genel M\u00fcd\u00fcr\u00fc Burak Tan ise d\u00fcnyan\u0131n en b\u00fcy\u00fck tar\u0131m fuarlar\u0131ndan birisine ev sahipli\u011fi yapt\u0131klar\u0131n\u0131 s\u00f6yleyerek &#8220;Fuar\u0131n ilk g\u00fcn\u00fcndeyiz. Binlerce \u00e7ift\u00e7i ve uluslararas\u0131 ziyaret\u00e7i fuar\u0131m\u0131za ak\u0131n etti. Rusya, \u00c7in, \u00c7ek Cumhuriyeti ve Macaristan olmak \u00fczere 4 tane milli kat\u0131l\u0131m var. Buraya b\u00fcy\u00fck stantlar kurarak kat\u0131l\u0131yorlar. Bu sadece T\u00fcrkiye&#8217;nin ihracat\u0131n\u0131 ilgilendiren bir fuar de\u011fil. D\u00fcnya \u00fclkeleri de ticaret, ithalat ve ihracatlar\u0131n\u0131 tar\u0131m hayvanc\u0131l\u0131k ad\u0131na bu fuarda ger\u00e7ekle\u015ftiriyor. Giri\u015flerimiz \u00fccretsiz. T\u00fcm \u00e7ift\u00e7iler ile tar\u0131m i\u015f insanlar\u0131n\u0131 fuar\u0131m\u0131za bekliyoruz&#8221; dedi. <\/p>\n<p>Fuar\u0131n &#8216;Hayat Veren Su&#8217; mottosu ile d\u00fczenlendi\u011fini hat\u0131rlatan Tan, &#8220;2025 y\u0131l\u0131nda d\u00fcnyada kurak bir d\u00f6nem ge\u00e7irdik. T\u00fcrkiye de bundan nasibini ald\u0131. Suyumuza sahip \u00e7\u0131kmak zorunday\u0131z. Suyu ekonomik kullanmak ad\u0131na ak\u0131ll\u0131 tar\u0131m teknolojileri ve art\u0131k yapay zeka firmalar\u0131 bu y\u0131l fuar\u0131m\u0131za yo\u011fun ilgi g\u00f6sterdi&#8221; diye konu\u015ftu.<\/p>\n<p>&#8216;\u00c7\u0130FT\u00c7\u0130LER \u0130\u00c7\u0130N DE \u00c7OK \u00d6NEML\u0130 B\u0130R FUAR&#8217;<\/p>\n<p>2 binden fazla uluslararas\u0131 al\u0131m heyetlerinin fuar\u0131 ziyaret edeceklerini ifade eden Tan, \u015fu ifadeleri kulland\u0131: <\/p>\n<p>&#8220;Tar\u0131m makineleri, tohum, g\u00fcbre, sulama, trakt\u00f6r, hayvanc\u0131l\u0131k ekipmanlar\u0131 ve i\u015f makinelerini ithal etmek \u00fczere T\u00fcrkiye&#8217;ye gelen firmalar var. \u0130ki milyar dolar\u0131n \u00fczerinde bir hacim yarataca\u011f\u0131m\u0131z\u0131 tahmin ediyoruz. \u00c7ift\u00e7iler i\u00e7in de \u00e7ok \u00f6nemli bir fuar. \u00c7\u00fcnk\u00fc global ekonomideki durgunluk sebebiyle burada \u00e7ift\u00e7iler \u00fcr\u00fcnlerini daha ekonomik maliyetle \u00fcretmek durumunda. Bunun bilinciyle hareket ediyorlar. Bunu \u00f6\u011frenebilecekleri en iyi ortam tar\u0131m fuarlar\u0131d\u0131r. Bunun ilk adresi T\u00fcrkiye&#8217;nin en b\u00fcy\u00fck, Avrupa&#8217;n\u0131n da 3 b\u00fcy\u00fck fuar\u0131ndan biri olan Agroexpo 21.Uluslararas\u0131 Tar\u0131m ve Hayvanc\u0131l\u0131k Fuar\u0131&#8217;nday\u0131z. 3- 7 \u015eubat tarihleri aras\u0131nda Fuar\u0130zmir&#8217;de deneyimlemi\u015f olacaklar.&#8221;<\/p>\n<p>&#8216;KURAKLIK UZAK \u0130HT\u0130MAL DE\u011e\u0130L&#8217;<\/p>\n<p>Orion Fuarc\u0131l\u0131k Y\u00f6netim Kurulu Ba\u015fkan\u0131 Fatih Tan ise bu y\u0131lki &#8216;Hayat Veren Su&#8217; temas\u0131n\u0131n bir tercih de\u011fil zorunluluk oldu\u011funu belirterek &#8220;Su yoksa tar\u0131m\u0131n, trakt\u00f6r\u00fcn, fidan\u0131n hi\u00e7bir anlam\u0131 yok. Bug\u00fcn d\u00fcnya iklim krizinde s\u0131nav veriyor. Kurakl\u0131k sadece haberlerde duydu\u011fumuz uzak bir ihtimal de\u011fil. Tar\u0131m sekt\u00f6r\u00fc temsilcileri olarak suyu y\u00f6netemezsek gelece\u011fi y\u00f6netemeyiz. Do\u011fru sulama ve sulama teknolojilerini \u00f6\u011frenmeli, vah\u015fi sulama al\u0131\u015fkanl\u0131klar\u0131n\u0131 tarihe g\u00f6mmeliyiz. Bu fuardaki teknolojiler damla sulama sistemleri ve yapay zeka destekli sulama robotlar\u0131n\u0131 g\u00f6zler \u00f6n\u00fcne sermektedir&#8221; a\u00e7\u0131klamalar\u0131nda bulundu.<\/p>\n<p>&#8216;PLANLI S\u00dcRD\u00dcR\u00dcLEB\u0130L\u0130R \u00dcRET\u0130M\u0130N \u00d6N\u00dcN\u00dc A\u00c7IYORUZ&#8217;<\/p>\n<p>Ege B\u00f6lgesi Sanayi Odas\u0131 (EBSO) Ba\u015fkan Yard\u0131mc\u0131s\u0131 Hakan \u00dcr\u00fcn ise insano\u011flunun \u00f6nce pandemi daha sonra iklim de\u011fi\u015fikli\u011fi ile birlikte g\u0131dan\u0131n \u00f6nemiyle y\u00fczle\u015fti\u011fini hat\u0131rlatarak, &#8220;Tar\u0131m ve g\u0131dada kendine yeter bir \u00fclke olman\u0131n \u00f6nemi ortada. Sekt\u00f6r\u00fcn milli gelir i\u00e7indeki pay\u0131 ne yaz\u0131k ki y\u00fczde 5,5 civar\u0131ndad\u0131r. Planl\u0131 s\u00fcrd\u00fcr\u00fclebilir \u00fcretimin \u00f6n\u00fcn\u00fc a\u00e7\u0131yoruz. Dikili, K\u0131n\u0131k organize sanayi b\u00f6lgeleri ile alt yap\u0131 \u00e7al\u0131\u015fmalar\u0131n\u0131 s\u00fcrd\u00fcr\u00fcyoruz. \u0130zmir&#8217;in \u00fcretim potansiyeli artacak ve b\u00f6ylece uluslararas\u0131 bu fuar\u0131n \u00f6nemi de art\u0131yor&#8221; dedi.<\/p>\n<p>&#8216;\u0130HRACATI ARTTIRMAYI HEDEFL\u0130YORUZ&#8217;<\/p>\n<p>\u0130zmir Ticaret Odas\u0131 (\u0130ZTO) Meclis Ba\u015fkan\u0131 Selami \u00d6zpoyraz ise tar\u0131m sekt\u00f6r\u00fcnde bilgi ve teknoloji temelli verimli uygulamalar\u0131n benimsenmesinin zorunluluk haline geldi\u011fini ifade ederek katma de\u011feri y\u00fcksek \u00fcr\u00fcnler \u00fcretip ihracat\u0131 artt\u0131rmay\u0131 hedeflediklerini dile getirdi. \u0130zmir&#8217;in d\u00f6n\u00fc\u015f\u00fcm\u00fcn \u00f6nc\u00fcs\u00fc olmaya haz\u0131r bir kent oldu\u011funu anlatan \u00d6zpoyraz, s\u00fcs bitkilerinde de \u00fclkedeki en \u00f6nemli tedarik merkezlerinden birinin \u0130zmir oldu\u011funu dile getirdi.<\/p>\n<p>&#8216;KURULAN BA\u011eLANTILAR YARININ YATIRIMINA D\u00d6N\u00dc\u015eEB\u0130L\u0130R&#8217;<\/p>\n<p>\u0130zmir Ticaret Borsas\u0131 (\u0130TB) Meclis Ba\u015fkan\u0131 G\u00f6khan Tuncer de d\u00fcnya n\u00fcfusunun artmaya devam ederken g\u0131da talebinin de giderek b\u00fcy\u00fcd\u00fc\u011f\u00fcne dikkati \u00e7ekerek &#8220;Teknoloji tar\u0131m\u0131n en b\u00fcy\u00fck kayna\u011f\u0131d\u0131r. Bir \u00fclkedeki kurakl\u0131k ba\u015fka \u00fclkedeki fiyatlar\u0131 etkiliyor. G\u0131da zincirinin s\u00fcrd\u00fcr\u00fclebilirli\u011fi giderek daha stratejik hale geliyor. \u0130nsanl\u0131k \u00fcretmeye daha fazla ihtiya\u00e7 duyuyor. Son iki y\u0131ld\u0131r 33 milyar dolar olan tar\u0131m ihracat\u0131m\u0131z\u0131 orta vadede 50 milyar dolara \u00e7\u0131karabiliriz. Fuarlarda kurulan ba\u011flant\u0131lar yar\u0131n\u0131n yat\u0131r\u0131m\u0131na d\u00f6n\u00fc\u015febilir&#8221; ifadelerini kulland\u0131.<\/p>\n<p>\u00c7ALI\u015eTAYLARDA FARKLI KONULAR ELE ALINACAK<\/p>\n<p>D\u00fczenlenecek Al\u0131m Heyeti Programlar\u0131 kapsam\u0131nda, i\u015f insanlar\u0131, T\u00fcrk \u00fcreticilerle B2B g\u00f6r\u00fc\u015fmelerde bir araya gelecek. Fuar kapsam\u0131nda, gazeteci \u0130smail U\u011fural koordinat\u00f6rl\u00fc\u011f\u00fcnde ger\u00e7ekle\u015ftirilecek \u0130zmir Tar\u0131m Grubu (\u0130TG) konferanslar\u0131nda, tar\u0131m sekt\u00f6r\u00fcne y\u00f6nelik \u00e7e\u015fitli ba\u015fl\u0131klar ele al\u0131nacak. Alan\u0131nda uzman isimlerin, akademisyenlerin ve sekt\u00f6r temsilcilerinin konu\u015fmac\u0131 olarak yer alaca\u011f\u0131 oturumlarda; s\u00fcrd\u00fcr\u00fclebilir \u00fcretim modelleri, iklim de\u011fi\u015fikli\u011finin tar\u0131ma etkileri, su y\u00f6netimi ve tar\u0131msal ekonomi konular\u0131nda de\u011ferlendirmeler yap\u0131lacak. Fuar kapsam\u0131nda ayr\u0131ca &#8216;Tar\u0131m, Su, Ya\u015fam&#8217; ba\u015fl\u0131\u011f\u0131yla \u00e7al\u0131\u015ftay da d\u00fczenlenecek.<\/p>\n","protected":false},"excerpt":{"rendered":"<p>\u0130zmir&#8217;de d\u00fczenlenen AGROEXPO Fuar\u0131, 60 \u00fclkeden kat\u0131l\u0131mc\u0131yla &#8216;Hayat Veren Su&#8217; temas\u0131yla a\u00e7\u0131ld\u0131.<\/p>\n","protected":false},"author":1,"featured_media":42637,"comment_status":"open","ping_status":"open","sticky":false,"template":"","format":"standard","meta":{"footnotes":""},"categories":[8],"tags":[437,433,706,978,371],"class_list":["post-42636","post","type-post","status-publish","format-standard","has-post-thumbnail","hentry","category-ekonomi","tag-dunya","tag-fuar","tag-insan","tag-izmir","tag-tarim"],"_links":{"self":[{"href":"https:\/\/bihavadis.com\/index.php\/wp-json\/wp\/v2\/posts\/42636","targetHints":{"allow":["GET"]}}],"collection":[{"href":"https:\/\/bihavadis.com\/index.php\/wp-json\/wp\/v2\/posts"}],"about":[{"href":"https:\/\/bihavadis.com\/index.php\/wp-json\/wp\/v2\/types\/post"}],"author":[{"embeddable":true,"href":"https:\/\/bihavadis.com\/index.php\/wp-json\/wp\/v2\/users\/1"}],"replies":[{"embeddable":true,"href":"https:\/\/bihavadis.com\/index.php\/wp-json\/wp\/v2\/comments?post=42636"}],"version-history":[{"count":1,"href":"https:\/\/bihavadis.com\/index.php\/wp-json\/wp\/v2\/posts\/42636\/revisions"}],"predecessor-version":[{"id":42638,"href":"https:\/\/bihavadis.com\/index.php\/wp-json\/wp\/v2\/posts\/42636\/revisions\/42638"}],"wp:featuredmedia":[{"embeddable":true,"href":"https:\/\/bihavadis.com\/index.php\/wp-json\/wp\/v2\/media\/42637"}],"wp:attachment":[{"href":"https:\/\/bihavadis.com\/index.php\/wp-json\/wp\/v2\/media?parent=42636"}],"wp:term":[{"taxonomy":"category","embeddable":true,"href":"https:\/\/bihavadis.com\/index.php\/wp-json\/wp\/v2\/categories?post=42636"},{"taxonomy":"post_tag","embeddable":true,"href":"https:\/\/bihavadis.com\/index.php\/wp-json\/wp\/v2\/tags?post=42636"}],"curies":[{"name":"wp","href":"https:\/\/api.w.org\/{rel}","templated":true}]}}