{"id":42647,"date":"2026-02-23T02:33:05","date_gmt":"2026-02-23T02:33:05","guid":{"rendered":"https:\/\/bihavadis.com\/?p=42647"},"modified":"2026-02-23T02:33:05","modified_gmt":"2026-02-23T02:33:05","slug":"alper-kinardan-besiktas-yorumu-ersin-destanoglu-ile-bu-is-yurumez","status":"publish","type":"post","link":"https:\/\/bihavadis.com\/index.php\/2026\/02\/23\/alper-kinardan-besiktas-yorumu-ersin-destanoglu-ile-bu-is-yurumez\/","title":{"rendered":"Alper K\u0131nar&#8217;dan Be\u015fikta\u015f yorumu: Ersin Destano\u011flu ile bu i\u015f y\u00fcr\u00fcmez"},"content":{"rendered":"<p> Spor Yazar\u0131 Alper K\u0131nar, Trendyol S\u00fcper Lig&#8217;in 20. haftas\u0131nda oynanan kar\u015f\u0131la\u015fmalar\u0131 de\u011ferlendirdi ve dikkat \u00e7eken yorumlarda bulundu. Be\u015fikta\u015f, Galatasaray ve Fenerbah\u00e7e&#8217;nin haftay\u0131 nas\u0131l ge\u00e7irdi\u011fini tek tek ele alan K\u0131nar, \u00f6zellikle Be\u015fikta\u015f&#8217;\u0131n kaleci sorununa ve Galatasaray&#8217;\u0131n yar\u0131\u015ftaki avantaj\u0131na vurgu yapt\u0131.<\/p>\n<p><b>BE\u015e\u0130KTA\u015e&#8217;TA YAPILANMA S\u00dcREC\u0130 VE KALEC\u0130 SORUNU<\/b><\/p>\n<p>Be\u015fikta\u015f-Konyaspor kar\u015f\u0131la\u015fmas\u0131n\u0131 yorumlayan Alper K\u0131nar, siyah-beyazl\u0131 ekibin halen bir yap\u0131lanma s\u00fcreci i\u00e7erisinde oldu\u011funu belirtti. Be\u015fikta\u015f&#8217;\u0131n oyun plan\u0131nda istikrars\u0131zl\u0131klar ya\u015fad\u0131\u011f\u0131n\u0131 ifade eden K\u0131nar, &#8220;Be\u015fikta\u015f bir yap\u0131lanma i\u00e7erisinde&#8221; s\u00f6zleriyle s\u00fcrecin hen\u00fcz tamamlanmad\u0131\u011f\u0131n\u0131 dile getirdi. Orkun K\u00f6k\u00e7\u00fc&#8217;n\u00fcn sezonun en iyi ma\u00e7lar\u0131ndan birini oynad\u0131\u011f\u0131n\u0131 vurgulayan K\u0131nar, Mustafa Hekimo\u011flu&#8217;nun ise bu m\u00fccadelede beklenen katk\u0131y\u0131 veremedi\u011fini s\u00f6yledi.<\/p>\n<p>Konyaspor&#8217;un \u00f6n alana daha cesur \u00e7\u0131kmas\u0131 halinde sonucun farkl\u0131 olabilece\u011fini ifade eden K\u0131nar, teknik ekibe Taylan Bulut&#8217;un neden tercih edilmedi\u011fi sorusunu y\u00f6neltti. Kristjan Asllani transferinin talihsiz bir ba\u015flang\u0131\u00e7 yapt\u0131\u011f\u0131n\u0131 belirten deneyimli yorumcu, Be\u015fikta\u015f&#8217;\u0131n en b\u00fcy\u00fck probleminin ise kaleci pozisyonu oldu\u011funu net bir dille dile getirdi. K\u0131nar, &#8220;Be\u015fikta\u015f&#8217;\u0131n kaleci sorunu var, Ersin Destano\u011flu ile bu i\u015f y\u00fcr\u00fcmez&#8221; ifadeleriyle siyah-beyazl\u0131lar\u0131n acil olarak yeni bir kaleci transferi yapmas\u0131 gerekti\u011fini vurgulad\u0131.<\/p>\n<p><b>GALATASARAY VE FENERBAH\u00c7E CEPHES\u0130NDE \u015eAMP\u0130YONLUK HESAPLARI<\/b><\/p>\n<p>Galatasaray-Kayserispor kar\u015f\u0131la\u015fmas\u0131n\u0131 da de\u011ferlendiren Alper K\u0131nar, sar\u0131-k\u0131rm\u0131z\u0131l\u0131 ekibin hem oyun hem de kadro kalitesiyle yar\u0131\u015fta \u00f6nemli bir avantaj yakalad\u0131\u011f\u0131n\u0131 s\u00f6yledi. Yeni transfer Noa Lang&#8217;\u0131n performans\u0131na dikkat \u00e7eken K\u0131nar, oyuncunun ayak kalitesinin \u00e7ok y\u00fcksek oldu\u011funu belirtti. Galatasaray&#8217;\u0131n sezon boyunca istikrarl\u0131 bir g\u00f6r\u00fcnt\u00fc sergiledi\u011fini ifade eden K\u0131nar, &#8220;Galatasaray, \u015fampiyonluk yar\u0131\u015f\u0131nda 3 ad\u0131m \u00f6nde&#8221; s\u00f6zleriyle sar\u0131-k\u0131rm\u0131z\u0131l\u0131lar\u0131n psikolojik \u00fcst\u00fcnl\u00fc\u011f\u00fc eline ald\u0131\u011f\u0131n\u0131 kaydetti.<\/p>\n<p>Fenerbah\u00e7e cephesinde ise Kocaelispor-Fenerbah\u00e7e kar\u015f\u0131la\u015fmas\u0131n\u0131 de\u011ferlendiren K\u0131nar, trib\u00fcn atmosferine dikkat \u00e7ekerek Kocaelispor&#8217;un S\u00fcper Lig&#8217;de taraftar kalitesi en y\u00fcksek tak\u0131mlardan biri oldu\u011funu s\u00f6yledi. Fenerbah\u00e7e&#8217;nin h\u00fccum g\u00fcc\u00fcne vurgu yapan K\u0131nar, Asensio&#8217;nun kilit a\u00e7an bir oyuncu oldu\u011funu belirtti. Ancak sar\u0131-lacivertli ekibin santrafor eksikli\u011fine de dikkat \u00e7eken K\u0131nar, &#8220;Fenerbah\u00e7e, 2 g\u00fcn i\u00e7erisinde bir santrafor almazsa taraftar sinirlenir&#8221; diyerek transfer bask\u0131s\u0131n\u0131n artt\u0131\u011f\u0131n\u0131 ifade etti.<\/p>\n","protected":false},"excerpt":{"rendered":"<p>Spor Yazar\u0131 Alper K\u0131nar, Trendyol S\u00fcper Lig&#8217;in 20. haftas\u0131n\u0131 de\u011ferlendirirken Be\u015fikta\u015f, Galatasaray ve Fenerbah\u00e7e&#8217;ye dair \u00e7arp\u0131c\u0131 tespitlerde bulundu. Be\u015fikta\u015f&#8217;\u0131n halen yap\u0131lanma s\u00fcrecinde oldu\u011funu ve kaleci sorununu \u00e7\u00f6zemedi\u011fini vurgulayan K\u0131nar, Galatasaray&#8217;\u0131n oyun ve kadro istikrar\u0131yla \u015fampiyonluk yar\u0131\u015f\u0131nda 3 ad\u0131m \u00f6nde oldu\u011funu s\u00f6yledi. Fenerbah\u00e7e&#8217;de ise santrfor transferinin gecikmesinin taraftar\u0131 gerdi\u011fini ifade etti.<\/p>\n","protected":false},"author":1,"featured_media":0,"comment_status":"open","ping_status":"open","sticky":false,"template":"","format":"standard","meta":{"footnotes":""},"categories":[14],"tags":[1858,496,561,1269],"class_list":["post-42647","post","type-post","status-publish","format-standard","hentry","category-spor","tag-fenerbahce","tag-galatasaray","tag-ifade","tag-kaleci"],"_links":{"self":[{"href":"https:\/\/bihavadis.com\/index.php\/wp-json\/wp\/v2\/posts\/42647","targetHints":{"allow":["GET"]}}],"collection":[{"href":"https:\/\/bihavadis.com\/index.php\/wp-json\/wp\/v2\/posts"}],"about":[{"href":"https:\/\/bihavadis.com\/index.php\/wp-json\/wp\/v2\/types\/post"}],"author":[{"embeddable":true,"href":"https:\/\/bihavadis.com\/index.php\/wp-json\/wp\/v2\/users\/1"}],"replies":[{"embeddable":true,"href":"https:\/\/bihavadis.com\/index.php\/wp-json\/wp\/v2\/comments?post=42647"}],"version-history":[{"count":1,"href":"https:\/\/bihavadis.com\/index.php\/wp-json\/wp\/v2\/posts\/42647\/revisions"}],"predecessor-version":[{"id":42648,"href":"https:\/\/bihavadis.com\/index.php\/wp-json\/wp\/v2\/posts\/42647\/revisions\/42648"}],"wp:attachment":[{"href":"https:\/\/bihavadis.com\/index.php\/wp-json\/wp\/v2\/media?parent=42647"}],"wp:term":[{"taxonomy":"category","embeddable":true,"href":"https:\/\/bihavadis.com\/index.php\/wp-json\/wp\/v2\/categories?post=42647"},{"taxonomy":"post_tag","embeddable":true,"href":"https:\/\/bihavadis.com\/index.php\/wp-json\/wp\/v2\/tags?post=42647"}],"curies":[{"name":"wp","href":"https:\/\/api.w.org\/{rel}","templated":true}]}}