{"id":42662,"date":"2026-02-23T02:45:04","date_gmt":"2026-02-23T02:45:04","guid":{"rendered":"https:\/\/bihavadis.com\/?p=42662"},"modified":"2026-02-23T02:45:04","modified_gmt":"2026-02-23T02:45:04","slug":"buyuksehirin-kent-lokantalarinda-iftar-ucretsiz","status":"publish","type":"post","link":"https:\/\/bihavadis.com\/index.php\/2026\/02\/23\/buyuksehirin-kent-lokantalarinda-iftar-ucretsiz\/","title":{"rendered":"B\u00fcy\u00fck\u015fehir&#8217;in Kent Lokantalar\u0131&#8217;nda iftar \u00fccretsiz"},"content":{"rendered":"<p>\u0130zmir B\u00fcy\u00fck\u015fehir Belediyesi, ramazan ay\u0131nda iftar dayan\u0131\u015fmas\u0131n\u0131 kentin d\u00f6rt bir yan\u0131na ta\u015f\u0131yor. Kent Lokantalar\u0131nda sunulan \u00fccretsiz iftar yeme\u011fi, yurtta\u015flar taraf\u0131ndan memnuniyetle kar\u015f\u0131lan\u0131yor.\u00a0<\/p>\n<p>\u0130zmir B\u00fcy\u00fck\u015fehir Belediye Ba\u015fkan\u0131 Dr. Cemil Tugay\u2019\u0131n a\u011f\u0131rla\u015fan ekonomik ko\u015fullar kar\u015f\u0131s\u0131nda yurtta\u015flar\u0131n sa\u011fl\u0131kl\u0131 ve uygun fiyatl\u0131 yeme\u011fe eri\u015fimini sa\u011flamak amac\u0131yla hizmete a\u00e7t\u0131\u011f\u0131 Kent Lokantalar\u0131\u2019nda \u00fccretsiz iftar yeme\u011fi sunuluyor. B\u00fcy\u00fck\u015fehir Belediyesi ramazan ay\u0131nda t\u00fcm il\u00e7elerde iftar sofralar\u0131 kurarken, Kent Lokantalar\u0131\u2019nda da dayan\u0131\u015fmay\u0131 b\u00fcy\u00fct\u00fcyor. Karaba\u011flar, \u00c7i\u011fli, Menemen ve Alia\u011fa\u2019da bulunan lokantalardaki iftar yeme\u011fi uygulamas\u0131na \u0130zmirliler de ba\u011f\u0131\u015flar\u0131yla katk\u0131da bulunabiliyor. Yaln\u0131zca Kemeralt\u0131 Kent Lokantas\u0131, \u00e7ar\u015f\u0131ya ara\u00e7 giri\u015f \u00e7\u0131k\u0131\u015f saatleri ve iftar zaman\u0131nda b\u00f6lgenin yo\u011fun olmamas\u0131 nedeniyle \u00fccretsiz iftar yeme\u011fi sistemi d\u0131\u015f\u0131nda tutuldu.\u00a0<\/p>\n<p><strong>\u0130ftara \u00f6zel protein de\u011feri y\u00fcksek yemekler haz\u0131rland\u0131<\/strong><\/p>\n<p>\u0130zmir B\u00fcy\u00fck\u015fehir Belediyesi Grand Plaza Turizm A\u015e\u2019de \u0130\u015fletmeler M\u00fcd\u00fcrl\u00fc\u011f\u00fc\u2019ne ba\u011fl\u0131 olarak g\u00f6rev yapan P\u0131nar Salman, bu uygulamay\u0131 ge\u00e7en sene ba\u015flatt\u0131klar\u0131n\u0131 belirterek \u201c\u00d6\u011fle saati yemek uygulamam\u0131za ek olarak \u00fccretsiz iftar yeme\u011fi veriyoruz. G\u0131da m\u00fchendislerimiz iftar i\u00e7in protein de\u011feri y\u00fcksek et a\u011f\u0131rl\u0131kl\u0131 bir men\u00fc haz\u0131rlad\u0131. \u00d6zel olarak hurma ve zeytin bulunuyor. T\u00fcm hem\u015fehrilerimize hay\u0131rl\u0131 ramazanlar diliyoruz. D\u00f6rt kent lokantam\u0131zda \u00fccretsiz iftar yemeklerimize herkesi bekliyoruz\u201d dedi.\u00a0<br \/>Salman, \u015fu ana kadar 750 bin porsiyon yemek hizmeti sunduklar\u0131n\u0131 belirterek \u201cFiyatlar\u0131m\u0131z hala 50 lira. Lokasyonlar\u0131m\u0131z\u0131 art\u0131rmaya, do\u011fru noktada do\u011fru ki\u015filere eri\u015fmeye \u00e7al\u0131\u015f\u0131yoruz. \u00d6zellikle d\u00fc\u015f\u00fck gelir gruplar\u0131na hizmet etmeyi ama\u00e7l\u0131yoruz\u201d ifadelerini kulland\u0131.<\/p>\n<p><strong>\u0130zmirlilerden \u00fccretsiz iftara tam not<\/strong><\/p>\n<p>Kent Lokantalar\u0131nda verilen \u00fccretsiz iftar yeme\u011fi, yurtta\u015flardan olumlu geri d\u00f6n\u00fc\u015f ald\u0131. Celal Acar, hizmetten duydu\u011fu memnuniyeti dile getirerek, \u201c\u00c7ok memnunuz, yemekler de g\u00fczel. Allah raz\u0131 olsun. Ramazan boyunca \u00fccretsiz olmas\u0131 \u00e7ok g\u00fczel bir hizmet\u201d dedi.<\/p>\n<p>Bekir Atalay ise, \u201cYemeklerden \u00e7ok memnunum. Allah bin kere raz\u0131 olsun. \u00c7al\u0131\u015fanlar\u0131n hepsi sayg\u0131l\u0131 ve ilgili. Buraya gelen insanlar i\u00e7in b\u00fcy\u00fck bir destek, bizim i\u00e7in bir \u015fans\u201d ifadelerini kulland\u0131.\u00a0<\/p>\n<p>Rukiye Cant\u00f6re de verilen hizmetten duydu\u011fu memnuniyeti dile getirerek, \u201c\u0130zmir B\u00fcy\u00fck\u015fehir Belediye Ba\u015fkan\u0131m\u0131z\u0131n sundu\u011fu bu hizmetten \u00e7ok memnunuz. Eme\u011fi ge\u00e7en herkese te\u015fekk\u00fcr ediyorum\u201d dedi.\u00a0<\/p>\n<p><strong>\u0130zmir\u2019in kendi \u00fcretimi olan su ve ekmek de var\u00a0<\/strong><\/p>\n<p>Kent Lokantalar\u0131ndaki men\u00fcler 4 \u00e7e\u015fitten olu\u015fuyor ve her g\u00fcn Grand Plaza A\u015e b\u00fcnyesinde \u00e7al\u0131\u015fan g\u0131da m\u00fchendisleri taraf\u0131ndan belirleniyor. Men\u00fcde beslenme de\u011ferleri g\u00f6zetilerek belirlenen doyurucu bir ana yemek ve t\u00fcm men\u00fcyle uyumlu \u015fekilde belirlenen bir \u00e7orba yer al\u0131yor. \u0130lave olarak pilav, makarna gibi \u00e7e\u015fitlerin yan\u0131 s\u0131ra salata, tatl\u0131 ya da meyve gibi bir yard\u0131mc\u0131 yemek de bulunuyor. Kent Lokantalar\u0131\u2019n\u0131n 50 TL\u2019den sunulan men\u00fcs\u00fcnde \u0130zmir\u2019in kendi \u00fcretimi olan su ve ekmek de yer al\u0131yor. \u0130zmir B\u00fcy\u00fck\u015fehir Belediyesi\u2019nin \u00d6demi\u015f Bademli\u2019de \u00fcretti\u011fi do\u011fal kaynak suyu Bademsu ve \u00c7i\u011fli Halk Ekmek Fabrikas\u0131\u2019nda \u00fcretilen Halk Ekmek vatanda\u015flar\u0131n sofras\u0131na getiriliyor.\u00a0<\/p>\n<p>Sa\u011fl\u0131kl\u0131, lezzetli ve ekonomik men\u00fclerin sunuldu\u011fu Kent Lokantalar\u0131\u2019n\u0131n \u0130zmir genelinde daha da yayg\u0131nla\u015fmas\u0131 hedefleniyor. \u00d6zellikle \u00f6\u011frenciler, \u00e7al\u0131\u015fanlar ve emeklilerin bulundu\u011fu b\u00f6lgelere \u00f6ncelik verilerek a\u00e7\u0131lmas\u0131 planlanan yeni lokantalar i\u00e7in \u0130zmir B\u00fcy\u00fck\u015fehir Belediyesi taraf\u0131ndan \u00e7al\u0131\u015fmalar s\u00fcrd\u00fcr\u00fcl\u00fcyor. Kemeralt\u0131 \u00c7ar\u015f\u0131s\u0131 Bal\u0131k\u00e7\u0131lar Meydan\u0131, \u00c7i\u011fli Maltepe Mahallesi, Karaba\u011flar\u2019da kaymakaml\u0131k binas\u0131n\u0131n kar\u015f\u0131s\u0131nda, Menemen\u2019in Mermerli Mahallesi\u2019nde ve Alia\u011fa K\u00fclt\u00fcr Mahallesi H\u00fck\u00fcmet Caddesi\u2019nde kap\u0131lar\u0131 a\u00e7\u0131k olan lokantalar, hafta i\u00e7i saat 11.30\u2019dan itibaren hizmet veriyor.<\/p>\n<p>Kaynak: (BYZHA) Beyaz Haber Ajans\u0131<\/p>\n","protected":false},"excerpt":{"rendered":"<p>\u0130zmir B\u00fcy\u00fck\u015fehir Belediyesi, ramazan ay\u0131nda iftar dayan\u0131\u015fmas\u0131n\u0131 kentin d\u00f6rt bir yan\u0131na ta\u015f\u0131yor. Kent Lokantalar\u0131nda sunulan \u00fccretsiz iftar yeme\u011fi, yurtta\u015flar taraf\u0131ndan memnuniyetle kar\u015f\u0131lan\u0131yor.\u00a0<\/p>\n","protected":false},"author":1,"featured_media":42663,"comment_status":"open","ping_status":"open","sticky":false,"template":"","format":"standard","meta":{"footnotes":""},"categories":[4],"tags":[315,675,1380,5860,684],"class_list":["post-42662","post","type-post","status-publish","format-standard","has-post-thumbnail","hentry","category-gundem","tag-hizmet","tag-iftar","tag-kent","tag-lokantalar","tag-yemek"],"_links":{"self":[{"href":"https:\/\/bihavadis.com\/index.php\/wp-json\/wp\/v2\/posts\/42662","targetHints":{"allow":["GET"]}}],"collection":[{"href":"https:\/\/bihavadis.com\/index.php\/wp-json\/wp\/v2\/posts"}],"about":[{"href":"https:\/\/bihavadis.com\/index.php\/wp-json\/wp\/v2\/types\/post"}],"author":[{"embeddable":true,"href":"https:\/\/bihavadis.com\/index.php\/wp-json\/wp\/v2\/users\/1"}],"replies":[{"embeddable":true,"href":"https:\/\/bihavadis.com\/index.php\/wp-json\/wp\/v2\/comments?post=42662"}],"version-history":[{"count":1,"href":"https:\/\/bihavadis.com\/index.php\/wp-json\/wp\/v2\/posts\/42662\/revisions"}],"predecessor-version":[{"id":42664,"href":"https:\/\/bihavadis.com\/index.php\/wp-json\/wp\/v2\/posts\/42662\/revisions\/42664"}],"wp:featuredmedia":[{"embeddable":true,"href":"https:\/\/bihavadis.com\/index.php\/wp-json\/wp\/v2\/media\/42663"}],"wp:attachment":[{"href":"https:\/\/bihavadis.com\/index.php\/wp-json\/wp\/v2\/media?parent=42662"}],"wp:term":[{"taxonomy":"category","embeddable":true,"href":"https:\/\/bihavadis.com\/index.php\/wp-json\/wp\/v2\/categories?post=42662"},{"taxonomy":"post_tag","embeddable":true,"href":"https:\/\/bihavadis.com\/index.php\/wp-json\/wp\/v2\/tags?post=42662"}],"curies":[{"name":"wp","href":"https:\/\/api.w.org\/{rel}","templated":true}]}}