{"id":42682,"date":"2026-02-23T03:00:37","date_gmt":"2026-02-23T03:00:37","guid":{"rendered":"https:\/\/bihavadis.com\/?p=42682"},"modified":"2026-02-23T03:00:37","modified_gmt":"2026-02-23T03:00:37","slug":"kocaelispordan-besiktas-maci-oncesi-aciklamalar","status":"publish","type":"post","link":"https:\/\/bihavadis.com\/index.php\/2026\/02\/23\/kocaelispordan-besiktas-maci-oncesi-aciklamalar\/","title":{"rendered":"Kocaelispor&#8217;dan Be\u015fikta\u015f Ma\u00e7\u0131 \u00d6ncesi A\u00e7\u0131klamalar"},"content":{"rendered":"<p>\n<p>KOCAEL\u0130SPOR Teknik Direkt\u00f6r\u00fc Sel\u00e7uk \u0130nan, &#8220;Be\u015fikta\u015f ma\u00e7\u0131 bizim i\u00e7in ger\u00e7ekten \u00e7ok \u00f6nemli \u00e7\u00fcnk\u00fc kupada da yolumuza devam etmek istiyoruz. \u00c7ok belirleyici bir ma\u00e7 olacak. Be\u015fikta\u015f \u00f6nemli oyunculara sahip bir tak\u0131m. Bizi ger\u00e7ekten zorlu bir m\u00fccadele bekliyor. Kendi saham\u0131zda, kendi stad\u0131m\u0131zda, seyircimizle beraber avantajl\u0131 bir skor almak istiyoruz&#8221; dedi. <\/p>\n<p>T\u00fcrkiye Kupas\u0131 C Grubu&#8217;ndaki 3&#8217;\u00fcnc\u00fc ma\u00e7\u0131nda Kocaelispor, Per\u015fembe g\u00fcn\u00fc saat 18.00&#8217;de evinde Be\u015fikta\u015f ile kar\u015f\u0131la\u015facak. K\u00f6rfez temsilcisi bu ma\u00e7\u0131n haz\u0131rl\u0131klar\u0131na K\u00f6rfez Brunga Tesisleri&#8217;nde yapt\u0131\u011f\u0131 antrenmanla ba\u015flad\u0131. D\u00fcz ko\u015fu ve \u0131s\u0131nma hareketleriyle ba\u015flayan antrenman pas \u00e7al\u0131\u015fmalar\u0131yla s\u00fcrd\u00fc. Kocaelispor Teknik Direkt\u00f6r\u00fc Sel\u00e7uk \u0130nan ve kaleci ayn\u0131 zamanda tak\u0131m kaptan\u0131 G\u00f6khan De\u011firmenci, bas\u0131n mensuplar\u0131n\u0131n sorular\u0131n\u0131 cevaplad\u0131. <\/p>\n<p>SEL\u00c7UK \u0130NAN: BE\u015e\u0130KTA\u015e \u00d6NEML\u0130 OYUNCULARA SAH\u0130P B\u0130R TAKIM<\/p>\n<p>Be\u015fikta\u015f ma\u00e7\u0131n\u0131n zor ge\u00e7ece\u011fini s\u00f6yleyen Sel\u00e7uk \u0130nan, &#8220;D\u00fcn Fenerbah\u00e7e kar\u015f\u0131s\u0131nda istemedi\u011fimiz bir sonu\u00e7 ald\u0131k. Kazanmaya yak\u0131n olan taraft\u0131k. Zaten ma\u00e7tan sonra gerekli de\u011ferlendirmeleri yapt\u0131k teknik olarak. \u0130yi oynad\u0131\u011f\u0131m\u0131z, iyi m\u00fccadele etti\u011fimiz bir ma\u00e7t\u0131 ama en nihayetinde \u015fanss\u0131z bir \u015fekilde ma\u00e7\u0131 kaybettik. \u00dczg\u00fcn\u00fcz ama bunu art\u0131k geride b\u0131rakmak laz\u0131m \u00e7\u00fcnk\u00fc \u00e7ok da \u00f6nemli bir Be\u015fikta\u015f ma\u00e7\u0131m\u0131z var. Bug\u00fcnle beraber \u00e7al\u0131\u015fmalar\u0131m\u0131z da ba\u015flad\u0131. Be\u015fikta\u015f ma\u00e7\u0131 bizim i\u00e7in ger\u00e7ekten \u00e7ok \u00f6nemli \u00e7\u00fcnk\u00fc kupada da yolumuza devam etmek istiyoruz. \u00c7ok belirleyici bir ma\u00e7 olacak. Be\u015fikta\u015f \u00f6nemli oyunculara sahip bir tak\u0131m. Bizi ger\u00e7ekten zorlu bir m\u00fccadele bekliyor. Kendi saham\u0131zda, kendi stad\u0131m\u0131zda, seyircimizle beraber avantajl\u0131 bir skor almak istiyoruz. \u0130n\u015fallah da bunu ba\u015far\u0131r\u0131z&#8221; dedi. <\/p>\n<p>&#8216;SKR\u0130N\u0130AR&#8217;IN, YAPMI\u015e OLDU\u011eU HAREKET AHLAK SINIRLARINI A\u015eAN B\u0130R HAREKET&#8217;<\/p>\n<p>Milan Skriniar&#8217;\u0131n, trib\u00fcnlere y\u00f6nelik hareketi hakk\u0131nda a\u00e7\u0131klamalarda bulunan \u0130nan, &#8220;Biz de g\u00f6r\u00fcnt\u00fcleri bilmiyorduk, ma\u00e7tan sonra g\u00f6r\u00fcnt\u00fcler hemen elimize ula\u015fm\u0131yor. Bu t\u00fcr hareketleri tasvir etmemiz m\u00fcmk\u00fcn de\u011fil. \u00d6zellikle Skriniar&#8217;\u0131n yapm\u0131\u015f oldu\u011fu hareket ahlak s\u0131n\u0131rlar\u0131n\u0131 a\u015fan bir hareket. Kabul edilemez bir \u015fey. \u00dclkemizde bu t\u00fcr hareketler hi\u00e7 ho\u015f kar\u015f\u0131lanm\u0131yor. Oyuncular\u0131n hangi tak\u0131m\u0131n formas\u0131n\u0131 giydi\u011fi fark etmeksizin konu\u015fuyorum. Kocaelispor taraftar\u0131 b\u00fcy\u00fck bir camia 35 bin insan\u0131n kar\u015f\u0131s\u0131nda bu hareketi yapmak kabul edilemez. Bu bir sayg\u0131s\u0131zl\u0131kt\u0131, a\u00e7\u0131k \u015fekilde s\u00f6yleyebilirim. Alvarez&#8217;in yapm\u0131\u015f oldu\u011fu hareket de tahrik edici bir hareketti. Hakemin Linety&#8217;e sadece sar\u0131 kart verip onu pas ge\u00e7mesi; hakemlerle ilgili \u00e7ok fazla bir \u015fey s\u00f6ylemiyorum \u00e7\u00fcnk\u00fc hata yapabilirler. Saha i\u00e7inde vermi\u015f oldu\u011fu kararlara al\u0131\u015f\u0131\u011f\u0131z, bazen lehte ya da aleyhte olabiliyor ki bizde genelde aleyhte oluyor ama d\u00fcn yapm\u0131\u015f oldu\u011fu hareketlerden sonra verilen kararlar bence hakemler ad\u0131na utan\u00e7 vericiydi. Buna vesile olan hakemler ma\u00e7tan sonra g\u00f6r\u00fcnt\u00fcleri izleyince utanmal\u0131&#8221; dedi. <\/p>\n<p>G\u00d6KHAN DE\u011e\u0130RMENC\u0130: B\u0130Z\u0130M \u0130\u00c7\u0130N B\u0130R AVANTAJ<\/p>\n<p>Tak\u0131m kaptan\u0131 G\u00f6khan De\u011firmenci ise a\u00e7\u0131klamas\u0131nda, &#8220;Hem kul\u00fcb\u00fcm\u00fcz\u00fcn hem hocam\u0131z\u0131n ve bizlerin d\u00fc\u015f\u00fcncesi kupada iddial\u0131 olmak. B\u00f6yle bir Fenerbah\u00e7e ma\u011flubiyetinin ard\u0131ndan da \u00fc\u00e7 g\u00fcn sonra Be\u015fikta\u015f&#8217;la i\u00e7eride oynayacak olmam\u0131z ve iddial\u0131 olmak istedi\u011fimiz bir kulvardan oynayacak olmam\u0131z asl\u0131nda bizim i\u00e7in bir avantaj. \u0130\u00e7eride \u00e7ok g\u00fczel bir ma\u00e7 olaca\u011f\u0131n\u0131 d\u00fc\u015f\u00fcn\u00fcyorum. Biz de bir an \u00f6nce bu ma\u00e7\u0131 unutup kupada iddial\u0131 oldu\u011fumuzu tekrar herkese g\u00f6stermek istiyoruz. \u0130n\u015fallah Be\u015fikta\u015f ma\u00e7\u0131n\u0131 i\u00e7eride kazan\u0131p yolumuza kupada da devam etmek istiyoruz son ma\u00e7\u0131 da oynay\u0131p. Dedi\u011fim gibi in\u015fallah gidebildi\u011fimiz yere kadar kupada gidece\u011fiz&#8221; dedi. <\/p>\n<p>&#8216;FENERBAH\u00c7E CAM\u0130ASI DA YAPTI\u011eININ YANLI\u015e OLDU\u011eUNU D\u0130LE GET\u0130RM\u0130\u015eT\u0130R KEND\u0130S\u0130NE&#8217;<\/p>\n<p>Milan Skriniar&#8217;\u0131n hareketine ili\u015fkin de a\u00e7\u0131klamalarda bulunan De\u011firmenci, &#8220;Biz de ma\u00e7\u0131n i\u00e7inde fark edemedik. Ben sadece alk\u0131\u015f olay\u0131n\u0131 g\u00f6rd\u00fcm Skriniar&#8217;\u0131n hakeme de s\u00f6yledim tahrik ediyor diye. Maalesef ma\u00e7tan sonra \u00e7ok daha vahimini g\u00f6rd\u00fck. Bu ger\u00e7ekten olmamas\u0131 gereken bir \u015fey. Herkese biz diyoruz ki &#8216;\u00e7olu\u011funuzla \u00e7ocu\u011funuzla ma\u00e7a gelin&#8217; herkesin ailesi var. Bu tarz hareketler ne kendisine yak\u0131\u015ft\u0131rd\u0131m ne camias\u0131na yak\u0131\u015ft\u0131rd\u0131m. Maalesef olmamas\u0131 gereken bir hareketti ve bunun kar\u015f\u0131l\u0131\u011f\u0131 da olmad\u0131 maalesef. Bu tarz hareketler, dedi\u011fim gibi arkas\u0131nda durulacak hareketler de de\u011fil. Camialar oyuncular\u0131n\u0131n arkas\u0131nda durur ama bu tarz hareketlerde eminim ki Fenerbah\u00e7e camias\u0131 da yapt\u0131\u011f\u0131n\u0131n yanl\u0131\u015f oldu\u011funu dile getirmi\u015ftir kendisine. Biz M\u00fcsl\u00fcman bir \u00fclkeyiz, yani bu d\u00fcnyan\u0131n hi\u00e7bir yerinde zaten yap\u0131lmamas\u0131 gerekiyor. O trib\u00fcne \u00e7ocuk geliyor, herkesin ailesi var&#8221; ifadelerini kulland\u0131. <\/p>\n","protected":false},"excerpt":{"rendered":"<p>Sel\u00e7uk \u0130nan, Be\u015fikta\u015f ma\u00e7\u0131 i\u00e7in tak\u0131m\u0131n iddial\u0131 oldu\u011funu ve zorlu bir m\u00fccadele bekledi\u011fini belirtti.<\/p>\n","protected":false},"author":1,"featured_media":42683,"comment_status":"open","ping_status":"open","sticky":false,"template":"","format":"standard","meta":{"footnotes":""},"categories":[14],"tags":[731,5863,3444,364,1191],"class_list":["post-42682","post","type-post","status-publish","format-standard","has-post-thumbnail","hentry","category-spor","tag-hareket","tag-istiyoruz","tag-kupada","tag-mac","tag-onemli"],"_links":{"self":[{"href":"https:\/\/bihavadis.com\/index.php\/wp-json\/wp\/v2\/posts\/42682","targetHints":{"allow":["GET"]}}],"collection":[{"href":"https:\/\/bihavadis.com\/index.php\/wp-json\/wp\/v2\/posts"}],"about":[{"href":"https:\/\/bihavadis.com\/index.php\/wp-json\/wp\/v2\/types\/post"}],"author":[{"embeddable":true,"href":"https:\/\/bihavadis.com\/index.php\/wp-json\/wp\/v2\/users\/1"}],"replies":[{"embeddable":true,"href":"https:\/\/bihavadis.com\/index.php\/wp-json\/wp\/v2\/comments?post=42682"}],"version-history":[{"count":1,"href":"https:\/\/bihavadis.com\/index.php\/wp-json\/wp\/v2\/posts\/42682\/revisions"}],"predecessor-version":[{"id":42684,"href":"https:\/\/bihavadis.com\/index.php\/wp-json\/wp\/v2\/posts\/42682\/revisions\/42684"}],"wp:featuredmedia":[{"embeddable":true,"href":"https:\/\/bihavadis.com\/index.php\/wp-json\/wp\/v2\/media\/42683"}],"wp:attachment":[{"href":"https:\/\/bihavadis.com\/index.php\/wp-json\/wp\/v2\/media?parent=42682"}],"wp:term":[{"taxonomy":"category","embeddable":true,"href":"https:\/\/bihavadis.com\/index.php\/wp-json\/wp\/v2\/categories?post=42682"},{"taxonomy":"post_tag","embeddable":true,"href":"https:\/\/bihavadis.com\/index.php\/wp-json\/wp\/v2\/tags?post=42682"}],"curies":[{"name":"wp","href":"https:\/\/api.w.org\/{rel}","templated":true}]}}