{"id":42700,"date":"2026-02-23T03:18:05","date_gmt":"2026-02-23T03:18:05","guid":{"rendered":"https:\/\/bihavadis.com\/?p=42700"},"modified":"2026-02-23T03:18:05","modified_gmt":"2026-02-23T03:18:05","slug":"cigli-belediyesi-zabitasindan-ramazanda-siki-denetim","status":"publish","type":"post","link":"https:\/\/bihavadis.com\/index.php\/2026\/02\/23\/cigli-belediyesi-zabitasindan-ramazanda-siki-denetim\/","title":{"rendered":"\u00c7i\u011fli Belediyesi Zab\u0131tas\u0131ndan Ramazan&#8217;da S\u0131k\u0131 Denetim"},"content":{"rendered":"<p>Ramazan ay\u0131nda artan g\u0131da t\u00fcketimi ve al\u0131\u015fveri\u015f hareketlili\u011fi nedeniyle denetimlerini s\u0131kla\u015ft\u0131ran \u00c7i\u011fli Belediyesi Zab\u0131ta M\u00fcd\u00fcrl\u00fc\u011f\u00fc ekipleri, il\u00e7e genelinde kapsaml\u0131 kontroller ger\u00e7ekle\u015ftirdi. \u00d6zellikle temel g\u0131da \u00fcr\u00fcnlerinde hijyen ko\u015fullar\u0131 ve fiyat uygulamalar\u0131 mercek alt\u0131na al\u0131nd\u0131.<\/p>\n<p>Marketler, lokantalar, f\u0131r\u0131nlar, pastaneler ve zincir sat\u0131\u015f noktalar\u0131nda yap\u0131lan denetimlerde; \u00fcr\u00fcnlerin son kullanma tarihleri, saklama ko\u015fullar\u0131, gramaj uygunlu\u011fu ve fiyat etiketleri titizlikle incelendi. Vatanda\u015flar\u0131n sa\u011fl\u0131kl\u0131 ve g\u00fcvenli g\u0131daya eri\u015fimini sa\u011flamak amac\u0131yla y\u00fcr\u00fct\u00fclen kontroller kapsam\u0131nda, 6502 say\u0131l\u0131 T\u00fcketicinin Korunmas\u0131 Kanunu \u00e7er\u00e7evesinde mevzuata ayk\u0131r\u0131 durumlara y\u00f6nelik gerekli uyar\u0131lar yap\u0131l\u0131rken, eksiklik tespit edilen i\u015fletmelere yasal i\u015flem uyguland\u0131.<\/p>\n<p><b>Raflar Tek Tek Kontrol Edildi<\/b><\/p>\n<p>Ger\u00e7ekle\u015ftirilen denetimlerde ekipler; raf fiyat\u0131 ile kasa fiyat\u0131 aras\u0131ndaki uyumu, i\u015f yeri a\u00e7ma ve \u00e7al\u0131\u015ft\u0131rma ruhsatlar\u0131n\u0131, son kullanma tarihi ge\u00e7mi\u015f ya da raf \u00f6mr\u00fc dolmu\u015f \u00fcr\u00fcnleri detayl\u0131 \u015fekilde inceledi. Raflar tek tek kontrol edilirken, \u00fcr\u00fcnlerin uygun s\u0131cakl\u0131k ve hijyen ko\u015fullar\u0131nda muhafaza edilip edilmedi\u011fi denetlendi. Etiket bilgilerinin do\u011fru ve yan\u0131lt\u0131c\u0131 olmamas\u0131 gerekti\u011fi hat\u0131rlat\u0131l\u0131rken, i\u00e7erik ve fiyat bilgileri ayr\u0131nt\u0131l\u0131 bi\u00e7imde de\u011ferlendirildi. Ayr\u0131ca i\u015fletmelerin ruhsat ve \u00e7al\u0131\u015fma belgelerinin tam ve ge\u00e7erli olup olmad\u0131\u011f\u0131 da denetim kapsam\u0131na al\u0131nd\u0131.<\/p>\n<p><b>Ba\u015fkan Y\u0131ld\u0131z: \u201cDenetimlerimiz aral\u0131ks\u0131z devam edecek\u201d<\/b><\/p>\n<p>\u00c7i\u011fli Belediye Ba\u015fkan\u0131 Onur Emrah Y\u0131ld\u0131z, Denetimlerin Ramazan ay\u0131 boyunca aral\u0131ks\u0131z s\u00fcrece\u011fini belirterek g\u00fcvenlik vurgusu yapt\u0131. Y\u0131ld\u0131z, \u201cVatanda\u015flar\u0131m\u0131z\u0131n g\u00fcvenli ve sa\u011fl\u0131kl\u0131 al\u0131\u015fveri\u015f yapabilmesi i\u00e7in ekiplerimiz Ramazan boyunca sahada olacak. T\u00fcketici haklar\u0131n\u0131n korunmas\u0131 bizim \u00f6nceli\u011fimizdir. Hem halk sa\u011fl\u0131\u011f\u0131n\u0131 hem de ekonomik d\u00fczeni korumak ad\u0131na denetimlerimizi kararl\u0131l\u0131kla s\u00fcrd\u00fcr\u00fcyoruz. Hi\u00e7bir vatanda\u015f\u0131m\u0131z\u0131n ma\u011fdur edilmesine izin vermeyece\u011fiz. Hem\u015fehrilerimizin g\u00f6n\u00fcl rahatl\u0131\u011f\u0131yla al\u0131\u015fveri\u015f yapabilmesi bizim en temel sorumlulu\u011fumuzdur. Zab\u0131ta ekiplerimiz sahada yo\u011fun bir \u00e7al\u0131\u015fma y\u00fcr\u00fct\u00fcyor. Fahi\u015f fiyat uygulamalar\u0131na, hijyen kurallar\u0131na ayk\u0131r\u0131 \u00fcretim ve sat\u0131\u015flara kesinlikle m\u00fcsamaha g\u00f6stermiyoruz ve g\u00f6stermeyiz. T\u00fcketici haklar\u0131n\u0131n korunmas\u0131 ve esnaf\u0131m\u0131z aras\u0131nda adil rekabet ortam\u0131n\u0131n sa\u011flanmas\u0131 i\u00e7in denetimlerimizi aral\u0131ks\u0131z s\u00fcrd\u00fcr\u00fcyoruz\u201d diye konu\u015ftu.\u00a0<\/p>\n<p>Kaynak: (BYZHA) Beyaz Haber Ajans\u0131<\/p>\n","protected":false},"excerpt":{"rendered":"<p>Ramazan ay\u0131nda artan g\u0131da t\u00fcketimi ve al\u0131\u015fveri\u015f hareketlili\u011fi nedeniyle denetimlerini s\u0131kla\u015ft\u0131ran \u00c7i\u011fli Belediyesi Zab\u0131ta M\u00fcd\u00fcrl\u00fc\u011f\u00fc ekipleri, il\u00e7e genelinde kapsaml\u0131 kontroller ger\u00e7ekle\u015ftirdi.<\/p>\n","protected":false},"author":1,"featured_media":42701,"comment_status":"open","ping_status":"open","sticky":false,"template":"","format":"standard","meta":{"footnotes":""},"categories":[4],"tags":[411,412],"class_list":["post-42700","post","type-post","status-publish","format-standard","has-post-thumbnail","hentry","category-gundem","tag-denetim","tag-fiyat"],"_links":{"self":[{"href":"https:\/\/bihavadis.com\/index.php\/wp-json\/wp\/v2\/posts\/42700","targetHints":{"allow":["GET"]}}],"collection":[{"href":"https:\/\/bihavadis.com\/index.php\/wp-json\/wp\/v2\/posts"}],"about":[{"href":"https:\/\/bihavadis.com\/index.php\/wp-json\/wp\/v2\/types\/post"}],"author":[{"embeddable":true,"href":"https:\/\/bihavadis.com\/index.php\/wp-json\/wp\/v2\/users\/1"}],"replies":[{"embeddable":true,"href":"https:\/\/bihavadis.com\/index.php\/wp-json\/wp\/v2\/comments?post=42700"}],"version-history":[{"count":1,"href":"https:\/\/bihavadis.com\/index.php\/wp-json\/wp\/v2\/posts\/42700\/revisions"}],"predecessor-version":[{"id":42702,"href":"https:\/\/bihavadis.com\/index.php\/wp-json\/wp\/v2\/posts\/42700\/revisions\/42702"}],"wp:featuredmedia":[{"embeddable":true,"href":"https:\/\/bihavadis.com\/index.php\/wp-json\/wp\/v2\/media\/42701"}],"wp:attachment":[{"href":"https:\/\/bihavadis.com\/index.php\/wp-json\/wp\/v2\/media?parent=42700"}],"wp:term":[{"taxonomy":"category","embeddable":true,"href":"https:\/\/bihavadis.com\/index.php\/wp-json\/wp\/v2\/categories?post=42700"},{"taxonomy":"post_tag","embeddable":true,"href":"https:\/\/bihavadis.com\/index.php\/wp-json\/wp\/v2\/tags?post=42700"}],"curies":[{"name":"wp","href":"https:\/\/api.w.org\/{rel}","templated":true}]}}