{"id":42713,"date":"2026-02-23T03:30:09","date_gmt":"2026-02-23T03:30:09","guid":{"rendered":"https:\/\/bihavadis.com\/?p=42713"},"modified":"2026-02-23T03:30:09","modified_gmt":"2026-02-23T03:30:09","slug":"hakkaride-ahiri-yikildi-enkaz-basinda-agladi","status":"publish","type":"post","link":"https:\/\/bihavadis.com\/index.php\/2026\/02\/23\/hakkaride-ahiri-yikildi-enkaz-basinda-agladi\/","title":{"rendered":"Hakkari&#8217;de ah\u0131r\u0131 y\u0131k\u0131ld\u0131, enkaz ba\u015f\u0131nda a\u011flad\u0131"},"content":{"rendered":"<p>Y\u00fcksekova-Esendere yolu \u00fczerindeki Sar\u0131ta\u015f k\u00f6y\u00fcnde hayat\u0131n t\u00fcm y\u00fck\u00fcn\u00fc omuzlar\u0131nda tek ba\u015f\u0131na ta\u015f\u0131yan Zine Ya\u015far, k\u0131\u015f\u0131n en sert darbesiyle sars\u0131ld\u0131.<\/p>\n<p>E\u015fi vefat eden ve \u00e7ocuklar\u0131 yan\u0131nda olmayan talihsiz kad\u0131n, son on y\u0131l\u0131n en yo\u011fun kar ya\u011f\u0131\u015f\u0131n\u0131n ya\u015fand\u0131\u011f\u0131 b\u00f6lgede ekmek kap\u0131s\u0131 olan ah\u0131r\u0131n\u0131 kaybetti.<\/p>\n<p>Sabah saatlerinde b\u00fcy\u00fck bir g\u00fcr\u00fclt\u00fcyle \u00e7\u00f6ken ah\u0131r, Zine Teyze&#8217;nin d\u00fcnyas\u0131n\u0131 ba\u015f\u0131na y\u0131kt\u0131.<\/p>\n<p><strong>AHIRI YIKILDI<\/strong><\/p>\n<p>\u015eans eseri koyunlar\u0131n i\u00e7eride olmad\u0131\u011f\u0131 o anlarda d\u0131\u015far\u0131 f\u0131rlayan ya\u015fl\u0131 kad\u0131n, kar\u015f\u0131la\u015ft\u0131\u011f\u0131 manzara kar\u015f\u0131s\u0131nda dizlerinin \u00fczerine \u00e7\u00f6kt\u00fc. Y\u0131k\u0131lan ah\u0131r\u0131n\u0131n harabesi ba\u015f\u0131nda g\u00f6zya\u015flar\u0131 i\u00e7inde bekleyen Zine Teyze, \u00e7aresizli\u011fini feryat ederek dile getirdi.<\/p>\n<p><img decoding=\"async\" src=\"https:\/\/bihavadis.com\/wp-content\/uploads\/2026\/02\/hakkaride-ahiri-yikildi-enkaz-basinda-agladi-0-raIGV9r8.jpg\"\/><\/p>\n<p><strong>&#8220;YARDIM BEKL\u0130YORUM&#8221;<\/strong><\/p>\n<p>\u00c7ocuklar\u0131ndan uzak bir ba\u015f\u0131na ya\u015fam sava\u015f\u0131 veren Zine Ya\u015far, g\u00f6zya\u015flar\u0131 aras\u0131nda \u015fu ifadeleri kulland\u0131:<\/p>\n<p><em><b>&#8220;E\u015fim yok, \u00e7ocuklar\u0131m yan\u0131mda de\u011fil. Burada bir ba\u015f\u0131ma, \u015fu koyunlar\u0131m\u0131n y\u00fcz\u00fcyle ayakta duruyordum. Tek ge\u00e7im kayna\u011f\u0131m bu ah\u0131rd\u0131, o da \u00fczerimize y\u0131k\u0131ld\u0131. \u015eimdi bu karda k\u0131\u015fta ben ne yapar\u0131m? Yard\u0131m eli bekliyorum.&#8221; <\/b><\/em><\/p>\n<p><img decoding=\"async\" src=\"https:\/\/bihavadis.com\/wp-content\/uploads\/2026\/02\/hakkaride-ahiri-yikildi-enkaz-basinda-agladi-1-GEa4QdGQ.jpg\"\/><\/p>\n<p><img decoding=\"async\" src=\"https:\/\/bihavadis.com\/wp-content\/uploads\/2026\/02\/hakkaride-ahiri-yikildi-enkaz-basinda-agladi-2-4FZGpEO1.jpg\"\/><\/p>\n<p><img decoding=\"async\" src=\"https:\/\/bihavadis.com\/wp-content\/uploads\/2026\/02\/hakkaride-ahiri-yikildi-enkaz-basinda-agladi-3-nliaqWXI.jpg\"\/><\/p>\n<p><img decoding=\"async\" src=\"https:\/\/bihavadis.com\/wp-content\/uploads\/2026\/02\/hakkaride-ahiri-yikildi-enkaz-basinda-agladi-4-U1DwzSAg.jpg\"\/><\/p>\n<p><img decoding=\"async\" src=\"https:\/\/bihavadis.com\/wp-content\/uploads\/2026\/02\/hakkaride-ahiri-yikildi-enkaz-basinda-agladi-5-lH82P2il.jpg\"\/><\/p>\n<p><img decoding=\"async\" src=\"https:\/\/bihavadis.com\/wp-content\/uploads\/2026\/02\/hakkaride-ahiri-yikildi-enkaz-basinda-agladi-6-TFwguWdS.jpg\"\/><\/p>\n","protected":false},"excerpt":{"rendered":"<p>Y\u00fcksekova il\u00e7esinin dondurucu so\u011fu\u011funda yaln\u0131z ba\u015f\u0131na ya\u015fam m\u00fccadelesi veren 60 ya\u015f\u0131ndaki Zine Ya\u015far, \u00e7\u00f6ken ah\u0131r\u0131n\u0131n enkaz\u0131 ba\u015f\u0131nda dakikalarca a\u011flad\u0131.<\/p>\n","protected":false},"author":1,"featured_media":42714,"comment_status":"open","ping_status":"open","sticky":false,"template":"","format":"standard","meta":{"footnotes":""},"categories":[4,13],"tags":[],"class_list":["post-42713","post","type-post","status-publish","format-standard","has-post-thumbnail","hentry","category-gundem","category-son-dakika"],"_links":{"self":[{"href":"https:\/\/bihavadis.com\/index.php\/wp-json\/wp\/v2\/posts\/42713","targetHints":{"allow":["GET"]}}],"collection":[{"href":"https:\/\/bihavadis.com\/index.php\/wp-json\/wp\/v2\/posts"}],"about":[{"href":"https:\/\/bihavadis.com\/index.php\/wp-json\/wp\/v2\/types\/post"}],"author":[{"embeddable":true,"href":"https:\/\/bihavadis.com\/index.php\/wp-json\/wp\/v2\/users\/1"}],"replies":[{"embeddable":true,"href":"https:\/\/bihavadis.com\/index.php\/wp-json\/wp\/v2\/comments?post=42713"}],"version-history":[{"count":1,"href":"https:\/\/bihavadis.com\/index.php\/wp-json\/wp\/v2\/posts\/42713\/revisions"}],"predecessor-version":[{"id":42722,"href":"https:\/\/bihavadis.com\/index.php\/wp-json\/wp\/v2\/posts\/42713\/revisions\/42722"}],"wp:featuredmedia":[{"embeddable":true,"href":"https:\/\/bihavadis.com\/index.php\/wp-json\/wp\/v2\/media\/42714"}],"wp:attachment":[{"href":"https:\/\/bihavadis.com\/index.php\/wp-json\/wp\/v2\/media?parent=42713"}],"wp:term":[{"taxonomy":"category","embeddable":true,"href":"https:\/\/bihavadis.com\/index.php\/wp-json\/wp\/v2\/categories?post=42713"},{"taxonomy":"post_tag","embeddable":true,"href":"https:\/\/bihavadis.com\/index.php\/wp-json\/wp\/v2\/tags?post=42713"}],"curies":[{"name":"wp","href":"https:\/\/api.w.org\/{rel}","templated":true}]}}