{"id":42723,"date":"2026-02-23T03:33:05","date_gmt":"2026-02-23T03:33:05","guid":{"rendered":"https:\/\/bihavadis.com\/?p=42723"},"modified":"2026-02-23T03:33:05","modified_gmt":"2026-02-23T03:33:05","slug":"epstein-skandali-derinlesiyor-cevresindeki-guclu-isimler-tek-tek-ortaya-cikiyor","status":"publish","type":"post","link":"https:\/\/bihavadis.com\/index.php\/2026\/02\/23\/epstein-skandali-derinlesiyor-cevresindeki-guclu-isimler-tek-tek-ortaya-cikiyor\/","title":{"rendered":"Epstein skandal\u0131 derinle\u015fiyor: \u00c7evresindeki g\u00fc\u00e7l\u00fc isimler tek tek ortaya \u00e7\u0131k\u0131yor"},"content":{"rendered":"<p>Cinsel istismar su\u00e7lar\u0131ndan h\u00fck\u00fcm giymi\u015f Jeffrey Epstein&#8217;a ait yeni belgelerin yay\u0131mlanmas\u0131, siyaset, i\u015f d\u00fcnyas\u0131 ve magazin \u00e7evrelerinde b\u00fcy\u00fck yank\u0131 uyand\u0131rd\u0131. Son belge grubunda; ABD Ba\u015fkan\u0131 Donald Trump, eski Ba\u015fkan Bill Clinton, Microsoft&#8217;un kurucusu Bill Gates, Tesla ve SpaceX&#8217;in CEO&#8217;su Elon Musk ile \u0130ngiliz Kraliyet ailesinden eski Prens Andrew gibi \u00e7ok say\u0131da tan\u0131nm\u0131\u015f isim yer al\u0131yor.<\/p>\n<p>Bu isimlerin belgelerde s\u0131k\u00e7a ge\u00e7mesi, kamuoyunun dikkatini \u00f6zellikle Epstein&#8217;\u0131n g\u00fc\u00e7l\u00fc ve etkili \u00e7evresine \u00e7ekti. Belgeler yay\u0131mland\u0131k\u00e7a, ge\u00e7mi\u015fte yap\u0131lan baz\u0131 a\u00e7\u0131klamalar\u0131n ger\u00e7eklerle \u00f6rt\u00fc\u015fmedi\u011fi y\u00f6n\u00fcnde tart\u0131\u015fmalar da yeniden alevlendi.<\/p>\n<p>Belgelerin yay\u0131mlanmas\u0131 s\u0131ras\u0131nda ABD Adalet Bakanl\u0131\u011f\u0131&#8217;n\u0131n, Epstein dosyalar\u0131nda yer alan baz\u0131 \u00e7\u0131plak foto\u011fraflar\u0131 sans\u00fcrlemeden k\u0131sa s\u00fcreli\u011fine kamuoyuna a\u00e7mas\u0131 b\u00fcy\u00fck tepki \u00e7ekti.<\/p>\n<p>Epstein&#8217;\u0131n ma\u011fduru oldu\u011fu \u00f6ne s\u00fcr\u00fclen ki\u015filer, bu durumun kendileri i\u00e7in son derece sars\u0131c\u0131 oldu\u011funu belirtti. S\u00f6z konusu g\u00f6r\u00fcnt\u00fcler daha sonra yay\u0131ndan kald\u0131r\u0131ld\u0131.<\/p>\n<p>Uzun s\u00fcredir tart\u0131\u015fma konusu olan Epstein dosyalar\u0131n\u0131n a\u00e7\u0131klanma s\u00fcreci h\u00e2l\u00e2 devam ediyor. \u015eu ana kadar milyonlarca belge kamuoyuyla payla\u015f\u0131ld\u0131 ve ilerleyen g\u00fcnlerde daha fazla belgenin yay\u0131mlanmas\u0131 bekleniyor.<\/p>\n<p>Belgelerde yer alan baz\u0131 e-postalar ve mesajlar, tan\u0131nm\u0131\u015f isimlerin ge\u00e7mi\u015fteki beyanlar\u0131yla \u00e7eli\u015fiyor. Bu durum, kamuoyunda &#8220;kim ne biliyordu?&#8221; sorusunu yeniden g\u00fcndeme getirdi.<\/p>\n<p>Belgelerde, Elon Musk&#8217;\u0131n Epstein&#8217;\u0131n \u00f6zel adas\u0131nda d\u00fczenlenece\u011fi iddia edilen &#8220;\u00e7\u0131lg\u0131n&#8221; bir partiyle ilgili yaz\u0131\u015fmalar\u0131 dikkat \u00e7ekti. Musk, ge\u00e7mi\u015fte bu t\u00fcr davetleri reddetti\u011fini s\u00f6ylemi\u015fti. <\/p>\n<p>Ancak belgelerde yer alan e-postalar, Musk&#8217;\u0131n bir ziyaret ihtimali \u00fczerinde durdu\u011funu g\u00f6steriyor.<\/p>\n<p>Musk ise yapt\u0131\u011f\u0131 son a\u00e7\u0131klamada Epstein&#8217;\u0131n adas\u0131na hi\u00e7 gitmedi\u011fini, herhangi bir partisine kat\u0131lmad\u0131\u011f\u0131n\u0131 ve Epstein&#8217;la su\u00e7 i\u015fleyen herkesin yarg\u0131lanmas\u0131 gerekti\u011fini savundu.<\/p>\n<p>Bill Gates&#8217;in temsilcileri, Gates&#8217;in Epstein&#8217;la s\u00fcrekli bir ili\u015fki i\u00e7inde oldu\u011fu iddialar\u0131n\u0131 kesin bir dille reddetti.<\/p>\n<p> Yap\u0131lan a\u00e7\u0131klamada, belgelerin Epstein&#8217;\u0131n Gates ile ili\u015fki kurma \u00e7abalar\u0131n\u0131n sonu\u00e7suz kalmas\u0131ndan duydu\u011fu rahats\u0131zl\u0131\u011f\u0131 yans\u0131tt\u0131\u011f\u0131 ve iddialar\u0131n ger\u00e7e\u011fi yans\u0131tmad\u0131\u011f\u0131 belirtildi.<\/p>\n<p> Siyaset ve i\u015f d\u00fcnyas\u0131ndan ba\u015fka isimler de dosyalarda<\/p>\n<p>Belgelerde ayr\u0131ca, bug\u00fcn ABD Ticaret Bakan\u0131 olan Howard Lutnick&#8217;in Epstein&#8217;la Karayipler&#8217;deki \u00f6zel adas\u0131nda bulu\u015fmaya \u00e7al\u0131\u015ft\u0131\u011f\u0131na dair yaz\u0131\u015fmalar, Virgin Group&#8217;un kurucusu Richard Branson&#8217;\u0131n Epstein&#8217;a g\u00f6nderdi\u011fi dikkat \u00e7ekici ifadeler ve baz\u0131 Avrupal\u0131 siyaset\u00e7i ve kraliyet \u00fcyeleriyle yap\u0131lan yaz\u0131\u015fmalar da yer al\u0131yor.<\/p>\n<p>Bunun yan\u0131 s\u0131ra spor, medya ve akademi d\u00fcnyas\u0131ndan bir\u00e7ok tan\u0131nm\u0131\u015f ismin Epstein&#8217;la temas kurdu\u011fu, yemek davetlerine kat\u0131ld\u0131\u011f\u0131 ya da yaz\u0131\u015fmalar yapt\u0131\u011f\u0131 g\u00f6r\u00fcl\u00fcyor.<\/p>\n<p>Belgeler, Jeffrey Epstein&#8217;\u0131n yaln\u0131zca bir su\u00e7lu de\u011fil, ayn\u0131 zamanda uzun y\u0131llar boyunca siyaset\u00e7iler, milyarderler, sanat\u00e7\u0131lar ve kanaat \u00f6nderleriyle temas kurmu\u015f bir isim oldu\u011funu bir kez daha ortaya koydu.<\/p>\n<p>Uzmanlara g\u00f6re bu dosyalar, Epstein dosyas\u0131n\u0131n yaln\u0131zca hukuki de\u011fil, ayn\u0131 zamanda siyasi ve toplumsal etkilerinin de uzun s\u00fcre devam edece\u011fini g\u00f6steriyor. Yeni belgelerin yay\u0131mlanmas\u0131yla birlikte tart\u0131\u015fmalar\u0131n daha da b\u00fcy\u00fcmesi bekleniyor.<\/p>\n","protected":false},"excerpt":{"rendered":"<p>Jeffrey Epstein&#8217;a ait yeni belgelerin yay\u0131mlanmas\u0131, siyaset, i\u015f d\u00fcnyas\u0131 ve magazin \u00e7evrelerinde b\u00fcy\u00fck yank\u0131 uyand\u0131rd\u0131. Belgelerde ABD Ba\u015fkan\u0131 Donald Trump, eski Ba\u015fkan Bill Clinton, Microsoft&#8217;un kurucusu Bill Gates, Tesla ve SpaceX&#8217;in CEO&#8217;su Elon Musk gibi tan\u0131nm\u0131\u015f isimler yer al\u0131yor.<\/p>\n","protected":false},"author":1,"featured_media":42724,"comment_status":"open","ping_status":"open","sticky":false,"template":"","format":"standard","meta":{"footnotes":""},"categories":[6],"tags":[1450,2183,3584,2011,544],"class_list":["post-42723","post","type-post","status-publish","format-standard","has-post-thumbnail","hentry","category-dunya","tag-belge","tag-epstein","tag-epsteinin","tag-isim","tag-sure"],"_links":{"self":[{"href":"https:\/\/bihavadis.com\/index.php\/wp-json\/wp\/v2\/posts\/42723","targetHints":{"allow":["GET"]}}],"collection":[{"href":"https:\/\/bihavadis.com\/index.php\/wp-json\/wp\/v2\/posts"}],"about":[{"href":"https:\/\/bihavadis.com\/index.php\/wp-json\/wp\/v2\/types\/post"}],"author":[{"embeddable":true,"href":"https:\/\/bihavadis.com\/index.php\/wp-json\/wp\/v2\/users\/1"}],"replies":[{"embeddable":true,"href":"https:\/\/bihavadis.com\/index.php\/wp-json\/wp\/v2\/comments?post=42723"}],"version-history":[{"count":1,"href":"https:\/\/bihavadis.com\/index.php\/wp-json\/wp\/v2\/posts\/42723\/revisions"}],"predecessor-version":[{"id":42725,"href":"https:\/\/bihavadis.com\/index.php\/wp-json\/wp\/v2\/posts\/42723\/revisions\/42725"}],"wp:featuredmedia":[{"embeddable":true,"href":"https:\/\/bihavadis.com\/index.php\/wp-json\/wp\/v2\/media\/42724"}],"wp:attachment":[{"href":"https:\/\/bihavadis.com\/index.php\/wp-json\/wp\/v2\/media?parent=42723"}],"wp:term":[{"taxonomy":"category","embeddable":true,"href":"https:\/\/bihavadis.com\/index.php\/wp-json\/wp\/v2\/categories?post=42723"},{"taxonomy":"post_tag","embeddable":true,"href":"https:\/\/bihavadis.com\/index.php\/wp-json\/wp\/v2\/tags?post=42723"}],"curies":[{"name":"wp","href":"https:\/\/api.w.org\/{rel}","templated":true}]}}