{"id":42726,"date":"2026-02-23T03:36:04","date_gmt":"2026-02-23T03:36:04","guid":{"rendered":"https:\/\/bihavadis.com\/?p=42726"},"modified":"2026-02-23T03:36:04","modified_gmt":"2026-02-23T03:36:04","slug":"selcukluda-atik-kumbaram-fiyatlari-guncellendi","status":"publish","type":"post","link":"https:\/\/bihavadis.com\/index.php\/2026\/02\/23\/selcukluda-atik-kumbaram-fiyatlari-guncellendi\/","title":{"rendered":"Sel\u00e7uklu&#8217;da At\u0131k Kumbaram fiyatlar\u0131 g\u00fcncellendi"},"content":{"rendered":"<p><b>Sel\u00e7uklu Belediyesi\u2019nin s\u0131f\u0131r at\u0131kla ilgili \u00f6nemli \u00e7al\u0131\u015fmalar\u0131ndan bir tanesi olan\u00a0 \u201cAt\u0131k Kumbaram\u201d projesi vatanda\u015flardan yo\u011fun ilgi g\u00f6rmeye devam ediyor. Vatanda\u015flar\u0131n hem \u00e7evreye hem de ev ekonomisine katk\u0131 sa\u011flad\u0131\u011f\u0131 projede geri d\u00f6n\u00fc\u015f\u00fcm \u00fccretlendirmeleri g\u00fcncellendi.\u00a0<\/b><\/p>\n<p>T\u00fcrkiye\u2019nin ilk s\u0131f\u0131r at\u0131k belgesine sahip \u00f6nc\u00fc kurumlar\u0131ndan Sel\u00e7uklu Belediyesi, s\u00fcrd\u00fcrd\u00fc\u011f\u00fc \u00f6rnek s\u0131f\u0131r at\u0131k \u00e7al\u0131\u015fmalar\u0131ndan bir tanesi olan\u00a0 \u201cAt\u0131k Kumbaram\u201d projesi ile \u00e7evre duyarl\u0131l\u0131\u011f\u0131na katk\u0131 sa\u011flarken vatanda\u015flar\u0131n ev ekonomisine de destek oluyor. Bu kapsamda vatanda\u015flar\u0131n geri d\u00f6n\u00fc\u015ft\u00fcr\u00fclebilir at\u0131klar\u0131 teslim etti\u011fi At\u0131k Kumbaram noktalar\u0131ndaki fiyatland\u0131rmalar g\u00fcncellendi. \u00a0<\/p>\n<p>Sel\u00e7uklu Belediyesi \u0130klim De\u011fi\u015fikli\u011fi ve S\u0131f\u0131r At\u0131k M\u00fcd\u00fcrl\u00fc\u011f\u00fc taraf\u0131ndan hayata ge\u00e7irilen &#8216;At\u0131k Kumbaram&#8217; projesi, \u00e7evre ve s\u0131f\u0131r at\u0131k konular\u0131nda fark\u0131ndal\u0131\u011f\u0131 artt\u0131rmak, geri d\u00f6n\u00fc\u015f\u00fcm k\u00fclt\u00fcr\u00fcn\u00fc peki\u015ftirmek ve Sel\u00e7uklu halk\u0131n\u0131n ev ekonomisine katk\u0131 sa\u011flamak amac\u0131yla hayata ge\u00e7irilerek 2022 tarihinde vatanda\u015flar\u0131n kullan\u0131m\u0131na sunuldu. \u0130lk g\u00fcnden itibaren ayn\u0131 kararl\u0131l\u0131k ve titizlikle s\u00fcrmeye devam eden proje kapsam\u0131nda; plastik, cam, metal, k\u00e2\u011f\u0131t ve elektronik at\u0131klar\u0131n ayr\u0131 ayr\u0131 toplanmas\u0131na imk\u00e2n sa\u011flayan kumbaralar, \u00e7evre dostu yap\u0131s\u0131 ve kullan\u0131m kolayl\u0131\u011f\u0131yla dikkat \u00e7ekiyor.<\/p>\n<p><b>Yeni At\u0131k \u00fccretlendirmeleri ise \u015fu \u015fekilde olacak:<\/b><\/p>\n<p>Ka\u011f\u0131t-karton: 2.25TL\/Kg,- Plastik: 3,25 TL\/Kg, &#8211;\u00a0 Metal: 3,25 TL\/Kg,- Cam: 0,60 TL\/Kg,- Kar\u0131\u015f\u0131k Ambalaj: 1 TL\/Kg,<\/p>\n<p><b>Ba\u015fkan Pekyat\u0131rmac\u0131:\u201d S\u0131f\u0131r at\u0131k konusunda \u201cSel\u00e7uklu Vizyonu\u201d hassasiyetiyle \u00e7al\u0131\u015fmalar\u0131m\u0131z\u0131 y\u00fcr\u00fct\u00fcyoruz\u201d<\/b><\/p>\n<p>Sel\u00e7uklu Belediyesi\u00a0olarak \u00e7evre konusunda\u00a0 \u201cSel\u00e7uklu Vizyonu\u201d ile hareket ettiklerini vurgulayan Sel\u00e7uklu Belediye Ba\u015fkan\u0131 Ahmet Pekyat\u0131rmac\u0131, \u201cAt\u0131k Kumbaram Projesi\u2019nin hem \u00e7evresel s\u00fcrd\u00fcr\u00fclebilirlik hem de toplumsal fark\u0131ndal\u0131k a\u00e7\u0131s\u0131ndan \u00f6nemli bir ad\u0131m oldu\u011funu ifade etti. Ba\u015fkan Pekyat\u0131rmac\u0131 s\u00f6zlerini \u015fu \u015fekilde s\u00fcrd\u00fcrd\u00fc; \u201cS\u0131f\u0131r At\u0131k hedeflerimiz do\u011frultusunda Sel\u00e7uklumuzda \u00e7evreyi koruyan, kaynaklar\u0131m\u0131z\u0131 verimli kullanmay\u0131 te\u015fvik eden projeleri hayata ge\u00e7irmeye devam ediyoruz. At\u0131k Kumbaram Projesi de bu vizyonumuzun somut \u00f6rneklerinden biridir. Amac\u0131m\u0131z yaln\u0131zca at\u0131klar\u0131 toplamak de\u011fil, hem\u015fehrilerimizde kal\u0131c\u0131 bir \u00e7evre bilinci olu\u015fturmakt\u0131r. Sel\u00e7uklumuzun farkl\u0131 noktalar\u0131na yerle\u015ftirdi\u011fimiz kumbaralar sayesinde geri d\u00f6n\u00fc\u015f\u00fcme katk\u0131y\u0131 art\u0131rmay\u0131 hedefliyoruz. \u00d6n\u00fcm\u00fczdeki s\u00fcre\u00e7te uygulamay\u0131 daha geni\u015f alanlara yayarak daha fazla vatanda\u015f\u0131m\u0131za ula\u015faca\u011f\u0131z. Daha temiz, daha sa\u011fl\u0131kl\u0131 ve daha ya\u015fan\u0131labilir bir Sel\u00e7uklu i\u00e7in \u00e7al\u0131\u015fmalar\u0131m\u0131z\u0131 kararl\u0131l\u0131kla\u00a0s\u00fcrd\u00fcrece\u011fiz. Projemize destek veren t\u00fcm vatanda\u015flar\u0131m\u0131za te\u015fekk\u00fcr ediyor, bu duyarl\u0131l\u0131\u011f\u0131n artarak devam etmesini diliyorum.\u201d<\/p>\n<p><b>At\u0131k Kumbaram ve Mobil At\u0131k Kumbaram noktalar\u0131<\/b><\/p>\n<p>Ayd\u0131nl\u0131kevler, Bosna Hersek, K\u0131l\u0131\u00e7arslan ve Feritpa\u015fa Mahallelerinde yer alan sabit nokta ve 3 adet \u00f6zel donan\u0131ml\u0131 mobil ara\u00e7la haftan\u0131n 6 g\u00fcn\u00fc hizmet veriliyor.\u00a0 At\u0131k Kumbaram projesi kapsam\u0131nda ise bug\u00fcne kadar 13 bin 800 \u00fcye say\u0131s\u0131na ula\u015f\u0131larak 2 bin 300 ton at\u0131k topland\u0131. Toplamda ise 2 milyon 800 bin TL tutar\u0131nda vatanda\u015flar\u0131n ev ekonomisine katk\u0131 sa\u011fland\u0131.<\/p>\n<p>Kaynak: (BYZHA) Beyaz Haber Ajans\u0131<\/p>\n","protected":false},"excerpt":{"rendered":"<p>Sel\u00e7uklu Belediyesi\u2019nin s\u0131f\u0131r at\u0131kla ilgili \u00f6nemli \u00e7al\u0131\u015fmalar\u0131ndan bir tanesi olan\u00a0 \u201cAt\u0131k Kumbaram\u201d projesi vatanda\u015flardan yo\u011fun ilgi g\u00f6rmeye devam ediyor.<\/p>\n","protected":false},"author":1,"featured_media":42727,"comment_status":"open","ping_status":"open","sticky":false,"template":"","format":"standard","meta":{"footnotes":""},"categories":[4],"tags":[5866,998,3127,1077,1243],"class_list":["post-42726","post","type-post","status-publish","format-standard","has-post-thumbnail","hentry","category-gundem","tag-atik-kumbaram","tag-cevre","tag-projesi","tag-selcuklu","tag-sifir-atik"],"_links":{"self":[{"href":"https:\/\/bihavadis.com\/index.php\/wp-json\/wp\/v2\/posts\/42726","targetHints":{"allow":["GET"]}}],"collection":[{"href":"https:\/\/bihavadis.com\/index.php\/wp-json\/wp\/v2\/posts"}],"about":[{"href":"https:\/\/bihavadis.com\/index.php\/wp-json\/wp\/v2\/types\/post"}],"author":[{"embeddable":true,"href":"https:\/\/bihavadis.com\/index.php\/wp-json\/wp\/v2\/users\/1"}],"replies":[{"embeddable":true,"href":"https:\/\/bihavadis.com\/index.php\/wp-json\/wp\/v2\/comments?post=42726"}],"version-history":[{"count":1,"href":"https:\/\/bihavadis.com\/index.php\/wp-json\/wp\/v2\/posts\/42726\/revisions"}],"predecessor-version":[{"id":42728,"href":"https:\/\/bihavadis.com\/index.php\/wp-json\/wp\/v2\/posts\/42726\/revisions\/42728"}],"wp:featuredmedia":[{"embeddable":true,"href":"https:\/\/bihavadis.com\/index.php\/wp-json\/wp\/v2\/media\/42727"}],"wp:attachment":[{"href":"https:\/\/bihavadis.com\/index.php\/wp-json\/wp\/v2\/media?parent=42726"}],"wp:term":[{"taxonomy":"category","embeddable":true,"href":"https:\/\/bihavadis.com\/index.php\/wp-json\/wp\/v2\/categories?post=42726"},{"taxonomy":"post_tag","embeddable":true,"href":"https:\/\/bihavadis.com\/index.php\/wp-json\/wp\/v2\/tags?post=42726"}],"curies":[{"name":"wp","href":"https:\/\/api.w.org\/{rel}","templated":true}]}}