{"id":4274,"date":"2026-01-29T04:18:06","date_gmt":"2026-01-29T04:18:06","guid":{"rendered":"https:\/\/bihavadis.com\/?p=4274"},"modified":"2026-01-29T04:18:06","modified_gmt":"2026-01-29T04:18:06","slug":"12-bin-saglik-personeli-atanacak","status":"publish","type":"post","link":"https:\/\/bihavadis.com\/index.php\/2026\/01\/29\/12-bin-saglik-personeli-atanacak\/","title":{"rendered":"12 bin sa\u011fl\u0131k personeli atanacak"},"content":{"rendered":"<p>Sa\u011fl\u0131k Bakan\u0131 Fahrettin Koca, 29 bin 689 sa\u011fl\u0131k \u00e7al\u0131\u015fan\u0131n\u0131n kamuda istihdam\u0131na y\u00f6nelik \u00e7al\u0131\u015fma kapsam\u0131nda 12 bin s\u00f6zle\u015fmeli sa\u011fl\u0131k personelinin atamas\u0131n\u0131n ger\u00e7ekle\u015ftirilece\u011fini s\u00f6yledi.<\/p>\n<p>Bakan Koca \u015fu tweetle m\u00fcjdeyi duyurdu:<\/p>\n<p><img decoding=\"async\" src=\"https:\/\/bihavadis.com\/wp-content\/uploads\/2026\/01\/12-bin-saglik-personeli-atanacak-0-Iiamf4aN.jpg\"\/><\/p>\n<p>Sa\u011fl\u0131k Bakanl\u0131\u011f\u0131&#8217;ndan yap\u0131lan a\u00e7\u0131klamada ise \u015fu bilgilere yer verildi:<\/p>\n<p><em><strong>&#8220;Bakanl\u0131\u011f\u0131m\u0131z\u0131n hekim, di\u015f hekimi ve eczac\u0131 al\u0131mlar\u0131na il\u00e2veten 29 bin 689 yeni sa\u011fl\u0131k \u00e7al\u0131\u015fan\u0131n\u0131 kamuda istihdam edece\u011fimizi a\u00e7\u0131klam\u0131\u015ft\u0131k. \u0130lk etapta 6 bin 835\u2019i hem\u015fire, bini ebe ve 3 bini sa\u011fl\u0131k teknisyeni\/sa\u011fl\u0131k teknikeri olmak \u00fczere psikolog, sosyal \u00e7al\u0131\u015fmac\u0131, biyolog, odyolog, \u00e7ocuk geli\u015fimcisi, diyetisyen, fizyoterapist, i\u015f ve u\u011fra\u015f\u0131 terapisti, dil ve konu\u015fma terapisti, perf\u00fczyonist ve sa\u011fl\u0131k fizik\u00e7isi gibi unvanlarda \u00d6SYM taraf\u0131ndan yap\u0131lacak merkezi yerle\u015ftirme ile toplam 12 bin s\u00f6zle\u015fmeli sa\u011fl\u0131k personeli al\u0131nacakt\u0131r.&#8221;<\/strong><\/em><\/p>\n<div>\n<div>  <\/div>\n<\/div>\n","protected":false},"excerpt":{"rendered":"<p>S\u00f6z verilen sa\u011fl\u0131k personelinin atamalar\u0131 ba\u015fl\u0131yor. 29 bin 689 sa\u011fl\u0131k \u00e7al\u0131\u015fan\u0131n\u0131n kamuda istihdam\u0131na y\u00f6nelik \u00e7al\u0131\u015fma kapsam\u0131nda 12 bin s\u00f6zle\u015fmeli sa\u011fl\u0131k personelini daha atanacak.<\/p>\n","protected":false},"author":1,"featured_media":4275,"comment_status":"open","ping_status":"open","sticky":false,"template":"","format":"standard","meta":{"footnotes":""},"categories":[11],"tags":[157],"class_list":["post-4274","post","type-post","status-publish","format-standard","has-post-thumbnail","hentry","category-saglik","tag-saglik"],"_links":{"self":[{"href":"https:\/\/bihavadis.com\/index.php\/wp-json\/wp\/v2\/posts\/4274","targetHints":{"allow":["GET"]}}],"collection":[{"href":"https:\/\/bihavadis.com\/index.php\/wp-json\/wp\/v2\/posts"}],"about":[{"href":"https:\/\/bihavadis.com\/index.php\/wp-json\/wp\/v2\/types\/post"}],"author":[{"embeddable":true,"href":"https:\/\/bihavadis.com\/index.php\/wp-json\/wp\/v2\/users\/1"}],"replies":[{"embeddable":true,"href":"https:\/\/bihavadis.com\/index.php\/wp-json\/wp\/v2\/comments?post=4274"}],"version-history":[{"count":1,"href":"https:\/\/bihavadis.com\/index.php\/wp-json\/wp\/v2\/posts\/4274\/revisions"}],"predecessor-version":[{"id":4277,"href":"https:\/\/bihavadis.com\/index.php\/wp-json\/wp\/v2\/posts\/4274\/revisions\/4277"}],"wp:featuredmedia":[{"embeddable":true,"href":"https:\/\/bihavadis.com\/index.php\/wp-json\/wp\/v2\/media\/4275"}],"wp:attachment":[{"href":"https:\/\/bihavadis.com\/index.php\/wp-json\/wp\/v2\/media?parent=4274"}],"wp:term":[{"taxonomy":"category","embeddable":true,"href":"https:\/\/bihavadis.com\/index.php\/wp-json\/wp\/v2\/categories?post=4274"},{"taxonomy":"post_tag","embeddable":true,"href":"https:\/\/bihavadis.com\/index.php\/wp-json\/wp\/v2\/tags?post=4274"}],"curies":[{"name":"wp","href":"https:\/\/api.w.org\/{rel}","templated":true}]}}