{"id":42788,"date":"2026-02-23T04:24:38","date_gmt":"2026-02-23T04:24:38","guid":{"rendered":"https:\/\/bihavadis.com\/?p=42788"},"modified":"2026-02-23T04:24:38","modified_gmt":"2026-02-23T04:24:38","slug":"lubnanda-silahlarin-devletin-tekelinde-toplanmasi-kararliligi","status":"publish","type":"post","link":"https:\/\/bihavadis.com\/index.php\/2026\/02\/23\/lubnanda-silahlarin-devletin-tekelinde-toplanmasi-kararliligi\/","title":{"rendered":"L\u00fcbnan&#8217;da Silahlar\u0131n Devletin Tekelinde Toplanmas\u0131 Kararl\u0131l\u0131\u011f\u0131"},"content":{"rendered":"<p> L\u00fcbnan Cumhurba\u015fkan\u0131 Joseph Avn, Hizbullah&#8217;\u0131nkiler dahil olmak \u00fczere \u00fclkedeki t\u00fcm silahlar\u0131n devletin tekelinde toplanmas\u0131 konusunda geri ad\u0131m at\u0131lmayaca\u011f\u0131n\u0131 vurgularken, parlamento se\u00e7imlerinin ise planland\u0131\u011f\u0131 gibi may\u0131s ay\u0131nda yap\u0131laca\u011f\u0131n\u0131 bildirdi.<\/p>\n<p>L\u00fcbnan Cumhurba\u015fkanl\u0131\u011f\u0131ndan yap\u0131lan yaz\u0131l\u0131 a\u00e7\u0131klamaya g\u00f6re Avn, ba\u015fkent Beyrut&#8217;taki Baabda Saray\u0131&#8217;nda siyasi parti temsilcileri, siyaset\u00e7iler ve aktivistlerden olu\u015fan bir heyeti kabul etti.<\/p>\n<p>Silahlar\u0131n devletin tekelinde toplanmas\u0131 meselesine ili\u015fkin de\u011ferlendirmelerde bulunan Avn, bu konuda geri ad\u0131m at\u0131lmas\u0131n\u0131n s\u00f6z konusu olmad\u0131\u011f\u0131n\u0131 vurgulad\u0131.<\/p>\n<p>\u00dclkenin yeni bir sava\u015fa s\u00fcr\u00fcklenmemesi i\u00e7in ilgili t\u00fcm taraflarla beraber \u00e7al\u0131\u015ft\u0131klar\u0131n\u0131 belirten Avn, L\u00fcbnan halk\u0131n\u0131n art\u0131k yeni sava\u015flara katlanacak g\u00fcc\u00fcn\u00fcn kalmad\u0131\u011f\u0131n\u0131 ifade etti.<\/p>\n<p>Baz\u0131 milletvekillerinin parlamento se\u00e7imlerinin ertelenmesi y\u00f6n\u00fcndeki \u00e7a\u011fr\u0131lar\u0131na da de\u011finen Avn, Meclis Ba\u015fkan\u0131 Nebih Berri ve Ba\u015fbakan Nevvaf Selam ile koordinasyon halinde, se\u00e7imlerin 3 May\u0131s&#8217;ta planland\u0131\u011f\u0131 \u015fekilde yap\u0131lmas\u0131 konusunda kararl\u0131 olduklar\u0131n\u0131 kaydetti.<\/p>\n<p>Silahlar\u0131n devletin tekelinde toplanmas\u0131<\/p>\n<p>L\u00fcbnan Bakanlar Kurulu, 5 A\u011fustos 2025&#8217;te Hizbullah&#8217;\u0131n silahlar\u0131 dahil \u00fclkedeki t\u00fcm silahlar\u0131n devletin tekelinde toplanmas\u0131 karar\u0131n\u0131 kabul etmi\u015f ve orduya 2025 y\u0131l\u0131 sonuna kadar uygulanmak \u00fczere bir plan haz\u0131rlama g\u00f6revi vermi\u015fti.<\/p>\n<p>H\u00fck\u00fcmet, Eyl\u00fcl 2025&#8217;te de ordunun haz\u0131rlad\u0131\u011f\u0131 5 a\u015famal\u0131 plan\u0131 memnuniyetle kar\u015f\u0131lad\u0131\u011f\u0131n\u0131 a\u00e7\u0131klam\u0131\u015ft\u0131.<\/p>\n<p>L\u00fcbnan Cumhurba\u015fkan\u0131 Joseph Avn, 8 Ocak&#8217;ta L\u00fcbnan ordusunun Litani Nehri&#8217;nin g\u00fcneyindeki silahlar\u0131n toplanmas\u0131n\u0131 \u00f6ng\u00f6ren &#8220;plan\u0131n ilk a\u015famas\u0131n\u0131n hedefine ula\u015ft\u0131\u011f\u0131n\u0131&#8221; duyurmu\u015ftu.<\/p>\n<p>Hizbullah Genel Sekreteri \u015eeyh Naim Kas\u0131m ise, \u0130srail L\u00fcbnan topraklar\u0131ndan tamamen \u00e7ekilmedik\u00e7e, sald\u0131r\u0131lar\u0131n\u0131 durdurmad\u0131k\u00e7a, esirleri serbest b\u0131rakmad\u0131k\u00e7a ve yeniden imara ba\u015flanmad\u0131k\u00e7a Hizbullah&#8217;\u0131n silahlar\u0131n\u0131 teslim etmeyeceklerini vurguluyor.<\/p>\n<p>Son olarak, L\u00fcbnan Ba\u015fbakan\u0131 Nevvaf Selam, silahlar\u0131n devletin tekelinde toplanmas\u0131na y\u00f6nelik s\u00fcrecin ikinci a\u015famas\u0131n\u0131 kararl\u0131l\u0131kla hayata ge\u00e7ireceklerini ifade etmi\u015fti.<\/p>\n","protected":false},"excerpt":{"rendered":"<p>Cumhurba\u015fkan\u0131 Joseph Avn, silahlar\u0131n devlet tekelinde toplanmas\u0131 konusunda kararl\u0131l\u0131\u011f\u0131n\u0131 duyurdu.<\/p>\n","protected":false},"author":1,"featured_media":42789,"comment_status":"open","ping_status":"open","sticky":false,"template":"","format":"standard","meta":{"footnotes":""},"categories":[9,4,13],"tags":[5873,2400,1209],"class_list":["post-42788","post","type-post","status-publish","format-standard","has-post-thumbnail","hentry","category-genel","category-gundem","category-son-dakika","tag-avn","tag-lubnan","tag-plan"],"_links":{"self":[{"href":"https:\/\/bihavadis.com\/index.php\/wp-json\/wp\/v2\/posts\/42788","targetHints":{"allow":["GET"]}}],"collection":[{"href":"https:\/\/bihavadis.com\/index.php\/wp-json\/wp\/v2\/posts"}],"about":[{"href":"https:\/\/bihavadis.com\/index.php\/wp-json\/wp\/v2\/types\/post"}],"author":[{"embeddable":true,"href":"https:\/\/bihavadis.com\/index.php\/wp-json\/wp\/v2\/users\/1"}],"replies":[{"embeddable":true,"href":"https:\/\/bihavadis.com\/index.php\/wp-json\/wp\/v2\/comments?post=42788"}],"version-history":[{"count":1,"href":"https:\/\/bihavadis.com\/index.php\/wp-json\/wp\/v2\/posts\/42788\/revisions"}],"predecessor-version":[{"id":42790,"href":"https:\/\/bihavadis.com\/index.php\/wp-json\/wp\/v2\/posts\/42788\/revisions\/42790"}],"wp:featuredmedia":[{"embeddable":true,"href":"https:\/\/bihavadis.com\/index.php\/wp-json\/wp\/v2\/media\/42789"}],"wp:attachment":[{"href":"https:\/\/bihavadis.com\/index.php\/wp-json\/wp\/v2\/media?parent=42788"}],"wp:term":[{"taxonomy":"category","embeddable":true,"href":"https:\/\/bihavadis.com\/index.php\/wp-json\/wp\/v2\/categories?post=42788"},{"taxonomy":"post_tag","embeddable":true,"href":"https:\/\/bihavadis.com\/index.php\/wp-json\/wp\/v2\/tags?post=42788"}],"curies":[{"name":"wp","href":"https:\/\/api.w.org\/{rel}","templated":true}]}}