{"id":42810,"date":"2026-02-23T04:42:10","date_gmt":"2026-02-23T04:42:10","guid":{"rendered":"https:\/\/bihavadis.com\/?p=42810"},"modified":"2026-02-23T04:42:10","modified_gmt":"2026-02-23T04:42:10","slug":"fransa-cumhurbaskani-macron-ile-ypg-elebasi-mazlum-abdi-kucaklasti","status":"publish","type":"post","link":"https:\/\/bihavadis.com\/index.php\/2026\/02\/23\/fransa-cumhurbaskani-macron-ile-ypg-elebasi-mazlum-abdi-kucaklasti\/","title":{"rendered":"Fransa Cumhurba\u015fkan\u0131 Macron ile YPG eleba\u015f\u0131 Mazlum Abdi kucakla\u015ft\u0131"},"content":{"rendered":"<p>Suriye&#8217;de ABD ve \u0130srail&#8217;den \u00fcmidini kesen ter\u00f6r \u00f6rg\u00fct\u00fc YPG, bu kez Fransa&#8217;ya &#8216;sar\u0131ld\u0131&#8217;.<\/p>\n<p>Almanya\u2019da d\u00fczenlenen 62. M\u00fcnih G\u00fcvenlik Konferans\u0131 kapsam\u0131nda Fransa Cumhurba\u015fkan\u0131 Emmanuel Macron ile ter\u00f6r \u00f6rg\u00fct\u00fc PKK&#8217;n\u0131n Suriye kolu YPG\/SDG aras\u0131nda ger\u00e7ekle\u015fen temaslar ve kameralara yans\u0131yan g\u00f6r\u00fcnt\u00fcler uluslararas\u0131 kamuoyunda tart\u0131\u015fma yaratt\u0131.<\/p>\n<p>Konferans marj\u0131nda ABD ve Suriye heyetleri aras\u0131nda da dikkat \u00e7eken g\u00f6r\u00fc\u015fmeler yap\u0131ld\u0131.<\/p>\n<p><strong>MACRON, MAZLUM ABD\u0130 \u0130LE G\u00d6R\u00dc\u015eT\u00dc<\/strong><\/p>\n<p>Emmanuel Macron, M\u00fcnih G\u00fcvenlik Konferans\u0131 kapsam\u0131nda SDG Genel Komutan\u0131 olarak an\u0131lan Mazlum Abdi ve SDG heyetinden \u0130lham Ahmed ile bir araya geldi.<\/p>\n<p>Kameralara yans\u0131yan g\u00f6r\u00fcnt\u00fclerde Macron ile Abdi\u2019nin ayak\u00fcst\u00fc sohbet etti\u011fi ve samimi bir \u015fekilde selamla\u015ft\u0131\u011f\u0131 g\u00f6r\u00fcld\u00fc. G\u00f6r\u00fc\u015fmeye ili\u015fkin ilk a\u00e7\u0131klama YPG kanad\u0131ndan yap\u0131ld\u0131.<\/p>\n<p>A\u00e7\u0131klamada, \u00f6zellikle ate\u015fkesin korunmas\u0131 ve b\u00f6lgesel istikrar\u0131n g\u00fc\u00e7lendirilmesine y\u00f6nelik diplomatik \u00e7abalar nedeniyle Fransa\u2019ya te\u015fekk\u00fcr edildi. Paris y\u00f6netiminin s\u00fcrece verdi\u011fi deste\u011fin \u00f6nemli oldu\u011fu vurguland\u0131.<\/p>\n<p><img decoding=\"async\" src=\"https:\/\/bihavadis.com\/wp-content\/uploads\/2026\/02\/fransa-cumhurbaskani-macron-ile-ypg-elebasi-mazlum-abdi-kucaklasti-0-ADNi4msz.jpg\"\/><\/p>\n<p><strong>SUR\u0130YE H\u00dcK\u00dcMET\u0130 \u0130LE 29 OCAK MUTABAKATI<\/strong><\/p>\n<p>G\u00f6r\u00fc\u015fmede, SDG ile Suriye h\u00fck\u00fcmeti aras\u0131nda 29 Ocak\u2019ta var\u0131ld\u0131\u011f\u0131 belirtilen mutabakat\u0131n uygulanmas\u0131na ili\u015fkin ba\u015fl\u0131klar\u0131n ele al\u0131nd\u0131\u011f\u0131 bildirildi. A\u00e7\u0131klamaya g\u00f6re taraflar, anla\u015fman\u0131n hayata ge\u00e7irilebilmesi i\u00e7in uluslararas\u0131 deste\u011fin s\u00fcrmesinin \u00f6nemine dikkat \u00e7ekti.<\/p>\n<p>Daha \u00f6nce Macron, SDG ile Suriye y\u00f6netimi aras\u0131nda ate\u015fkes ve kademeli entegrasyon s\u00fcrecini \u00f6ng\u00f6ren mutabakata destek verdi\u011fini a\u00e7\u0131klam\u0131\u015f, Fransa\u2019n\u0131n s\u00fcrecin eksiksiz uygulanmas\u0131n\u0131 destekleyece\u011fini ifade etmi\u015fti.<\/p>\n<p><img decoding=\"async\" src=\"https:\/\/bihavadis.com\/wp-content\/uploads\/2026\/02\/fransa-cumhurbaskani-macron-ile-ypg-elebasi-mazlum-abdi-kucaklasti-1-zOb3GN4L.jpg\"\/><\/p>\n<p><strong>ABD-SUR\u0130YE G\u00d6R\u00dc\u015eMES\u0130<\/strong><\/p>\n<p>Konferans marj\u0131nda bir di\u011fer dikkat \u00e7eken temas ise ABD ile Suriye heyeti aras\u0131nda ger\u00e7ekle\u015fti. ABD D\u0131\u015fi\u015fleri Bakan\u0131 Marco Rubio, Suriye D\u0131\u015fi\u015fleri Bakan\u0131 Esad Hasan \u015eeybani liderli\u011findeki heyetle bir araya geldi.<\/p>\n<p>Suriye D\u0131\u015fi\u015fleri Bakanl\u0131\u011f\u0131 taraf\u0131ndan yap\u0131lan a\u00e7\u0131klamada, g\u00f6r\u00fc\u015fmede Suriye\u2019nin birli\u011fi, toprak b\u00fct\u00fcnl\u00fc\u011f\u00fc ve egemenli\u011fine verilen deste\u011fin teyit edildi\u011fi belirtildi. Ayr\u0131ca yeniden yap\u0131lanma ve b\u00f6lgesel g\u00fcvenlik konular\u0131n\u0131n ele al\u0131nd\u0131\u011f\u0131 kaydedildi.<\/p>\n<p>Toplant\u0131ya Mazlum Abdi\u2019nin de kat\u0131ld\u0131\u011f\u0131, ABD taraf\u0131n\u0131n SDG unsurlar\u0131n\u0131n Suriye ordusuna entegrasyonuna destek verdi\u011fini ifade etti\u011fi bildirildi.<\/p>\n<p><strong>TOM BARRACK: &#8220;B\u0130N KEL\u0130MEYE BEDEL B\u0130R FOTO\u011eRAF&#8221;<\/strong><\/p>\n<p>ABD\u2019nin T\u00fcrkiye B\u00fcy\u00fckel\u00e7isi ve Suriye \u00d6zel Temsilcisi Tom Barrack, g\u00f6r\u00fc\u015fmeye ili\u015fkin sosyal medya hesab\u0131ndan bir foto\u011fraf payla\u015farak<b><em> \u201cBin kelimeye bedel bir foto\u011fraf. Yeni bir ba\u015flang\u0131\u00e7\u201d<\/em><\/b> ifadelerini kulland\u0131.<\/p>\n<p><img decoding=\"async\" src=\"https:\/\/bihavadis.com\/wp-content\/uploads\/2026\/02\/fransa-cumhurbaskani-macron-ile-ypg-elebasi-mazlum-abdi-kucaklasti-2-rQmdG387.jpg\"\/><\/p>\n<p><strong>SUR\u0130YE&#8217;DE YEN\u0130 D\u00d6NEM: 10 MART MUTABAKATI VE SDG&#8217;N\u0130N ENTEGASYONA D\u0130RENC\u0130<\/strong><\/p>\n<p>T\u00fcrkiye-ABD mutabakat\u0131 sonras\u0131 sahadaki askeri geli\u015fmeler, SDG\/YPG\u2019nin Suriye ordusuna entegrasyonunu h\u0131zland\u0131rd\u0131.<\/p>\n<p>Suriye\u2019de dengeler, 10 Mart 2025\u2019te var\u0131lan mutabakat\u0131n ard\u0131ndan h\u0131zla de\u011fi\u015fti. Esad rejimi, \u0130ran destekli milisler ve Rusya\u2019n\u0131n etkisinin b\u00fcy\u00fck \u00f6l\u00e7\u00fcde zay\u0131flad\u0131\u011f\u0131 s\u00fcre\u00e7te, T\u00fcrkiye ile ABD aras\u0131nda Suriye\u2019nin gelece\u011fine ili\u015fkin olu\u015fan uzla\u015f\u0131 sahadaki askeri ve siyasi ad\u0131mlar\u0131 belirleyici hale getirdi. Mutabakat kapsam\u0131nda SDG\/YPG unsurlar\u0131n\u0131n yeni Suriye Devleti yap\u0131s\u0131na entegrasyonu g\u00fcndeme gelirken, sahadaki geli\u015fmeler bu s\u00fcreci farkl\u0131 bir a\u015famaya ta\u015f\u0131d\u0131.<\/p>\n<p><img decoding=\"async\" src=\"https:\/\/bihavadis.com\/wp-content\/uploads\/2026\/02\/fransa-cumhurbaskani-macron-ile-ypg-elebasi-mazlum-abdi-kucaklasti-3-tGgTg7QO.jpg\"\/><\/p>\n<p><strong>ZAMAN KAZANMAYA \u00c7ALI\u015eAN YPG, \u00c7EK\u0130LE \u00c7EK\u0130LE ER\u0130D\u0130<\/strong><\/p>\n<p>S\u00fcre\u00e7 boyunca SDG\/YPG\u2019nin sahadaki tutumunun, anla\u015fmaya tam uyumdan ziyade zaman kazanma ve kontrol alanlar\u0131n\u0131 koruma y\u00f6n\u00fcnde oldu\u011fu de\u011ferlendirildi. \u00d6zellikle Halep\u2019in E\u015frefiye ve \u015eeyh Maksud mahallelerinde ya\u015fanan \u00e7at\u0131\u015fmalar, askeri \u00e7\u00f6z\u00fcm ihtimalini g\u00fc\u00e7lendirdi.<\/p>\n<p>Suriye Ordusu, Halep\u2019te \u00f6rg\u00fct unsurlar\u0131na y\u00f6nelik operasyon ba\u015flatt\u0131. Ard\u0131ndan harekat alan\u0131 Deyr Hafer-Meskene hatt\u0131na, sonras\u0131nda Tabka, Rakka ve Deyrizor\u2019a do\u011fru geni\u015fledi. F\u0131rat\u2019\u0131n do\u011fusunda baz\u0131 a\u015firet gruplar\u0131n\u0131n mobilize olmas\u0131 ve SDG\/YPG\u2019ye kar\u015f\u0131 pozisyon almas\u0131, \u00f6rg\u00fct i\u00e7inde \u00e7\u00f6z\u00fclmeyi h\u0131zland\u0131rd\u0131.<\/p>\n<p>Sahadaki geli\u015fmeler sonucunda bir\u00e7ok unsurun silah b\u0131rakt\u0131\u011f\u0131, \u00f6zellikle SDG b\u00fcnyesindeki Arap gruplar\u0131n \u00f6nemli b\u00f6l\u00fcm\u00fcn\u00fcn saf de\u011fi\u015ftirdi\u011fi ya da teslim oldu\u011fu ifade edildi.<\/p>\n<p><img decoding=\"async\" src=\"https:\/\/bihavadis.com\/wp-content\/uploads\/2026\/02\/fransa-cumhurbaskani-macron-ile-ypg-elebasi-mazlum-abdi-kucaklasti-4-hgA6ntDa.jpg\"\/><\/p>\n<p><strong>ENTEGRASYON ANLA\u015eMASI<\/strong><\/p>\n<p>Suriye Cumhurba\u015fkan\u0131 Ahmed \u015eara ile SDG lideri olarak bilinen Mazlum Abdi aras\u0131nda, ABD\u2019nin arabuluculu\u011funda yeni bir anla\u015fma imzaland\u0131\u011f\u0131 bildirildi.<\/p>\n<p>Anla\u015fmaya g\u00f6re SDG yap\u0131s\u0131n\u0131n tasfiye edilmesi, \u00f6rg\u00fct mensuplar\u0131n\u0131n ise bireysel sicil soru\u015fturmas\u0131n\u0131n ard\u0131ndan Suriye Ordusu\u2019na kat\u0131labilmesi \u00f6ng\u00f6r\u00fcl\u00fcyor. Arap n\u00fcfusun yo\u011fun oldu\u011fu b\u00f6lgeler ile s\u0131n\u0131r kap\u0131lar\u0131, enerji kaynaklar\u0131 ve barajlar\u0131n merkezi y\u00f6netime devredilmesi kararla\u015ft\u0131r\u0131ld\u0131. Ayn el Arap ve Haseke\u2019de ise s\u0131n\u0131rl\u0131 idari d\u00fczenlemeler ve yerel asayi\u015f birimlerine izin verilmesi planland\u0131.<\/p>\n<p>Bu \u00e7er\u00e7evede Suriye\u2019nin toprak b\u00fct\u00fcnl\u00fc\u011f\u00fcn\u00fcn g\u00fc\u00e7lendirilmesi hedeflenirken, SDG\/YPG a\u00e7\u0131s\u0131ndan da yeni bir d\u00f6nemin ba\u015flad\u0131\u011f\u0131 yorumlar\u0131 yap\u0131l\u0131yor.<\/p>\n<p><strong>\u00d6RG\u00dcT \u0130\u00c7\u0130NDE TARTI\u015eMALAR<\/strong><\/p>\n<p>PKK\/KCK \u00fcst y\u00f6netiminin anla\u015fmaya mesafeli yakla\u015ft\u0131\u011f\u0131 ve \u00f6zellikle Kandil kadrolar\u0131n\u0131n s\u00fcrece y\u00f6nelik ele\u015ftiriler dile getirdi\u011fi belirtiliyor. \u00d6rg\u00fct medyas\u0131nda ABD ve \u0130srail\u2019den beklenen deste\u011fin sa\u011flanamamas\u0131na y\u00f6nelik ele\u015ftiriler \u00f6ne \u00e7\u0131karken, b\u00f6lgesel akt\u00f6rlere y\u00f6nelik su\u00e7lamalar\u0131n artt\u0131\u011f\u0131 g\u00f6zleniyor.<\/p>\n<p>S\u00fcre\u00e7, \u00f6rg\u00fct taban\u0131nda moral ve motivasyon a\u00e7\u0131s\u0131ndan ciddi bir k\u0131r\u0131lma yaratt\u0131. Uzun s\u00fcredir sahadaki askeri ve siyasi kazan\u0131mlara dayand\u0131r\u0131lan s\u00f6ylemin zay\u0131flamas\u0131, i\u00e7 tart\u0131\u015fmalar\u0131 derinle\u015ftirdi.<\/p>\n<p><img decoding=\"async\" src=\"https:\/\/bihavadis.com\/wp-content\/uploads\/2026\/02\/fransa-cumhurbaskani-macron-ile-ypg-elebasi-mazlum-abdi-kucaklasti-5-iJPRcmXK.jpg\"\/><\/p>\n<p><strong>B\u00d6LGESEL DENGELER VE YEN\u0130 TABLO<\/strong><\/p>\n<p>10 Mart Mutabakat\u0131 ve sonras\u0131nda ya\u015fanan askeri geli\u015fmeler, Suriye sahas\u0131nda g\u00fc\u00e7 dengelerini yeniden \u015fekillendirdi. T\u00fcrkiye-ABD hatt\u0131nda olu\u015fan uzla\u015f\u0131n\u0131n, Suriye\u2019nin kuzey ve do\u011fusundaki g\u00fcvenlik mimarisini belirleyici hale getirdi\u011fi de\u011ferlendiriliyor.<\/p>\n<p>\u00d6n\u00fcm\u00fczdeki s\u00fcre\u00e7te entegrasyon ad\u0131mlar\u0131n\u0131n sahaya nas\u0131l yans\u0131yaca\u011f\u0131, merkezi y\u00f6netim ile yerel unsurlar aras\u0131ndaki ili\u015fkinin nas\u0131l \u015fekillenece\u011fi ve uluslararas\u0131 akt\u00f6rlerin tutumunun nas\u0131l evrilece\u011fi b\u00f6lgedeki istikrar a\u00e7\u0131s\u0131ndan kritik \u00f6nem ta\u015f\u0131yor.<\/p>\n","protected":false},"excerpt":{"rendered":"<p>M\u00fcnih&#8217;teki G\u00fcvenlik Konferans\u0131\u2019nda ter\u00f6r \u00f6rg\u00fct\u00fc YPG eleba\u015f\u0131 Mazlum Abdi&#8217;nin, Fransa Cumhurba\u015fkan\u0131 Emmanuel Macron ile yak\u0131nla\u015fma \u00e7abas\u0131 dikkat \u00e7ekti.<\/p>\n","protected":false},"author":1,"featured_media":42811,"comment_status":"open","ping_status":"open","sticky":false,"template":"","format":"standard","meta":{"footnotes":""},"categories":[6],"tags":[272,1435,1322,361,5016],"class_list":["post-42810","post","type-post","status-publish","format-standard","has-post-thumbnail","hentry","category-dunya","tag-abd","tag-orgut","tag-sdg","tag-suriye","tag-ypg"],"_links":{"self":[{"href":"https:\/\/bihavadis.com\/index.php\/wp-json\/wp\/v2\/posts\/42810","targetHints":{"allow":["GET"]}}],"collection":[{"href":"https:\/\/bihavadis.com\/index.php\/wp-json\/wp\/v2\/posts"}],"about":[{"href":"https:\/\/bihavadis.com\/index.php\/wp-json\/wp\/v2\/types\/post"}],"author":[{"embeddable":true,"href":"https:\/\/bihavadis.com\/index.php\/wp-json\/wp\/v2\/users\/1"}],"replies":[{"embeddable":true,"href":"https:\/\/bihavadis.com\/index.php\/wp-json\/wp\/v2\/comments?post=42810"}],"version-history":[{"count":1,"href":"https:\/\/bihavadis.com\/index.php\/wp-json\/wp\/v2\/posts\/42810\/revisions"}],"predecessor-version":[{"id":42818,"href":"https:\/\/bihavadis.com\/index.php\/wp-json\/wp\/v2\/posts\/42810\/revisions\/42818"}],"wp:featuredmedia":[{"embeddable":true,"href":"https:\/\/bihavadis.com\/index.php\/wp-json\/wp\/v2\/media\/42811"}],"wp:attachment":[{"href":"https:\/\/bihavadis.com\/index.php\/wp-json\/wp\/v2\/media?parent=42810"}],"wp:term":[{"taxonomy":"category","embeddable":true,"href":"https:\/\/bihavadis.com\/index.php\/wp-json\/wp\/v2\/categories?post=42810"},{"taxonomy":"post_tag","embeddable":true,"href":"https:\/\/bihavadis.com\/index.php\/wp-json\/wp\/v2\/tags?post=42810"}],"curies":[{"name":"wp","href":"https:\/\/api.w.org\/{rel}","templated":true}]}}