{"id":42822,"date":"2026-02-23T04:48:04","date_gmt":"2026-02-23T04:48:04","guid":{"rendered":"https:\/\/bihavadis.com\/?p=42822"},"modified":"2026-02-23T04:48:04","modified_gmt":"2026-02-23T04:48:04","slug":"kustepeye-nefes-aldiracak-projede-sona-gelindi","status":"publish","type":"post","link":"https:\/\/bihavadis.com\/index.php\/2026\/02\/23\/kustepeye-nefes-aldiracak-projede-sona-gelindi\/","title":{"rendered":"Ku\u015ftepe&#8217;ye nefes ald\u0131racak projede sona gelindi"},"content":{"rendered":"<p><strong>\u0130BB, \u015ei\u015fli Ku\u015ftepe Mahallesi\u2019nde yap\u0131m\u0131n\u0131 s\u00fcrd\u00fcrd\u00fc\u011f\u00fc Ku\u015ftepe Zemin Alt\u0131 Otopark\u0131 \u00e7al\u0131\u015fmalar\u0131nda sona yakla\u015ft\u0131. Proje tamamland\u0131\u011f\u0131nda mahalle; otoparktan spor alanlar\u0131na, pazar yerinden afet toplanma alan\u0131na kadar \u00e7ok y\u00f6nl\u00fc bir ya\u015fam merkezine kavu\u015facak. \u0130BB Ba\u015fkanvekili Nuri Aslan, inceleme sonras\u0131 yapt\u0131\u011f\u0131 a\u00e7\u0131klamada kompleksin tamamlanmak \u00fczere oldu\u011funu belirterek, \u201cBuras\u0131 bir taraftan \u00e7ocuklar\u0131n problemini, bir taraftan park sorununu, bir taraftan Ku\u015ftepe Spor&#8217;un antrenman problemlerini \u00e7\u00f6zecek, 240 tezg\u00e2hl\u0131 bir pazar alan\u0131 da olacak. Ayr\u0131ca, afet an\u0131nda toplan\u0131labilecek, lojistik hizmetler al\u0131n\u0131labilecek bir alan. Yani \u00f6yle fonksiyonel bir alan ki Ku\u015ftepe nefes alacak\u201d dedi.<\/strong><\/p>\n<p>\u0130BB Ba\u015fkanvekili Nuri Aslan, \u015ei\u015fli Ku\u015ftepe Mahallesi\u2019nde yap\u0131m\u0131 devam eden Ku\u015ftepe Zemin Alt\u0131 Otopark\u0131 ve Spor Tesisi in\u015faat alan\u0131nda incelemelerde bulundu. \u00c7al\u0131\u015fmalar hakk\u0131nda teknik ekipten bilgi alan Nuri Aslan, tesisin tamamlanmas\u0131yla birlikte mahalleye spor, sosyal ya\u015fam ve g\u00fcvenli bulu\u015fma imk\u00e2n\u0131 kazand\u0131r\u0131laca\u011f\u0131n\u0131 ifade etti.\u00a0<\/p>\n<p><strong>&#8220;KU\u015eTEPE NEFES ALACAK&#8221;<\/strong><\/p>\n<p>Projenin yak\u0131nda tamamlanarak \u0130stanbullular\u0131n hizmetine sunulaca\u011f\u0131n\u0131 belirten \u0130BB Ba\u015fkanvekili Nuri Aslan, \u201cBuraya toprak haldeyken gelmi\u015ftik, \u015fimdi bitmek \u00fczere. Buras\u0131 \u00f6yle bir kompleks ki bir taraftan \u00e7ocuklar\u0131n problemini, bir taraftan park sorununu, bir taraftan Ku\u015ftepe Spor&#8217;un antrenman problemlerini \u00e7\u00f6zecek. Ayr\u0131ca 240 tezg\u00e2hl\u0131 bir pazar alan\u0131 olacak. Yani \u00f6yle fonksiyonel bir alan ki Ku\u015ftepe nefes alacak. Ayr\u0131ca, afet an\u0131nda toplan\u0131labilecek, lojistik hizmetler al\u0131n\u0131labilecek bir alan. Gen\u00e7leri, uyu\u015fturucu madde sat\u0131c\u0131lar\u0131n\u0131n, k\u00f6t\u00fc al\u0131\u015fkanl\u0131k \u00f6zendiren sokak \u00e7etelerinin elinden kurtar\u0131p buralarda spor yapmas\u0131n\u0131 ve gelece\u011fin nesillerini, \u00fclkenin y\u00f6neticilerini haz\u0131rlamak i\u00e7in m\u00fccadele ediyoruz. Gen\u00e7lik i\u00e7in her noktada elimizden gelen her t\u00fcrl\u00fc deste\u011fi sunaca\u011f\u0131z\u201d dedi.<\/p>\n<p><strong>&#8220;\u00dcLKEN\u0130N GELECE\u011e\u0130 GEN\u00c7L\u0130\u011e\u0130N\u0130N G\u00dcC\u00dcYLE \u00d6L\u00c7\u00dcL\u00dcR&#8221;<\/strong><\/p>\n<p>\u015eu anda 10 okulda spor salonu in\u015faat\u0131n\u0131n devam etti\u011fini ve \u0130BB spor sahalar\u0131n\u0131n say\u0131s\u0131n\u0131n 77&#8217;ye ula\u015ft\u0131\u011f\u0131n\u0131 vurgulayan Aslan, \u201cGen\u00e7li\u011fe sadece spor sahas\u0131 m\u0131 yap\u0131yoruz, hay\u0131r. E\u011fitim alabilmeleri i\u00e7in, kimseye muhta\u00e7 olmamalar\u0131 i\u00e7in yurt deste\u011finden e\u011fitim deste\u011fine, giyinme deste\u011finden bar\u0131nma deste\u011fine \u0130BB, \u0130stanbul gen\u00e7li\u011finin yan\u0131nda. Ve onlar\u0131n gelece\u011fe haz\u0131rlanabilmesi, al\u0131\u015fkanl\u0131klardan kurtulabilmesi i\u00e7in elimizden gelen b\u00fct\u00fcn m\u00fccadeleyi veriyoruz. Bir \u00fclkenin gelece\u011fi, gen\u00e7li\u011finin g\u00fcc\u00fcyle \u00f6l\u00e7\u00fcl\u00fcr&#8221; ifadelerini kulland\u0131.<\/p>\n<p><strong>\u00c7OK Y\u00d6NL\u00dc YA\u015eAM ALANI\u00a0<\/strong><\/p>\n<p>Proje kapsam\u0131nda Ku\u015ftepe\u2019ye yaln\u0131zca bir otopark de\u011fil, sosyal ya\u015fam\u0131 g\u00fc\u00e7lendiren \u00e7ok y\u00f6nl\u00fc bir merkez kazand\u0131r\u0131l\u0131yor. Toplam 17 bin 500 metrekarelik alana sahip zemin alt\u0131 otoparkta 365\u2019i standart, 22\u2019si engelli ve 43\u2019\u00fc elektrikli ara\u00e7lara ayr\u0131lm\u0131\u015f olmak \u00fczere toplam 430 ara\u00e7 kapasitesi bulunacak.\u00a0<\/p>\n<p>Proje b\u00fcnyesinde 68\u2019e 50 metre \u00f6l\u00e7\u00fclerinde hal\u0131 saha, 400 ki\u015fi kapasiteli 800 metrekarelik \u00e7ok ama\u00e7l\u0131 salon ve 265 metrekarelik fuaye alan\u0131 yer alacak. Mahalle sakinlerinin g\u00fcnl\u00fck ya\u015fam\u0131na katk\u0131 sunacak 90 metrekarelik kafeterya da projede bulunuyor.\u00a0<\/p>\n<p>Ayr\u0131ca b\u00f6lgenin \u00f6nemli ihtiya\u00e7lar\u0131ndan birine yan\u0131t verecek \u015fekilde 240 tezg\u00e2hl\u0131 ve 3 bin 100 metrekare b\u00fcy\u00fckl\u00fc\u011f\u00fcnde modern bir pazar alan\u0131 da Ku\u015ftepe\u2019ye kazand\u0131r\u0131lm\u0131\u015f olacak.\u00a0<\/p>\n<p>Kaynak: (BYZHA) Beyaz Haber Ajans\u0131<\/p>\n","protected":false},"excerpt":{"rendered":"<p>\u0130BB, \u015ei\u015fli Ku\u015ftepe Mahallesi\u2019nde yap\u0131m\u0131n\u0131 s\u00fcrd\u00fcrd\u00fc\u011f\u00fc Ku\u015ftepe Zemin Alt\u0131 Otopark\u0131 \u00e7al\u0131\u015fmalar\u0131nda sona yakla\u015ft\u0131.<\/p>\n","protected":false},"author":1,"featured_media":42823,"comment_status":"open","ping_status":"open","sticky":false,"template":"","format":"standard","meta":{"footnotes":""},"categories":[4],"tags":[382,3427,5875,1583,440],"class_list":["post-42822","post","type-post","status-publish","format-standard","has-post-thumbnail","hentry","category-gundem","tag-alan","tag-alani","tag-kustepe","tag-metre","tag-spor"],"_links":{"self":[{"href":"https:\/\/bihavadis.com\/index.php\/wp-json\/wp\/v2\/posts\/42822","targetHints":{"allow":["GET"]}}],"collection":[{"href":"https:\/\/bihavadis.com\/index.php\/wp-json\/wp\/v2\/posts"}],"about":[{"href":"https:\/\/bihavadis.com\/index.php\/wp-json\/wp\/v2\/types\/post"}],"author":[{"embeddable":true,"href":"https:\/\/bihavadis.com\/index.php\/wp-json\/wp\/v2\/users\/1"}],"replies":[{"embeddable":true,"href":"https:\/\/bihavadis.com\/index.php\/wp-json\/wp\/v2\/comments?post=42822"}],"version-history":[{"count":1,"href":"https:\/\/bihavadis.com\/index.php\/wp-json\/wp\/v2\/posts\/42822\/revisions"}],"predecessor-version":[{"id":42824,"href":"https:\/\/bihavadis.com\/index.php\/wp-json\/wp\/v2\/posts\/42822\/revisions\/42824"}],"wp:featuredmedia":[{"embeddable":true,"href":"https:\/\/bihavadis.com\/index.php\/wp-json\/wp\/v2\/media\/42823"}],"wp:attachment":[{"href":"https:\/\/bihavadis.com\/index.php\/wp-json\/wp\/v2\/media?parent=42822"}],"wp:term":[{"taxonomy":"category","embeddable":true,"href":"https:\/\/bihavadis.com\/index.php\/wp-json\/wp\/v2\/categories?post=42822"},{"taxonomy":"post_tag","embeddable":true,"href":"https:\/\/bihavadis.com\/index.php\/wp-json\/wp\/v2\/tags?post=42822"}],"curies":[{"name":"wp","href":"https:\/\/api.w.org\/{rel}","templated":true}]}}