{"id":4289,"date":"2026-01-29T04:27:07","date_gmt":"2026-01-29T04:27:07","guid":{"rendered":"https:\/\/bihavadis.com\/?p=4289"},"modified":"2026-01-29T04:27:07","modified_gmt":"2026-01-29T04:27:07","slug":"anzer-balinin-kilogrami-bin-lira-oldu","status":"publish","type":"post","link":"https:\/\/bihavadis.com\/index.php\/2026\/01\/29\/anzer-balinin-kilogrami-bin-lira-oldu\/","title":{"rendered":"Anzer bal\u0131n\u0131n kilogram\u0131 bin lira oldu"},"content":{"rendered":"<p>Anzer bal\u0131 \u00fcretebilmek amac\u0131yla her y\u0131l haziran ay\u0131 i\u00e7erisinde y\u00fcz aile, yakla\u015f\u0131k 2 bin 500 kovanla g\u00fcne\u015flenme oran\u0131na g\u00f6re\u00a0Rize&#8217;nin \u0130kizdere il\u00e7esine ba\u011fl\u0131 Anzer Yaylas\u0131&#8217;na yerle\u015ftiriliyor.<\/p>\n<p><b>A\u011eUSTOS VE EYL\u00dcL AYLARINDA BAL SA\u011eIMI OLUYOR<\/b><\/p>\n<p>Hava \u015fartlar\u0131 y\u0131ll\u0131k bal \u00fcretiminde belirleyici olurken, \u00fcretim kalitesi ve hava \u015fartlar\u0131na uygunlu\u011fu dolay\u0131s\u0131yla Kafkas \u0131rk\u0131 ar\u0131 tercih ediliyor.  Ay\u0131lar\u0131n zarar vermemesi i\u00e7in kovanlar\u0131n\u0131 kafeslere yerle\u015ftirerek kilitleyen ar\u0131c\u0131lar, hava \u015fartlar\u0131 ve \u00e7i\u00e7ek a\u00e7ma \u00e7oklu\u011funa g\u00f6re a\u011fustos ve eyl\u00fcl ay\u0131 i\u00e7erisinde bal sa\u011f\u0131m\u0131 ger\u00e7ekle\u015ftiriyor.<\/p>\n<p><p><img decoding=\"async\" src=\"https:\/\/bihavadis.com\/wp-content\/uploads\/2026\/01\/anzer-balinin-kilogrami-bin-lira-oldu-0-FGYVwWmp.jpg\"\/><\/p>\n<\/p>\n<p><b>POLEN ANAL\u0130Z\u0130 YAPILIYOR<\/b><\/p>\n<p>Ar\u0131n\u0131n beslenebilmesi i\u00e7in belli miktarda bal ise kovan i\u00e7erisinde b\u0131rak\u0131l\u0131yor.  Anzer Ball\u0131k\u00f6y Tar\u0131msal Kalk\u0131nma Kooperatifi \u00e7at\u0131s\u0131 alt\u0131nda birle\u015fen ar\u0131c\u0131lardan toplanan ballar, Hacettepe \u00dcniversitesi Fen Fak\u00fcltesi Biyoloji B\u00f6l\u00fcm\u00fcnde polen analizi yap\u0131ld\u0131ktan sonra tescil edilip m\u00fch\u00fcrlenerek piyasaya sunuluyor.<\/p>\n<p><b>GRAMLA SATILIYOR<\/b><\/p>\n<p>Son y\u0131llarda taleplerin yo\u011funlu\u011fu dolay\u0131s\u0131yla adeta <em><strong>&#8220;para basan&#8221; <\/strong><\/em>Anzer bal\u0131nda \u00f6nceli\u011fi hastalara tan\u0131yan kooperatif y\u00f6netimi, taleplerin kar\u015f\u0131lanmas\u0131 i\u00e7in gramla sat\u0131\u015f ger\u00e7ekle\u015ftiriyor.  Anzer Ball\u0131k\u00f6y Tar\u0131msal Kalk\u0131nma Kooperatifi Ba\u015fkan\u0131 Osman Civelek, yapt\u0131\u011f\u0131 a\u00e7\u0131klamada, 2018 y\u0131l\u0131nda \u00fcretimin d\u00fc\u015f\u00fck oldu\u011funu belirterek, bu y\u0131l hava \u015fartlar\u0131n\u0131n iyi gitmesi dolay\u0131s\u0131yla rekoltenin artmas\u0131n\u0131, yakla\u015f\u0131k 2 bin 500 kovandan 2,5 ton bal elde etmeyi bekledikleri s\u00f6yledi.<\/p>\n<div>\n<div>  <\/div>\n<\/div>\n<p><p><img decoding=\"async\" src=\"https:\/\/bihavadis.com\/wp-content\/uploads\/2026\/01\/anzer-balinin-kilogrami-bin-lira-oldu-1-cnS2qYX2.jpg\"\/><\/p>\n<\/p>\n<p><b>BU YIL \u00c7\u0130\u00c7EK BOL<\/b><\/p>\n<p>Taleplerin her y\u0131l artt\u0131\u011f\u0131na i\u015faret eden Civelek, <em><strong>&#8220;Her y\u0131l bir \u00f6nceki d\u00f6nemden sarkan sipari\u015fler var. Ge\u00e7en y\u0131ldan yakla\u015f\u0131k bin 500 ki\u015fi m\u00fcracaat etti. Ge\u00e7mi\u015ften gelen 1,5 tona yak\u0131n bir talep var. Bu y\u0131lki taleple birlikte hepsini kar\u015f\u0131lamaya \u00e7al\u0131\u015faca\u011f\u0131z. \u00d6zellikle bu y\u0131l \u00e7i\u00e7e\u011fin \u00e7ok bol olmas\u0131, kaliteli polen alma imkan\u0131 sa\u011flayacak.&#8221;<\/strong><\/em> dedi.<\/p>\n<p><b>&#8220;F\u0130YAT BEL\u0130RLEN\u0130RKEN EKONOM\u0130K DENGELER G\u00d6ZET\u0130LD\u0130&#8221;<\/b><\/p>\n<p>Civelek, ekonomik dengeleri g\u00f6zeterek fiyat politikas\u0131 olu\u015fturduklar\u0131n\u0131 belirterek, \u015f\u00f6yle devam etti:<\/p>\n<p><em><strong>&#8220;\u00c7ok b\u00fcy\u00fck bir art\u0131\u015f yapmadan kooperatif karar\u0131yla Anzer bal\u0131n\u0131n kilogram fiyat\u0131n\u0131 bin, yar\u0131m kilogram fiyat\u0131n\u0131 500 lira olarak belirledik. Polen fiyatlar\u0131nda 100 gram\u0131 140, 200 gram\u0131 250, 400 gram\u0131 500 lira olarak belirledik. \u00dclkedeki ekonomik daralma nedeniyle fiyatlarla fazla oynayamad\u0131k.&#8221;<\/strong><\/em><\/p>\n<p><em><strong><\/p>\n<p><img decoding=\"async\" src=\"https:\/\/bihavadis.com\/wp-content\/uploads\/2026\/01\/anzer-balinin-kilogrami-bin-lira-oldu-2-N52JOAbG.jpg\"\/><\/p>\n<p><\/strong><\/em><\/p>\n<p><b>&#8220;S\u0130PAR\u0130\u015eLER\u0130 KAR\u015eILAMAYA \u00c7ALI\u015eACA\u011eIZ&#8221;<\/b><\/p>\n<p>Yurt i\u00e7i ve yurt d\u0131\u015f\u0131ndan talepler oldu\u011funu da de\u011finen Civelek, <em><strong>&#8220;Ge\u00e7en y\u0131l Arap misafirlerimize de bal satt\u0131k. Bu y\u0131l yine talepleri biriktiriyoruz. Spor camias\u0131ndan \u00f6nemli oyuncular\u0131n istekleri var. Bu y\u0131l bal rekoltesinin y\u00fcksek olmas\u0131 dolay\u0131s\u0131yla sipari\u015fleri kar\u015f\u0131lamaya \u00e7al\u0131\u015faca\u011f\u0131z.&#8221;<\/strong><\/em> dedi.<\/p>\n<p><p><img decoding=\"async\" src=\"https:\/\/bihavadis.com\/wp-content\/uploads\/2026\/01\/anzer-balinin-kilogrami-bin-lira-oldu-3-11fs2bEe.jpg\"\/><\/p>\n<\/p>\n<p><b>&#8220;TAKL\u0130TLER\u0130NE KAR\u015eI AMBALAJ DE\u011e\u0130\u015eT\u0130RME \u00d6NLEM\u0130&#8221;<\/b><\/p>\n<p>Civelek, Anzer bal\u0131n\u0131n taklitlerinin piyasada yer ald\u0131\u011f\u0131, bundan dolay\u0131 ambalajlar\u0131 her y\u0131l de\u011fi\u015ftirdiklerine dikkati \u00e7ekerek, t\u00fcketicilerin kooperatifin etiketi, \u0131slak m\u00fchr\u00fc ve barkodunun olmad\u0131\u011f\u0131 \u00fcr\u00fcnleri tercih etmemelerini istedi.  Co\u011frafi i\u015faret \u00e7al\u0131\u015fmalar\u0131n\u0131n son a\u015famaya geldi\u011fi aktaran Civelek, co\u011frafi i\u015faret al\u0131nd\u0131ktan sonra sahte Anzer bal\u0131 ile m\u00fccadelenin kolayla\u015faca\u011f\u0131 s\u00f6zlerine ekledi.<\/p>\n","protected":false},"excerpt":{"rendered":"<p>Rize&#8217;deki Anzer Yaylas\u0131&#8217;nda 2300-3000 rak\u0131m aras\u0131nda \u00fcretilen ve pek \u00e7ok hastal\u0131\u011fa iyi geldi\u011fi i\u00e7in al\u0131c\u0131s\u0131 bir y\u0131l \u00f6nceden s\u0131raya giren Anzer bal\u0131n\u0131n kilogram\u0131, bu y\u0131l bin liradan sat\u0131\u015fa sunulacak.<\/p>\n","protected":false},"author":1,"featured_media":4290,"comment_status":"open","ping_status":"open","sticky":false,"template":"","format":"standard","meta":{"footnotes":""},"categories":[11],"tags":[471,412,770,771,769],"class_list":["post-4289","post","type-post","status-publish","format-standard","has-post-thumbnail","hentry","category-saglik","tag-bal","tag-fiyat","tag-karsi","tag-kooperatif","tag-talep"],"_links":{"self":[{"href":"https:\/\/bihavadis.com\/index.php\/wp-json\/wp\/v2\/posts\/4289","targetHints":{"allow":["GET"]}}],"collection":[{"href":"https:\/\/bihavadis.com\/index.php\/wp-json\/wp\/v2\/posts"}],"about":[{"href":"https:\/\/bihavadis.com\/index.php\/wp-json\/wp\/v2\/types\/post"}],"author":[{"embeddable":true,"href":"https:\/\/bihavadis.com\/index.php\/wp-json\/wp\/v2\/users\/1"}],"replies":[{"embeddable":true,"href":"https:\/\/bihavadis.com\/index.php\/wp-json\/wp\/v2\/comments?post=4289"}],"version-history":[{"count":1,"href":"https:\/\/bihavadis.com\/index.php\/wp-json\/wp\/v2\/posts\/4289\/revisions"}],"predecessor-version":[{"id":4295,"href":"https:\/\/bihavadis.com\/index.php\/wp-json\/wp\/v2\/posts\/4289\/revisions\/4295"}],"wp:featuredmedia":[{"embeddable":true,"href":"https:\/\/bihavadis.com\/index.php\/wp-json\/wp\/v2\/media\/4290"}],"wp:attachment":[{"href":"https:\/\/bihavadis.com\/index.php\/wp-json\/wp\/v2\/media?parent=4289"}],"wp:term":[{"taxonomy":"category","embeddable":true,"href":"https:\/\/bihavadis.com\/index.php\/wp-json\/wp\/v2\/categories?post=4289"},{"taxonomy":"post_tag","embeddable":true,"href":"https:\/\/bihavadis.com\/index.php\/wp-json\/wp\/v2\/tags?post=4289"}],"curies":[{"name":"wp","href":"https:\/\/api.w.org\/{rel}","templated":true}]}}