{"id":42953,"date":"2026-02-23T06:18:05","date_gmt":"2026-02-23T06:18:05","guid":{"rendered":"https:\/\/bihavadis.com\/?p=42953"},"modified":"2026-02-23T06:18:05","modified_gmt":"2026-02-23T06:18:05","slug":"fatih-terim-paylasimi-ile-ses-getirdi-cok-yakinda","status":"publish","type":"post","link":"https:\/\/bihavadis.com\/index.php\/2026\/02\/23\/fatih-terim-paylasimi-ile-ses-getirdi-cok-yakinda\/","title":{"rendered":"Fatih Terim payla\u015f\u0131m\u0131 ile ses getirdi: \u00c7ok yak\u0131nda&#8230;"},"content":{"rendered":"<p>Son olarak Suudi Arabistan ekibi Al-Shabab&#8217;\u0131 \u00e7al\u0131\u015ft\u0131ran Fatih Terim, Haziran 2025&#8217;ten bu yana hi\u00e7bir kul\u00fcpte g\u00f6rev almad\u0131.<\/p>\n<p>Deneyimli \u00e7al\u0131\u015ft\u0131r\u0131c\u0131 sosyal medyadan yapt\u0131\u011f\u0131 s\u00fcrpriz payla\u015f\u0131mla t\u00fcm dikkatleri \u00fczerine \u00e7ekti.<\/p>\n<p>Fatih Terim sosyal medya hesab\u0131ndan,<b><em> &#8220;Hani derler ya, \u00e7ok yak\u0131nda&#8221;<\/em><\/b> notuyla bir video payla\u015ft\u0131.<\/p>\n<p><strong>&#8220;MOTTOM YEN\u0130 NES\u0130LE PUSULA OLMAK&#8221;<\/strong><\/p>\n<p>Terim payla\u015ft\u0131\u011f\u0131 videoda \u015fu ifadeleri kullan\u0131yor:<\/p>\n<p>&#8220;Ben bu oyunun, futbolun i\u00e7inde sahada oldum, kul\u00fcbede oldum. Kriz an\u0131nda oldum, zaferi de g\u00f6rd\u00fcm, yenilgiyi de ya\u015fad\u0131m. Buradaki mottom yeni nesile pusula olmak. Gelece\u011fe de bir miras b\u0131rakmak&#8230; Lider g\u00fc\u00e7l\u00fc g\u00f6z\u00fckme de\u011fil, g\u00fc\u00e7l\u00fc olmakt\u0131r.<\/p>\n<p><strong>&#8220;HER \u015eEYE HAZIRLIKLI OLUN&#8221;<\/strong><\/p>\n<p>Bazen hat\u0131rlatmak gerekiyor, unutuluyor. Burada da bir\u00e7ok \u015feyi hat\u0131rlataca\u011f\u0131m baz\u0131 kimselere. Buradan her \u015feye haz\u0131rl\u0131kl\u0131 olun. B\u00fcy\u00fck devrimler g\u00fcr\u00fclt\u00fcyle gelmez, s\u00fcreklilikle gelir.&#8221;<\/p>\n<p><img decoding=\"async\" src=\"https:\/\/bihavadis.com\/wp-content\/uploads\/2026\/02\/fatih-terim-paylasimi-ile-ses-getirdi-cok-yakinda-0-cTAXpuCa.jpg\"\/><\/p>\n","protected":false},"excerpt":{"rendered":"<p>T\u00fcrk futbolunun ve Galatasaray&#8217;\u0131n efsane teknik direkt\u00f6r\u00fc Fatih Terim, m\u00fcjdeyi verdi ve yeni projesini sosyal medya hesab\u0131ndan a\u00e7\u0131klad\u0131. Videoda Terim, &#8221;Hani derler ya, \u00e7ok yak\u0131nda&#8221; ifadelerini kulland\u0131.<\/p>\n","protected":false},"author":1,"featured_media":42954,"comment_status":"open","ping_status":"open","sticky":false,"template":"","format":"standard","meta":{"footnotes":""},"categories":[14],"tags":[],"class_list":["post-42953","post","type-post","status-publish","format-standard","has-post-thumbnail","hentry","category-spor"],"_links":{"self":[{"href":"https:\/\/bihavadis.com\/index.php\/wp-json\/wp\/v2\/posts\/42953","targetHints":{"allow":["GET"]}}],"collection":[{"href":"https:\/\/bihavadis.com\/index.php\/wp-json\/wp\/v2\/posts"}],"about":[{"href":"https:\/\/bihavadis.com\/index.php\/wp-json\/wp\/v2\/types\/post"}],"author":[{"embeddable":true,"href":"https:\/\/bihavadis.com\/index.php\/wp-json\/wp\/v2\/users\/1"}],"replies":[{"embeddable":true,"href":"https:\/\/bihavadis.com\/index.php\/wp-json\/wp\/v2\/comments?post=42953"}],"version-history":[{"count":1,"href":"https:\/\/bihavadis.com\/index.php\/wp-json\/wp\/v2\/posts\/42953\/revisions"}],"predecessor-version":[{"id":42956,"href":"https:\/\/bihavadis.com\/index.php\/wp-json\/wp\/v2\/posts\/42953\/revisions\/42956"}],"wp:featuredmedia":[{"embeddable":true,"href":"https:\/\/bihavadis.com\/index.php\/wp-json\/wp\/v2\/media\/42954"}],"wp:attachment":[{"href":"https:\/\/bihavadis.com\/index.php\/wp-json\/wp\/v2\/media?parent=42953"}],"wp:term":[{"taxonomy":"category","embeddable":true,"href":"https:\/\/bihavadis.com\/index.php\/wp-json\/wp\/v2\/categories?post=42953"},{"taxonomy":"post_tag","embeddable":true,"href":"https:\/\/bihavadis.com\/index.php\/wp-json\/wp\/v2\/tags?post=42953"}],"curies":[{"name":"wp","href":"https:\/\/api.w.org\/{rel}","templated":true}]}}