{"id":42979,"date":"2026-02-23T06:39:38","date_gmt":"2026-02-23T06:39:38","guid":{"rendered":"https:\/\/bihavadis.com\/?p=42979"},"modified":"2026-02-23T06:39:38","modified_gmt":"2026-02-23T06:39:38","slug":"kraliyet-ailesinde-epstein-depremi-kizi-prens-andrewu-sildi","status":"publish","type":"post","link":"https:\/\/bihavadis.com\/index.php\/2026\/02\/23\/kraliyet-ailesinde-epstein-depremi-kizi-prens-andrewu-sildi\/","title":{"rendered":"Kraliyet ailesinde Epstein depremi: K\u0131z\u0131 Prens Andrew&#8217;u sildi"},"content":{"rendered":"<p>\u0130ngiliz Kraliyet Ailesi&#8217;nde Jeffrey Epstein skandal\u0131 yeni bir aile krizine yol a\u00e7t\u0131. Prenses Eugenie&#8217;nin, Epstein ile ili\u015fkisi nedeniyle y\u0131llard\u0131r ele\u015ftirilen babas\u0131 Prens Andrew ile t\u00fcm ileti\u015fimini kesti\u011fi iddia edildi.<\/p>\n<p>\u0130ddialara g\u00f6re 35 ya\u015f\u0131ndaki Eugenie, babas\u0131yla art\u0131k hi\u00e7 konu\u015fmuyor ve Noel d\u00f6neminde kendi ailesiyle birlikte Andrew&#8217;u ziyaret etmedi. Eski York D\u00fck\u00fc Andrew&#8217;un, k\u0131z\u0131n\u0131n bu tavr\u0131 nedeniyle psikolojik olarak y\u0131k\u0131ld\u0131\u011f\u0131 s\u00f6yleniyor.<\/p>\n<p>\u0130ngiliz bas\u0131n\u0131na konu\u015fan bir kaynak, durumu \u015fu s\u00f6zlerle \u00f6zetledi:<\/p>\n<p>&#8220;Ortada hi\u00e7bir temas yok. Eugenie babas\u0131n\u0131 tamamen hayat\u0131ndan \u00e7\u0131kard\u0131.&#8221;<\/p>\n<p>Andrew, \u00e7ocuk istismarc\u0131s\u0131 Jeffrey Epstein ile olan ili\u015fkisi nedeniyle uzun s\u00fcredir kamuoyunun tepkisini \u00e7ekiyor. Bu skandal\u0131n ard\u0131ndan Ekim ay\u0131nda prenslik ve d\u00fckal\u0131k unvanlar\u0131 elinden al\u0131nd\u0131. Ayn\u0131 d\u00f6nemde Kraliyet Ailesi i\u00e7indeki konumu da ciddi \u015fekilde zay\u0131flad\u0131.<\/p>\n<p>Noel&#8217;de Andrew&#8217;un iki k\u0131z\u0131 Beatrice ve Eugenie, kraliyet ailesiyle birlikte Sandringham&#8217;da bulunurken babalar\u0131 bu programa dahil edilmedi. Bu durum, aile i\u00e7indeki kopu\u015fun art\u0131k gizlenmedi\u011fini g\u00f6sterdi.<\/p>\n<p>Kaynaklara g\u00f6re karde\u015fler aras\u0131nda da net bir fark var. Prenses Beatrice, babas\u0131yla ba\u011flar\u0131n\u0131 tamamen koparmamaya \u00e7al\u0131\u015f\u0131yor. Ancak Eugenie&#8217;nin b\u00f6yle bir \u00e7abas\u0131 yok. Gen\u00e7 prensesin, babas\u0131n\u0131n Epstein ma\u011fdurlar\u0131ndan \u00f6z\u00fcr dilemeyi reddetmesine \u00e7ok sert tepki g\u00f6sterdi\u011fi ifade ediliyor.<\/p>\n<p>Eugenie, ayn\u0131 zamanda insan ticareti ve cinsel s\u00f6m\u00fcr\u00fcyle m\u00fccadele eden bir yard\u0131m kurulu\u015funun kurucusu. Bu nedenle babas\u0131n\u0131n ge\u00e7mi\u015fi ve sessizli\u011fi, onun i\u00e7in kabul edilemez bir noktaya gelmi\u015f durumda.<\/p>\n<p>\u00d6te yandan Andrew&#8217;un hayat\u0131ndaki d\u00fc\u015f\u00fc\u015f sadece aileyle s\u0131n\u0131rl\u0131 de\u011fil. Ekim ay\u0131nda Windsor&#8217;daki Royal Lodge&#8217;dan \u00e7\u0131kar\u0131ld\u0131 ve daha k\u00fc\u00e7\u00fck bir konuta ta\u015f\u0131nmak zorunda kald\u0131. Saray kaynaklar\u0131, Andrew&#8217;un ge\u00e7ici olarak Sandringham&#8217;da kalaca\u011f\u0131n\u0131 belirtiyor.<\/p>\n<p>Andrew&#8217;un e\u015fyalar\u0131n\u0131n Windsor&#8217;daki evden kamyonlarla ta\u015f\u0131nd\u0131\u011f\u0131 da ge\u00e7ti\u011fimiz g\u00fcnlerde bas\u0131na yans\u0131d\u0131.<\/p>\n<p>T\u00fcm bu geli\u015fmelere ra\u011fmen Prens Andrew, Epstein ile ilgili su\u00e7lamalar konusunda herhangi bir su\u00e7u oldu\u011funu reddetmeye devam ediyor.<\/p>\n<div>\n<figure><img decoding=\"async\" src=\"https:\/\/bihavadis.com\/wp-content\/uploads\/2026\/02\/kraliyet-ailesinde-epstein-depremi-kizi-prens-andrewu-sildi-0-yeqMHRdG.jpg\"\/><\/figure>\n<figure><img decoding=\"async\" src=\"https:\/\/bihavadis.com\/wp-content\/uploads\/2026\/02\/kraliyet-ailesinde-epstein-depremi-kizi-prens-andrewu-sildi-1-sGUHcgQs.jpg\"\/><\/figure>\n<\/div>\n<div>\n<figure><img decoding=\"async\" src=\"https:\/\/bihavadis.com\/wp-content\/uploads\/2026\/02\/kraliyet-ailesinde-epstein-depremi-kizi-prens-andrewu-sildi-2-xtI4IEA2.jpg\"\/><\/figure>\n<\/div>\n","protected":false},"excerpt":{"rendered":"<p>\u0130ngiliz Kraliyet Ailesi&#8217;nde Jeffrey Epstein skandal\u0131 yeni bir aile krizine sebep oldu. Prenses Eugenie&#8217;nin, Epstein ile ili\u015fkisi sebebiyle ele\u015ftirilen babas\u0131 Prens Andrew ile t\u00fcm ileti\u015fimini kesti\u011fi ortaya \u00e7\u0131kt\u0131. \u0130ddialara g\u00f6re, 35 ya\u015f\u0131ndaki Eugenie, babas\u0131yla art\u0131k konu\u015fmuyor ve Noel&#8217;de onu ziyaret etmedi. Andrew, \u00e7ocuk istismarc\u0131s\u0131 Epstein ile olan ili\u015fkisi nedeniyle kamuoyunun tepkisini \u00e7ekiyor ve bu skandal sonras\u0131nda prenslik ve d\u00fckal\u0131k unvanlar\u0131 elinden al\u0131nd\u0131.<\/p>\n","protected":false},"author":1,"featured_media":42980,"comment_status":"open","ping_status":"open","sticky":false,"template":"","format":"standard","meta":{"footnotes":""},"categories":[6],"tags":[250,2613,2161,5888,2614],"class_list":["post-42979","post","type-post","status-publish","format-standard","has-post-thumbnail","hentry","category-dunya","tag-aile","tag-andrew","tag-babasi","tag-eugenie","tag-prens"],"_links":{"self":[{"href":"https:\/\/bihavadis.com\/index.php\/wp-json\/wp\/v2\/posts\/42979","targetHints":{"allow":["GET"]}}],"collection":[{"href":"https:\/\/bihavadis.com\/index.php\/wp-json\/wp\/v2\/posts"}],"about":[{"href":"https:\/\/bihavadis.com\/index.php\/wp-json\/wp\/v2\/types\/post"}],"author":[{"embeddable":true,"href":"https:\/\/bihavadis.com\/index.php\/wp-json\/wp\/v2\/users\/1"}],"replies":[{"embeddable":true,"href":"https:\/\/bihavadis.com\/index.php\/wp-json\/wp\/v2\/comments?post=42979"}],"version-history":[{"count":1,"href":"https:\/\/bihavadis.com\/index.php\/wp-json\/wp\/v2\/posts\/42979\/revisions"}],"predecessor-version":[{"id":42984,"href":"https:\/\/bihavadis.com\/index.php\/wp-json\/wp\/v2\/posts\/42979\/revisions\/42984"}],"wp:featuredmedia":[{"embeddable":true,"href":"https:\/\/bihavadis.com\/index.php\/wp-json\/wp\/v2\/media\/42980"}],"wp:attachment":[{"href":"https:\/\/bihavadis.com\/index.php\/wp-json\/wp\/v2\/media?parent=42979"}],"wp:term":[{"taxonomy":"category","embeddable":true,"href":"https:\/\/bihavadis.com\/index.php\/wp-json\/wp\/v2\/categories?post=42979"},{"taxonomy":"post_tag","embeddable":true,"href":"https:\/\/bihavadis.com\/index.php\/wp-json\/wp\/v2\/tags?post=42979"}],"curies":[{"name":"wp","href":"https:\/\/api.w.org\/{rel}","templated":true}]}}