{"id":43001,"date":"2026-02-23T06:51:09","date_gmt":"2026-02-23T06:51:09","guid":{"rendered":"https:\/\/bihavadis.com\/?p=43001"},"modified":"2026-02-23T06:51:09","modified_gmt":"2026-02-23T06:51:09","slug":"komsu-tartismasi-kazaya-neden-oldu","status":"publish","type":"post","link":"https:\/\/bihavadis.com\/index.php\/2026\/02\/23\/komsu-tartismasi-kazaya-neden-oldu\/","title":{"rendered":"Kom\u015fu Tart\u0131\u015fmas\u0131 Kazaya Neden Oldu"},"content":{"rendered":"<p>\n<p>KAYSER\u0130&#8217;de ba\u011f evinden kom\u015fu oldu\u011fu Ahmet Y. ile o\u011flu Serdar Y.&#8217;nin \u00fczerine otomobilini s\u00fcrerek yaralanmalar\u0131na neden oldu\u011fu su\u00e7lamas\u0131yla tutuklanan kom\u015fusu Cengiz A., 1 y\u0131ldan 3 y\u0131la kadar hapis istemiyle yarg\u0131land\u0131\u011f\u0131 davan\u0131n ilk duru\u015fmas\u0131nda tahliye oldu. Olay an\u0131 ba\u011f evinin g\u00fcvenlik kameras\u0131na yans\u0131d\u0131.<\/p>\n<p>Olay, ge\u00e7en y\u0131l 22 Kas\u0131m&#8217;da saat 11.00 s\u0131ralar\u0131nda Kocasinan il\u00e7esi Erkilet Mahallesi&#8217;nde meydana geldi. Cengiz A. aralar\u0131nda husumet bulunan kom\u015fular\u0131 Ahmet Y. ile o\u011flu Serdar Y.&#8217;nin ba\u011f evine geldi. Ara\u00e7 park etme meselesi y\u00fcz\u00fcnden taraflar aras\u0131nda tart\u0131\u015fma \u00e7\u0131kt\u0131. Bu s\u0131rada Cengiz A. arac\u0131na binerek otomobilinin baba-o\u011fulun \u00fczerine s\u00fcrd\u00fc. Arac\u0131n alt\u0131nda kalan baba-o\u011ful yaralan\u0131rken, \u015fikayet \u00fczerine \u015f\u00fcpheli kom\u015fu Cengiz A. g\u00f6zalt\u0131na al\u0131nd\u0131. Cengiz A. sevk edildi\u011fi adliyede \u00e7\u0131kar\u0131ld\u0131\u011f\u0131 mahkeme taraf\u0131ndan tutukland\u0131.<\/p>\n<p>Cengiz A. hakk\u0131nda, &#8216;Birden fazla ki\u015fi ile silahla kasten yaralama&#8217;, baba-o\u011ful hakk\u0131nda ise &#8216;Hakaret&#8217; su\u00e7undan dava a\u00e7\u0131ld\u0131. \u00d6te yandan, olay an\u0131 ba\u011f evinin g\u00fcvenlik kameras\u0131na yans\u0131d\u0131. G\u00f6r\u00fcnt\u00fclerde, baba-o\u011fulun ba\u011f evlerinin kap\u0131s\u0131n\u0131 kapatmaya \u00e7al\u0131\u015ft\u0131klar\u0131, bu s\u0131rada Cengiz A.&#8217;n\u0131n otomobilini bah\u00e7e kap\u0131s\u0131na do\u011fru s\u00fcrd\u00fc\u011f\u00fc, baba o\u011fulun arac\u0131n alt\u0131nda kald\u0131klar\u0131 g\u00f6r\u00fcld\u00fc. Cengiz A.&#8217;n\u0131n ard\u0131ndan otomobili ile uzakla\u015ft\u0131\u011f\u0131 baba-o\u011fulun ise otomobile do\u011fru bir \u015fey f\u0131rlatt\u0131klar\u0131 g\u00f6r\u00fcld\u00fc.<\/p>\n<p>DAVA BA\u015eLADI<\/p>\n<p> Kayseri 28&#8217;inci Asliye Ceza Mahkemesi&#8217;nde g\u00f6r\u00fclen davan\u0131n ilk duru\u015fmas\u0131nda m\u00fc\u015fteki tutuklu san\u0131k Cengiz A. ile m\u00fc\u015fteki tutuksuz san\u0131k baba-o\u011ful ile taraf avukatlar\u0131 haz\u0131r bulundu. Aralar\u0131nda ya\u015fanan soruna dikkat \u00e7eken Cengiz A., &#8220;Benim ge\u00e7i\u015fime engel olmak i\u00e7in arabay\u0131 orta yerde b\u0131rak\u0131yor. Birka\u00e7 defa uyard\u0131m. Arabas\u0131n\u0131n el frenini indirerek 30-40 santimetre geriye b\u0131rakarak ge\u00e7ecek yer a\u00e7t\u0131m. &#8216;Arabamla neden oynuyorsun&#8217; dedi. Yolu kapatt\u0131\u011f\u0131n\u0131, derdinin ne oldu\u011funu sordum. Yan\u0131mda e\u015fim de vard\u0131. K\u00fcfretmeye ba\u015flad\u0131. Tehdit etti. Hiddetlenip arabaya bindim ve bah\u00e7e kap\u0131s\u0131na vurdum. Amac\u0131m onlar\u0131 yaralamak de\u011fildi. Pi\u015fman\u0131m. Ben de onlardan \u015fikayet\u00e7iyim&#8221; dedi. <\/p>\n<p>\u015eikayet\u00e7i oldu\u011funu s\u00f6yleyen m\u00fc\u015fteki san\u0131k Ahmet Y. ise &#8220;Kafay\u0131 bize takt\u0131. Kom\u015fu oldu\u011fu i\u00e7in idare ettik. Olay g\u00fcn\u00fc de arabas\u0131yla bizi alt\u0131na ald\u0131. Aya\u011f\u0131m k\u0131r\u0131ld\u0131. Diki\u015f at\u0131ld\u0131. Hala tedavimiz devam ediyor. Ayakkab\u0131 giyemiyoruz. \u015eikayet\u00e7iyim&#8221; diye konu\u015ftu.<\/p>\n<p>TAHL\u0130YE ED\u0130LD\u0130<\/p>\n<p>Mahkeme hakimi, san\u0131k Cengiz A.&#8217;n\u0131n \u00fczerine at\u0131l\u0131 su\u00e7un vas\u0131f mahiyeti ile delillerin toplanm\u0131\u015f olmas\u0131 gerek\u00e7e g\u00f6sterilerek, cezaevinde kald\u0131\u011f\u0131 s\u00fcre dikkate al\u0131narak tahliyesine karar vererek, duru\u015fmay\u0131 erteledi. <\/p>\n","protected":false},"excerpt":{"rendered":"<p>Kayseri&#8217;de kom\u015fular aras\u0131nda \u00e7\u0131kan tart\u0131\u015fma sonras\u0131 Cengiz A., yaralama su\u00e7lamas\u0131yla tutukland\u0131, tahliye edildi.<\/p>\n","protected":false},"author":1,"featured_media":43002,"comment_status":"open","ping_status":"open","sticky":false,"template":"","format":"standard","meta":{"footnotes":""},"categories":[9,4,13],"tags":[5890,1826,5891],"class_list":["post-43001","post","type-post","status-publish","format-standard","has-post-thumbnail","hentry","category-genel","category-gundem","category-son-dakika","tag-baba-ogul","tag-bag","tag-komsu"],"_links":{"self":[{"href":"https:\/\/bihavadis.com\/index.php\/wp-json\/wp\/v2\/posts\/43001","targetHints":{"allow":["GET"]}}],"collection":[{"href":"https:\/\/bihavadis.com\/index.php\/wp-json\/wp\/v2\/posts"}],"about":[{"href":"https:\/\/bihavadis.com\/index.php\/wp-json\/wp\/v2\/types\/post"}],"author":[{"embeddable":true,"href":"https:\/\/bihavadis.com\/index.php\/wp-json\/wp\/v2\/users\/1"}],"replies":[{"embeddable":true,"href":"https:\/\/bihavadis.com\/index.php\/wp-json\/wp\/v2\/comments?post=43001"}],"version-history":[{"count":1,"href":"https:\/\/bihavadis.com\/index.php\/wp-json\/wp\/v2\/posts\/43001\/revisions"}],"predecessor-version":[{"id":43003,"href":"https:\/\/bihavadis.com\/index.php\/wp-json\/wp\/v2\/posts\/43001\/revisions\/43003"}],"wp:featuredmedia":[{"embeddable":true,"href":"https:\/\/bihavadis.com\/index.php\/wp-json\/wp\/v2\/media\/43002"}],"wp:attachment":[{"href":"https:\/\/bihavadis.com\/index.php\/wp-json\/wp\/v2\/media?parent=43001"}],"wp:term":[{"taxonomy":"category","embeddable":true,"href":"https:\/\/bihavadis.com\/index.php\/wp-json\/wp\/v2\/categories?post=43001"},{"taxonomy":"post_tag","embeddable":true,"href":"https:\/\/bihavadis.com\/index.php\/wp-json\/wp\/v2\/tags?post=43001"}],"curies":[{"name":"wp","href":"https:\/\/api.w.org\/{rel}","templated":true}]}}