{"id":43026,"date":"2026-02-23T07:12:09","date_gmt":"2026-02-23T07:12:09","guid":{"rendered":"https:\/\/bihavadis.com\/?p=43026"},"modified":"2026-02-23T07:12:09","modified_gmt":"2026-02-23T07:12:09","slug":"elazigda-kayip-sahsi-arama-calismalari-7-gununde-devam-ediyor","status":"publish","type":"post","link":"https:\/\/bihavadis.com\/index.php\/2026\/02\/23\/elazigda-kayip-sahsi-arama-calismalari-7-gununde-devam-ediyor\/","title":{"rendered":"Elaz\u0131\u011f\u2019da kay\u0131p \u015fahs\u0131 arama \u00e7al\u0131\u015fmalar\u0131 7. g\u00fcn\u00fcnde devam ediyor"},"content":{"rendered":"<p>Elaz\u0131\u011f merkez Esentepe Mahallesi\u2019ndeki ikametinden ayr\u0131ld\u0131ktan sonra kendisinden bir daha haber al\u0131namayan 74 ya\u015f\u0131ndaki \u0130brahim Kaya i\u00e7in y\u00fcr\u00fct\u00fclen arama kurtarma \u00e7al\u0131\u015fmalar\u0131 7\u2019nci g\u00fcn\u00fcne girdi.<\/p>\n<p>\u0130lk 6 g\u00fcnl\u00fck s\u00fcre\u00e7te yakla\u015f\u0131k 100 kilometrelik alan\u0131 tarayan ekipler, hen\u00fcz somut bir bulguya ula\u015famad\u0131.<\/p>\n<p>Arama faaliyetleri, AFAD, UMKE, \u0130l Emniyet M\u00fcd\u00fcrl\u00fc\u011f\u00fc ve \u0130l Jandarma Komutanl\u0131\u011f\u0131 b\u00fcnyesindeki 51 ki\u015filik uzman personelle s\u00fcrd\u00fcr\u00fcl\u00fcyor.<\/p>\n<p><strong>ARAMA FAAL\u0130YETLER\u0130N\u0130N DEVAM EDECE\u011e\u0130 B\u0130LD\u0130R\u0130LD\u0130<\/strong><\/p>\n<p>\u00c7al\u0131\u015fmalar kapsam\u0131nda, iz takip k\u00f6pekleri e\u015fli\u011finde k\u0131rsal ve metruk alanlar kontrol ediliyor.<\/p>\n<p>Emniyet ve AFAD birimlerine ait dronlar ile b\u00f6lgenin havadan g\u00f6r\u00fcnt\u00fcleri analiz ediliyor.<\/p>\n<p>Emniyet M\u00fcd\u00fcrl\u00fc\u011f\u00fc Su Alt\u0131 Grup Amirli\u011fi\u2019ne ba\u011fl\u0131 kurba\u011fa adamlar, b\u00f6lgedeki sulak alanlarda ve su birikintilerinde tarama faaliyetlerini s\u00fcrd\u00fcr\u00fcyor.<\/p>\n<p><img decoding=\"async\" src=\"https:\/\/bihavadis.com\/wp-content\/uploads\/2026\/02\/elazigda-kayip-sahsi-arama-calismalari-7-gununde-devam-ediyor-0-LWdSkJru.jpg\"\/><\/p>\n<p><strong>YAPILAN \u00c7ALI\u015eMALARDA HERHANG\u0130 B\u0130R \u0130ZE RASLANMADI\u011eI BEL\u0130RT\u0130LD\u0130<\/strong><\/p>\n<p>\u015eu ana kadar yap\u0131lan \u00e7al\u0131\u015fmalarda Kaya\u2019ya ait herhangi bir ize rastlanmazken, arama faaliyetlerinin belirlenen koordinatlar do\u011frultusunda devam edece\u011fi bildirildi.<\/p>\n<p>AFAD, \u00e7al\u0131\u015fmalar\u0131n art\u0131k tamamen teknik veriler \u00fczerinden y\u00fcr\u00fct\u00fcld\u00fc\u011f\u00fcn\u00fc, \u00f6zellikle drone g\u00f6r\u00fcnt\u00fcleri ve sualt\u0131 ekiplerinin elde etti\u011fi g\u00f6r\u00fcnt\u00fcler do\u011frultusunda hareket edildi\u011fini aktard\u0131.<\/p>\n<p><strong>&#8220;50 K\u0130\u015e\u0130L\u0130K EK\u0130PLE ARAMA KURTARMA FAAL\u0130YETLER\u0130 Y\u00dcR\u00dcT\u00dcL\u00dcYOR&#8221;<\/strong><\/p>\n<p>Arama Kurtarma \u015eube M\u00fcd\u00fcr\u00fc S\u00fcleyman Polat,<em><b> &#8220;Valimizin emirleri do\u011frultusunda ekiplerimiz arama ve tarama \u00e7al\u0131\u015fmalar\u0131n\u0131 s\u00fcrd\u00fcr\u00fcyor. \u015eu anda 50 ki\u015filik bir ekiple arama kurtarma faaliyetlerini y\u00fcr\u00fct\u00fcl\u00fcyor.<\/b><\/em><\/p>\n<p><img decoding=\"async\" src=\"https:\/\/bihavadis.com\/wp-content\/uploads\/2026\/02\/elazigda-kayip-sahsi-arama-calismalari-7-gununde-devam-ediyor-1-9SJVvjXB.jpg\"\/><\/p>\n<p><strong>DRON VE SUALTI EK\u0130PLER\u0130YLE TEKN\u0130K ARAMANIN DEVAM ETT\u0130\u011e\u0130 \u0130FADE ED\u0130LD\u0130<\/strong><\/p>\n<p><em><b>Bu ekiplerin i\u00e7erisinde AFAD, jandarma, Emniyet M\u00fcd\u00fcrl\u00fc\u011f\u00fc personeli, sualt\u0131 dalg\u0131\u00e7lar\u0131m\u0131z, dron ekiplerimiz ve UMKE yer al\u0131yor. <\/b><\/em><\/p>\n<p><em><b>Bir hafta \u00f6ncesine g\u00f6re kamu kurulu\u015flar\u0131na ve sivil toplum kurulu\u015flar\u0131na ait arama kurtarma personel say\u0131s\u0131n\u0131 biraz azaltt\u0131k. <\/b><\/em><\/p>\n<p><em><b>\u015eu an tamamen teknik bir \u00e7al\u0131\u015fma \u00fczerinden yo\u011funla\u015fm\u0131\u015f durumday\u0131z. Dron g\u00f6r\u00fcnt\u00fcleri ve sualt\u0131 ekiplerimizin elde etti\u011fi g\u00f6r\u00fcnt\u00fcler do\u011frultusunda hareket ediyoruz.<\/b><\/em><\/p>\n<p><img decoding=\"async\" src=\"https:\/\/bihavadis.com\/wp-content\/uploads\/2026\/02\/elazigda-kayip-sahsi-arama-calismalari-7-gununde-devam-ediyor-2-lULtnvbM.jpg\"\/><\/p>\n<p><strong>&#8220;ASILSIZ \u0130HBAR GELMEYE DEVAM ED\u0130YOR&#8221;<\/strong><\/p>\n<p><em><b>Ayr\u0131ca mahallemizin muhtar\u0131na gelen bilgiler ve ailenin payla\u015ft\u0131\u011f\u0131 bilgiler do\u011frultusunda ekiplerimizi y\u00f6nlendiriyoruz. <\/b><\/em><\/p>\n<p><em><b>Bu arada as\u0131ls\u0131z ihbarlar gelmeye devam ediyor, amcam\u0131za benzetmeler oluyor. Bunlar\u0131n tamam\u0131n\u0131 titizlikle de\u011ferlendiriyoruz. <\/b><\/em><\/p>\n<p><em><b>\u015eu an emniyetimize ve AFAD\u2019a ait termal kameral\u0131 dronlar\u0131m\u0131z hem havadan hem karadan \u0130brahim amcam\u0131z\u0131 aramaya devam ediyor&#8221; <\/b><\/em>dedi.<\/p>\n","protected":false},"excerpt":{"rendered":"<p>Kentte, 7 g\u00fcn \u00f6nce kaybolan 74 ya\u015f\u0131ndaki \u0130brahim Kaya\u2019n\u0131n bulunmas\u0131 i\u00e7in ba\u015flat\u0131lan arama \u00e7al\u0131\u015fmalar\u0131, geni\u015fletilen sahada devam ederken yetkililer, 50 ki\u015filik ekibin g\u00f6rev ald\u0131\u011f\u0131n\u0131 bildirdi.<\/p>\n","protected":false},"author":1,"featured_media":43027,"comment_status":"open","ping_status":"open","sticky":false,"template":"","format":"standard","meta":{"footnotes":""},"categories":[4,13],"tags":[403,991,5277,3295,5893],"class_list":["post-43026","post","type-post","status-publish","format-standard","has-post-thumbnail","hentry","category-gundem","category-son-dakika","tag-arama","tag-calismalar","tag-dron","tag-ekiple","tag-faaliyetleri"],"_links":{"self":[{"href":"https:\/\/bihavadis.com\/index.php\/wp-json\/wp\/v2\/posts\/43026","targetHints":{"allow":["GET"]}}],"collection":[{"href":"https:\/\/bihavadis.com\/index.php\/wp-json\/wp\/v2\/posts"}],"about":[{"href":"https:\/\/bihavadis.com\/index.php\/wp-json\/wp\/v2\/types\/post"}],"author":[{"embeddable":true,"href":"https:\/\/bihavadis.com\/index.php\/wp-json\/wp\/v2\/users\/1"}],"replies":[{"embeddable":true,"href":"https:\/\/bihavadis.com\/index.php\/wp-json\/wp\/v2\/comments?post=43026"}],"version-history":[{"count":1,"href":"https:\/\/bihavadis.com\/index.php\/wp-json\/wp\/v2\/posts\/43026\/revisions"}],"predecessor-version":[{"id":43031,"href":"https:\/\/bihavadis.com\/index.php\/wp-json\/wp\/v2\/posts\/43026\/revisions\/43031"}],"wp:featuredmedia":[{"embeddable":true,"href":"https:\/\/bihavadis.com\/index.php\/wp-json\/wp\/v2\/media\/43027"}],"wp:attachment":[{"href":"https:\/\/bihavadis.com\/index.php\/wp-json\/wp\/v2\/media?parent=43026"}],"wp:term":[{"taxonomy":"category","embeddable":true,"href":"https:\/\/bihavadis.com\/index.php\/wp-json\/wp\/v2\/categories?post=43026"},{"taxonomy":"post_tag","embeddable":true,"href":"https:\/\/bihavadis.com\/index.php\/wp-json\/wp\/v2\/tags?post=43026"}],"curies":[{"name":"wp","href":"https:\/\/api.w.org\/{rel}","templated":true}]}}