{"id":43154,"date":"2026-02-23T08:30:05","date_gmt":"2026-02-23T08:30:05","guid":{"rendered":"https:\/\/bihavadis.com\/?p=43154"},"modified":"2026-02-23T08:30:05","modified_gmt":"2026-02-23T08:30:05","slug":"bakan-ersoydan-baskan-ere-ziyaret","status":"publish","type":"post","link":"https:\/\/bihavadis.com\/index.php\/2026\/02\/23\/bakan-ersoydan-baskan-ere-ziyaret\/","title":{"rendered":"Bakan Ersoy&#8217;dan Ba\u015fkan Er&#8217;e ziyaret"},"content":{"rendered":"<p> K\u00fclt\u00fcr ve Turizm Bakan\u0131 Mehmet Nuri Ersoy, Malatya B\u00fcy\u00fck\u015fehir Belediye Ba\u015fkan\u0131 Sami Er&#8217;i ziyaret etti.<\/p>\n<p>Bir dizi ziyaretlerin yan\u0131 s\u0131ra 6 \u015eubat 2023 depremleri sonras\u0131 yeniden aya\u011fa kald\u0131r\u0131lan k\u00fclt\u00fcr varl\u0131klar\u0131ndaki \u00e7al\u0131\u015fmalar\u0131 yerinde g\u00f6rmek \u00fczere Malatya&#8217;ya gelen Bakan Ersoy, Ba\u015fkan Er&#8217;i makam\u0131nda ziyaret etti. Ziyaretinden dolay\u0131 Bakan Ersoy&#8217;a te\u015fekk\u00fcr eden Ba\u015fkan Er, &#8220;Deprem d\u00f6neminde Koordinat\u00f6r Bakan olman\u0131z hasebiyle en zor zamanlarda buradayd\u0131n\u0131z. Malatya&#8217;m\u0131za katt\u0131\u011f\u0131n\u0131z bir\u00e7ok \u00f6nemli hizmet ve \u00e7al\u0131\u015fmalar\u0131n\u0131z oldu. Allah, devletimize zeval vermesin. Sizlerin yan\u0131 s\u0131ra \u00c7evre, \u015eehircilik ve \u0130klim De\u011fi\u015fikli\u011fi Bakan\u0131m\u0131z Murat Kurum&#8217;un destekleriyle Malatya&#8217;m\u0131z k\u00fcllerinden aya\u011fa kalkt\u0131. Biz de daha ya\u015fanabilir, diren\u00e7li, rahat bir Malatya i\u00e7in \u00e7al\u0131\u015fmalar\u0131m\u0131z\u0131 s\u00fcrd\u00fcr\u00fcyoruz&#8221; diye konu\u015ftu.<\/p>\n<p>Malatya&#8217;n\u0131n yeniden in\u015fa s\u00fcreci devam ederken B\u00fcy\u00fck\u015fehir Belediyesi olarak spor, sanat ve k\u00fclt\u00fcrel anlamda projeler haz\u0131rlad\u0131klar\u0131n\u0131 dile getiren Ba\u015fkan Er, projeler i\u00e7in Bakan Ersoy&#8217;dan destek istedi.<\/p>\n<p>Bakan Ersoy K\u00fct\u00fcphane in\u015faat\u0131n\u0131 inceledi<\/p>\n<p>Ba\u015fkan Er&#8217;in brifingini dinleyen ve proje dosyalar\u0131n\u0131 alan Bakan Ersoy, &#8220;Projeleri inceleyelim, \u00fczerinde \u00e7al\u0131\u015fal\u0131m. Bir \u00e7al\u0131\u015fma yap\u0131n destek olal\u0131m&#8221; dedi. Ba\u015fkan Er&#8217;in makam\u0131ndan B\u00fcy\u00fck\u015fehir Belediye ana binas\u0131 amfisinde in\u015faat\u0131 devam eden k\u00fct\u00fcphaneyi de inceleyen K\u00fclt\u00fcr ve Turizm Bakan\u0131 Mehmet Nuri Ersoy, \u00e7al\u0131\u015fmalar\u0131n a\u015famas\u0131 hakk\u0131nda bilgi ald\u0131. Bakan Ersoy, 815 ki\u015fi kapasiteli b\u00f6lgenin en b\u00fcy\u00fck k\u00fct\u00fcphaneyi ayr\u0131nt\u0131l\u0131 bir \u015fekilde gezdi. Malatya B\u00fcy\u00fck\u015fehir Belediye Ba\u015fkan\u0131 Sami Er&#8217;in &#8216;Malatya&#8217;y\u0131 k\u00fct\u00fcphaneler \u015fehri yapaca\u011f\u0131z&#8217; vizyonuyla b\u00fcy\u00fck\u015fehir belediyesi i\u00e7erisinde hayata ge\u00e7irdi\u011fi k\u00fct\u00fcphanede incelemede bulunan Bakan Ersoy, memnuniyetini dile getirdi.<\/p>\n<p>Ba\u015fkan Er, b\u00f6lgenin en b\u00fcy\u00fck k\u00fct\u00fcphanesini in\u015fa ettiklerini belirterek, &#8220;K\u00fct\u00fcphaneye gelen \u00f6\u011frencilerimiz, buradaki amfiyle kendilerini \u00fcniversitede hissedecekler. K\u00fct\u00fcphane d\u0131\u015f\u0131nda seminer salonlar\u0131 ve serbest \u00e7al\u0131\u015fma alanlar\u0131 da olacak&#8221; bilgilendirmelerinde bulundu. &#8211; MALATYA<\/p>\n","protected":false},"excerpt":{"rendered":"<p>K\u00fclt\u00fcr ve Turizm Bakan\u0131 Mehmet Nuri Ersoy, Malatya B\u00fcy\u00fck\u015fehir Belediye Ba\u015fkan\u0131 Sami Er ile birlikte Malatya&#8217;da 6 \u015eubat depremleri sonras\u0131 ger\u00e7ekle\u015ftirilen k\u00fclt\u00fcrel \u00e7al\u0131\u015fmalar ve in\u015faat halindeki k\u00fct\u00fcphaneyi ziyaret etti. Ba\u015fkan Er, projeler i\u00e7in destek istedi.<\/p>\n","protected":false},"author":1,"featured_media":43155,"comment_status":"open","ping_status":"open","sticky":false,"template":"","format":"standard","meta":{"footnotes":""},"categories":[12],"tags":[5849,516,378,1204,2454],"class_list":["post-43154","post","type-post","status-publish","format-standard","has-post-thumbnail","hentry","category-siyaset","tag-bakan-ersoy","tag-baskan","tag-calisma","tag-kutuphane","tag-malatya"],"_links":{"self":[{"href":"https:\/\/bihavadis.com\/index.php\/wp-json\/wp\/v2\/posts\/43154","targetHints":{"allow":["GET"]}}],"collection":[{"href":"https:\/\/bihavadis.com\/index.php\/wp-json\/wp\/v2\/posts"}],"about":[{"href":"https:\/\/bihavadis.com\/index.php\/wp-json\/wp\/v2\/types\/post"}],"author":[{"embeddable":true,"href":"https:\/\/bihavadis.com\/index.php\/wp-json\/wp\/v2\/users\/1"}],"replies":[{"embeddable":true,"href":"https:\/\/bihavadis.com\/index.php\/wp-json\/wp\/v2\/comments?post=43154"}],"version-history":[{"count":1,"href":"https:\/\/bihavadis.com\/index.php\/wp-json\/wp\/v2\/posts\/43154\/revisions"}],"predecessor-version":[{"id":43156,"href":"https:\/\/bihavadis.com\/index.php\/wp-json\/wp\/v2\/posts\/43154\/revisions\/43156"}],"wp:featuredmedia":[{"embeddable":true,"href":"https:\/\/bihavadis.com\/index.php\/wp-json\/wp\/v2\/media\/43155"}],"wp:attachment":[{"href":"https:\/\/bihavadis.com\/index.php\/wp-json\/wp\/v2\/media?parent=43154"}],"wp:term":[{"taxonomy":"category","embeddable":true,"href":"https:\/\/bihavadis.com\/index.php\/wp-json\/wp\/v2\/categories?post=43154"},{"taxonomy":"post_tag","embeddable":true,"href":"https:\/\/bihavadis.com\/index.php\/wp-json\/wp\/v2\/tags?post=43154"}],"curies":[{"name":"wp","href":"https:\/\/api.w.org\/{rel}","templated":true}]}}