{"id":43168,"date":"2026-02-23T08:42:05","date_gmt":"2026-02-23T08:42:05","guid":{"rendered":"https:\/\/bihavadis.com\/?p=43168"},"modified":"2026-02-23T08:42:05","modified_gmt":"2026-02-23T08:42:05","slug":"von-der-leyen-rubionun-avrupaya-iliskin-soylemleri-guven-verici","status":"publish","type":"post","link":"https:\/\/bihavadis.com\/index.php\/2026\/02\/23\/von-der-leyen-rubionun-avrupaya-iliskin-soylemleri-guven-verici\/","title":{"rendered":"Von der Leyen: Rubio&#8217;nun Avrupa&#8217;ya ili\u015fkin s\u00f6ylemleri g\u00fcven verici"},"content":{"rendered":"<p>Avrupa Birli\u011fi (AB) Komisyonu Ba\u015fkan\u0131 Ursula von der Leyen, \u0130ngiltere Ba\u015fbakan\u0131 Keir Starmer ile M\u00fcnih G\u00fcvenlik Konferans\u0131&#8217;nda kat\u0131ld\u0131\u011f\u0131 oturumda a\u00e7\u0131klamalarda bulundu.<\/p>\n<p>Leyen, ABD D\u0131\u015fi\u015fleri Bakan\u0131 Rubio&#8217;nun M\u00fcnih G\u00fcvenlik Konferans\u0131&#8217;nda transatlantik ili\u015fkilere de\u011findi\u011fi konu\u015fmas\u0131na da i\u015faret etti.\u00a0<\/p>\n<p><strong>&#8220;BAKANIN KONU\u015eMASI BEN\u0130 \u00c7OK RAHATLATTI&#8221;<\/strong><\/p>\n<p>Von der Leyen,<em><b> &#8220;D\u0131\u015fi\u015fleri Bakan\u0131&#8217;n\u0131n konu\u015fmas\u0131 beni \u00e7ok rahatlatt\u0131. Onu tan\u0131yoruz. \u0130yi bir dost, g\u00fc\u00e7l\u00fc bir m\u00fcttefik, ger\u00e7ekten de \u00f6yle ve onu dinlemek, benim i\u00e7in \u00e7ok g\u00fcven vericiydi. Y\u00f6netimde baz\u0131 ki\u015filerin bu konularda daha sert bir \u00fcsluba sahip oldu\u011funu biliyoruz ancak D\u0131\u015fi\u015fleri Bakan\u0131 \u00e7ok netti.&#8221; <\/b><\/em>ifadelerini kulland\u0131.<\/p>\n<p><strong>&#8220;BA\u011eIMSIZ B\u0130R AVRUPA OLMALIYIZ&#8221;<\/strong><\/p>\n<p>Von der Leyen, Rubio&#8217;nun konu\u015fmas\u0131nda de\u011findi\u011fi g\u00fc\u00e7l\u00fc Avrupa&#8217;n\u0131n kendilerinin de hedefi oldu\u011funun alt\u0131n\u0131 \u00e7izerek,<em><b> &#8220;Ba\u011f\u0131ms\u0131z bir Avrupa olmal\u0131y\u0131z, birilerine yaslanan bir Avrupa de\u011fil dostlar\u0131m\u0131z ve m\u00fcttefiklerimizle birlikte d\u0131\u015far\u0131daki zorluklarla y\u00fczle\u015fen, dolay\u0131s\u0131yla g\u00fc\u00e7l\u00fc bir Avrupa olmal\u0131y\u0131z. Bu konuda D\u0131\u015fi\u015fleri Bakan\u0131 ile tamamen ayn\u0131 fikirdeyim.&#8221;<\/b><\/em> de\u011ferlendirmesini yapt\u0131.<\/p>\n<p><strong>&#8220;ANLA\u015eMAZLIKLAR DER\u0130N KAYGIMIZDAN KAYNAKLANIYOR&#8221;<\/strong><\/p>\n<p>\u0130lgili konu\u015fmas\u0131nda Rubio, ABD ve Avrupa&#8217;n\u0131n derin ba\u011flarla birbirine ba\u011fl\u0131 oldu\u011funa i\u015faret ederek,<em><b> &#8220;Zaman zaman ya\u015fanan anla\u015fmazl\u0131klar, sadece ekonomik ve askeri de\u011fil manevi ve k\u00fclt\u00fcrel olarak da ba\u011fl\u0131 oldu\u011fumuz Avrupa&#8217;ya derin kayg\u0131m\u0131zdan kaynaklan\u0131yor. Avrupa&#8217;n\u0131n g\u00fc\u00e7l\u00fc olmas\u0131n\u0131 istiyoruz. Avrupa&#8217;n\u0131n hayatta kalmas\u0131 gerekti\u011fine inan\u0131yoruz.&#8221;<\/b><\/em> ifadelerini kullanm\u0131\u015ft\u0131.<\/p>\n<p><strong>RUTTE&#8217;YE CEVAP <\/strong><\/p>\n<p>NATO Genel Sekreteri Mark Rutte&#8217;nin, D\u00fcnya Ekonomik Forumu&#8217;nda Davos&#8217;ta iki hafta \u00f6nce yapt\u0131\u011f\u0131 a\u00e7\u0131klamada, ABD&#8217;siz Avrupa savunmas\u0131n\u0131n &#8220;hayal&#8221; oldu\u011fu y\u00f6n\u00fcndeki s\u00f6zlerine de de\u011finen von der Leyen, \u015funlar\u0131 kaydetti:<\/p>\n<p><b><em>&#8220;NATO Genel Sekreteri&#8217;nin &#8216;Hayal kurmaya devam edin.&#8217; s\u00f6z\u00fcne de de\u011finmek istiyorum. Hay\u0131r, sevgili dostum, sadece stat\u00fcko devam etmiyor veya b\u00f6l\u00fcnme ve y\u0131k\u0131m olmuyor. Arada bir\u00e7ok \u015fey var ve stat\u00fcko, ne bizim i\u00e7in ne de ABD i\u00e7in tatmin edici de\u011fil. Dolay\u0131s\u0131yla arada \u00e7ok daha fazla \u015fey var ve ba\u011f\u0131ms\u0131z bir Avrupa, s\u00fcrekli ba\u015fkas\u0131na dayanmadan g\u00fcc\u00fcm\u00fcz\u00fc geli\u015ftirmek ve sonra g\u00fc\u00e7l\u00fc bir \u015fekilde ilerleyerek d\u00fcnyan\u0131n bize sundu\u011fu zorluklarla y\u00fczle\u015fmek anlam\u0131na geliyor. Sevgili dostum Mark&#8217;a s\u00f6ylemek istedi\u011fim bu.&#8221;<\/em><\/b><\/p>\n<p><img decoding=\"async\" src=\"https:\/\/bihavadis.com\/wp-content\/uploads\/2026\/02\/von-der-leyen-rubionun-avrupaya-iliskin-soylemleri-guven-verici-0-ZyXemwXE.jpg\"\/><\/p>\n","protected":false},"excerpt":{"rendered":"<p>Avrupa Birli\u011fi (AB) Komisyonu Ba\u015fkan\u0131 Ursula von der Leyen, ABD D\u0131\u015fi\u015fleri Bakan\u0131 Marco Rubio&#8217;nun, Avrupa ile derin ba\u011flara sahip ili\u015fkileri yenileme \u00e7a\u011fr\u0131s\u0131 yapt\u0131\u011f\u0131 konu\u015fmas\u0131n\u0131 g\u00fcven verici buldu\u011funu belirtti.<\/p>\n","protected":false},"author":1,"featured_media":43169,"comment_status":"open","ping_status":"open","sticky":false,"template":"","format":"standard","meta":{"footnotes":""},"categories":[6],"tags":[1090,5904,1488,5905,5906],"class_list":["post-43168","post","type-post","status-publish","format-standard","has-post-thumbnail","hentry","category-dunya","tag-avrupa","tag-der","tag-guclu","tag-konusmasi","tag-leyen"],"_links":{"self":[{"href":"https:\/\/bihavadis.com\/index.php\/wp-json\/wp\/v2\/posts\/43168","targetHints":{"allow":["GET"]}}],"collection":[{"href":"https:\/\/bihavadis.com\/index.php\/wp-json\/wp\/v2\/posts"}],"about":[{"href":"https:\/\/bihavadis.com\/index.php\/wp-json\/wp\/v2\/types\/post"}],"author":[{"embeddable":true,"href":"https:\/\/bihavadis.com\/index.php\/wp-json\/wp\/v2\/users\/1"}],"replies":[{"embeddable":true,"href":"https:\/\/bihavadis.com\/index.php\/wp-json\/wp\/v2\/comments?post=43168"}],"version-history":[{"count":1,"href":"https:\/\/bihavadis.com\/index.php\/wp-json\/wp\/v2\/posts\/43168\/revisions"}],"predecessor-version":[{"id":43171,"href":"https:\/\/bihavadis.com\/index.php\/wp-json\/wp\/v2\/posts\/43168\/revisions\/43171"}],"wp:featuredmedia":[{"embeddable":true,"href":"https:\/\/bihavadis.com\/index.php\/wp-json\/wp\/v2\/media\/43169"}],"wp:attachment":[{"href":"https:\/\/bihavadis.com\/index.php\/wp-json\/wp\/v2\/media?parent=43168"}],"wp:term":[{"taxonomy":"category","embeddable":true,"href":"https:\/\/bihavadis.com\/index.php\/wp-json\/wp\/v2\/categories?post=43168"},{"taxonomy":"post_tag","embeddable":true,"href":"https:\/\/bihavadis.com\/index.php\/wp-json\/wp\/v2\/tags?post=43168"}],"curies":[{"name":"wp","href":"https:\/\/api.w.org\/{rel}","templated":true}]}}