{"id":43264,"date":"2026-02-23T09:54:07","date_gmt":"2026-02-23T09:54:07","guid":{"rendered":"https:\/\/bihavadis.com\/?p=43264"},"modified":"2026-02-23T09:54:07","modified_gmt":"2026-02-23T09:54:07","slug":"mark-rutteden-sdg-sorusu-soran-gazeteciye-kurtler-hakkinda-konusmaya-gelmedim","status":"publish","type":"post","link":"https:\/\/bihavadis.com\/index.php\/2026\/02\/23\/mark-rutteden-sdg-sorusu-soran-gazeteciye-kurtler-hakkinda-konusmaya-gelmedim\/","title":{"rendered":"Mark Rutte&#8217;den SDG sorusu soran gazeteciye: K\u00fcrtler hakk\u0131nda konu\u015fmaya gelmedim"},"content":{"rendered":"<p>NATO Genel Sekreteri Mark\u00a0Rutte, M\u00fcnih G\u00fcvenlik Konferans\u0131\u2019na kat\u0131ld\u0131.\u00a0<\/p>\n<p>Rutte, konferans \u00f6ncesi bas\u0131n mensuplar\u0131na a\u00e7\u0131klamalarda bulundu.<\/p>\n<p>Burada Rusya ile Ukrayna aras\u0131nda ya\u015fanan sava\u015f\u0131n yan\u0131 s\u0131ra ABD ile ili\u015fkilere de\u011finen Rutte&#8217;nin gelen bir soruya verdi\u011fi cevap g\u00fcndem oldu.\u00a0<\/p>\n<p><strong>SDG SORUNU YANIT: K\u00dcRTLER HAKKINDA KONU\u015eMAYA GELMED\u0130M<\/strong><\/p>\n<p>Bir bas\u0131n mensubu Rutte&#8217;ye, DAE\u015e ile m\u00fccadelede ter\u00f6r \u00f6rg\u00fct\u00fc PKK\u2019n\u0131n Suriye aya\u011f\u0131 SDG\/YPG ile \u00e7al\u0131\u015fmaya devam edilip edilmeyece\u011fi y\u00f6n\u00fcnde bir soru sordu.\u00a0<\/p>\n<p>Rutte ise soruya <em>&#8220;\u00dczg\u00fcn\u00fcm, bu benim g\u00fcndemimde de\u011fil.\u00a0Gitmem gerekiyor. K\u00fcrtler hakk\u0131nda konu\u015fmaya gelmedim.&#8221; <\/em>cevab\u0131n\u0131 verdi.\u00a0<\/p>\n<p><img decoding=\"async\" src=\"https:\/\/bihavadis.com\/wp-content\/uploads\/2026\/02\/mark-rutteden-sdg-sorusu-soran-gazeteciye-kurtler-hakkinda-konusmaya-gelmedim-0-FOZRia1B.jpg\"\/><\/p>\n<p><strong>ULUSLARARASI KOAL\u0130SYONDAN ATILDILAR<\/strong><\/p>\n<p>Ge\u00e7ti\u011fimiz y\u0131llarda DAE\u015e ile m\u00fccadele kapsam\u0131nda\u00a0, ABD \u00f6nc\u00fcl\u00fc\u011f\u00fcndeki uluslararas\u0131 koalisyon g\u00fc\u00e7leri ter\u00f6r \u00f6rg\u00fct\u00fc YPG\/SDG&#8217;ye koruma sa\u011fl\u0131yordu.\u00a0<\/p>\n<p>Esad rejiminin devrilmesinin ard\u0131ndan yeni h\u00fck\u00fcmet ile beraber ter\u00f6r \u00f6rg\u00fct\u00fc koalisyondan resmen \u00e7\u0131kar\u0131ld\u0131.\u00a0<\/p>\n<p><img decoding=\"async\" src=\"https:\/\/bihavadis.com\/wp-content\/uploads\/2026\/02\/mark-rutteden-sdg-sorusu-soran-gazeteciye-kurtler-hakkinda-konusmaya-gelmedim-1-vD39G5JQ.jpg\"\/><\/p>\n<p><strong>&#8220;B\u0130R\u0130NC\u0130L G\u00dc\u00c7 OLMA GEREK\u00c7ES\u0130 ORTADAN KALKTI&#8221;<\/strong><\/p>\n<p>ABD\u2019nin Ankara B\u00fcy\u00fckel\u00e7isi ve Suriye \u00d6zel Temsilcisi Tom Barrack,<span>\u00a0 daha \u00f6nce yapt\u0131\u011f\u0131 a\u00e7\u0131klamada <em><b>&#8220;2019\u2019da I\u015e\u0130D\u2019in b\u00f6lgesel hilafeti yenilgiye u\u011frat\u0131l\u0131rken SDG en etkili kara orta\u011f\u0131m\u0131zd\u0131. O d\u00f6nemde muhatap al\u0131nabilecek i\u015fleyen bir merkezi devlet yoktu. <\/b><\/em><\/span><\/p>\n<p><span><em><b>Bug\u00fcn ise Suriye h\u00fck\u00fcmeti, I\u015e\u0130D Kar\u015f\u0131t\u0131 K\u00fcresel Koalisyon\u2019un 90. \u00fcyesi konumunda. \u015eam y\u00f6netimi g\u00fcvenlik sorumluluklar\u0131n\u0131 ve cezaevlerinin kontrol\u00fcn\u00fc devralmaya haz\u0131r. <\/b><\/em><\/span><\/p>\n<p><span><em><b>Bu nedenle SDG\u2019nin sahadaki birincil g\u00fc\u00e7 olma gerek\u00e7esi b\u00fcy\u00fck \u00f6l\u00e7\u00fcde ortadan kalkm\u0131\u015ft\u0131r.&#8221;<\/b><\/em> ifadelerini kullanm\u0131\u015ft\u0131.\u00a0<\/span><\/p>\n<p><img decoding=\"async\" src=\"https:\/\/bihavadis.com\/wp-content\/uploads\/2026\/02\/mark-rutteden-sdg-sorusu-soran-gazeteciye-kurtler-hakkinda-konusmaya-gelmedim-2-UzYl8nt2.jpg\"\/><\/p>\n<p><strong>ABD ASKERLER\u0130N\u0130N \u00c7EK\u0130LMELER\u0130 DEVAM ED\u0130YOR<\/strong><\/p>\n<p>Son d\u00f6nemde Suriye&#8217;deki ABD varl\u0131\u011f\u0131 azalt\u0131l\u0131yor.<\/p>\n<p>\u00dclkedeki yakla\u015f\u0131k bin ABD askerinin bulundu\u011fu 8 \u00fcsten \u00e7ekilmeler devam ediyor.<\/p>\n<p>ABD liderli\u011findeki uluslararas\u0131 koalisyon g\u00fc\u00e7leri, Suriye&#8217;nin g\u00fcneydo\u011fusundaki stratejik Tenef Askeri \u00dcss\u00fc&#8217;nden tamamen \u00e7ekildi.<\/p>\n<p>Birlikler \u00dcrd\u00fcn&#8217;e ta\u015f\u0131nd\u0131 ve \u00fcs Suriye ordusuna devredildi.<\/p>\n<p><img decoding=\"async\" src=\"https:\/\/bihavadis.com\/wp-content\/uploads\/2026\/02\/mark-rutteden-sdg-sorusu-soran-gazeteciye-kurtler-hakkinda-konusmaya-gelmedim-3-TTFmRb8E.jpg\"\/><\/p>\n","protected":false},"excerpt":{"rendered":"<p>M\u00fcnih G\u00fcvenlik Konferans\u0131\u2019na kat\u0131l\u0131m\u0131 \u00f6ncesinde bas\u0131n mensuplar\u0131na a\u00e7\u0131klamalarda bulunan NATO Genel Sekreteri Mark Rutte, &#8216;Suriye&#8217;de SDG ile i\u015f birli\u011fi devam edecek mi&#8217; sorusuna yan\u0131t olarak bunun g\u00fcndeminde olmad\u0131\u011f\u0131n\u0131 s\u00f6yledi.<\/p>\n","protected":false},"author":1,"featured_media":43265,"comment_status":"open","ping_status":"open","sticky":false,"template":"","format":"standard","meta":{"footnotes":""},"categories":[6],"tags":[272,116,5766,1998,361],"class_list":["post-43264","post","type-post","status-publish","format-standard","has-post-thumbnail","hentry","category-dunya","tag-abd","tag-koalisyon","tag-rutte","tag-soru","tag-suriye"],"_links":{"self":[{"href":"https:\/\/bihavadis.com\/index.php\/wp-json\/wp\/v2\/posts\/43264","targetHints":{"allow":["GET"]}}],"collection":[{"href":"https:\/\/bihavadis.com\/index.php\/wp-json\/wp\/v2\/posts"}],"about":[{"href":"https:\/\/bihavadis.com\/index.php\/wp-json\/wp\/v2\/types\/post"}],"author":[{"embeddable":true,"href":"https:\/\/bihavadis.com\/index.php\/wp-json\/wp\/v2\/users\/1"}],"replies":[{"embeddable":true,"href":"https:\/\/bihavadis.com\/index.php\/wp-json\/wp\/v2\/comments?post=43264"}],"version-history":[{"count":1,"href":"https:\/\/bihavadis.com\/index.php\/wp-json\/wp\/v2\/posts\/43264\/revisions"}],"predecessor-version":[{"id":43270,"href":"https:\/\/bihavadis.com\/index.php\/wp-json\/wp\/v2\/posts\/43264\/revisions\/43270"}],"wp:featuredmedia":[{"embeddable":true,"href":"https:\/\/bihavadis.com\/index.php\/wp-json\/wp\/v2\/media\/43265"}],"wp:attachment":[{"href":"https:\/\/bihavadis.com\/index.php\/wp-json\/wp\/v2\/media?parent=43264"}],"wp:term":[{"taxonomy":"category","embeddable":true,"href":"https:\/\/bihavadis.com\/index.php\/wp-json\/wp\/v2\/categories?post=43264"},{"taxonomy":"post_tag","embeddable":true,"href":"https:\/\/bihavadis.com\/index.php\/wp-json\/wp\/v2\/tags?post=43264"}],"curies":[{"name":"wp","href":"https:\/\/api.w.org\/{rel}","templated":true}]}}