{"id":43302,"date":"2026-02-23T10:24:05","date_gmt":"2026-02-23T10:24:05","guid":{"rendered":"https:\/\/bihavadis.com\/?p=43302"},"modified":"2026-02-23T10:24:05","modified_gmt":"2026-02-23T10:24:05","slug":"alperen-sengun-ikinci-kez-all-starda-forma-giyecek","status":"publish","type":"post","link":"https:\/\/bihavadis.com\/index.php\/2026\/02\/23\/alperen-sengun-ikinci-kez-all-starda-forma-giyecek\/","title":{"rendered":"Alperen \u015eeng\u00fcn, ikinci kez All-Star&#8217;da forma giyecek"},"content":{"rendered":"<p>Amerikan Basketbol Ligi&#8217;nde (NBA) Houston Rockets formas\u0131 giyen milli basketbolcu Alperen \u015eeng\u00fcn, \u00fcst \u00fcste ikinci kez NBA All-Star ma\u00e7\u0131nda forma giyecek.<\/p>\n<p>Bu y\u0131l 14-16 \u015eubat tarihlerinde, Los Angeles Clippers&#8217;\u0131n evi Intuit Home&#8217;daki All-Star organizasyonu, yeni formatla d\u00fczenlenecek.<\/p>\n<p>Milli basketbolcu Alperen \u015eeng\u00fcn&#8217;\u00fcn de forma giyece\u011fi Amerikan Basketbol Ligi (NBA) All-Star 2026 organizasyonu i\u00e7in geri say\u0131m ba\u015flad\u0131.<\/p>\n<p><strong>ALPEREN \u015eENG\u00dcN, \u0130K\u0130NC\u0130 KEZ ALL-STAR MA\u00c7INA \u00c7IKAN \u0130LK T\u00dcRK OLACAK<\/strong><\/p>\n<p>Houston Rockets formas\u0131 giyen Alperen \u015eeng\u00fcn, ge\u00e7en y\u0131l\u0131n ard\u0131ndan ikinci kez All-Star ma\u00e7\u0131nda m\u00fccadele edecek.<\/p>\n<p>2007&#8217;de bunu ba\u015faran Mehmet Okur&#8217;un ard\u0131ndan NBA tarihinde All-Star ma\u00e7\u0131na \u00e7\u0131kan ikinci T\u00fcrk basketbolcu olan Alperen \u015eeng\u00fcn, \u00fcst \u00fcste ikinci kez bu organizasyonda m\u00fccadele edecek ilk T\u00fcrk oyuncu \u00fcnvan\u0131n\u0131 alacak.<\/p>\n<p>Bu sezon NBA&#8217;de oynad\u0131\u011f\u0131 46 ma\u00e7ta, 20,7 say\u0131, 9,4 ribaunt ve 6,3 asist ortalamas\u0131yla oynayan 23 ya\u015f\u0131ndaki basketbolcu, \u00fcst \u00fcste ikinci kez NBA All-Star&#8217;a se\u00e7ildi.<\/p>\n<p><strong>ALPEREN \u015eENG\u00dcN, \u0130K\u0130NC\u0130 KEZ ALL-STAR&#8217;A SE\u00c7\u0130LD\u0130\u011e\u0130 \u0130\u00c7\u0130N GURURLU<\/strong><\/p>\n<p>All-Star kadrosuna se\u00e7ilen Alperen \u015eeng\u00fcn, ailesini ve \u00fclkesini gururland\u0131rmaya devam edece\u011fini s\u00f6yledi.<\/p>\n<p>23 ya\u015f\u0131ndaki milli oyuncu, \u00fcst \u00fcste All-Star se\u00e7ilmesinin kendisi i\u00e7in ne ifade etti\u011fi sorusu \u00fczerine, <em><b>&#8220;\u00c7ok \u015fey ifade ediyor. Ailem i\u00e7in, \u00fclkem i\u00e7in, buraya gelip bizi izleyenler i\u00e7in, T\u00fcrkiye&#8217;de sabah 4&#8217;te kalk\u0131p bizi izleyenler i\u00e7in \u00e7ok \u015fey ifade ediyor. Bunu g\u00f6rmek inan\u0131lmaz. Ger\u00e7ekten minnettar\u0131m. Ben de ailemi ve \u00fclkemi gururland\u0131rmaya devam edece\u011fim.&#8221; <\/b><\/em>de\u011ferlendirmesinde bulundu.<\/p>\n<p><strong>ALPEREN \u015eENG\u00dcN, D\u00dcNYA KARMASI TAKIMINDA <\/strong><\/p>\n<p>NBA&#8217;de bu y\u0131lki All-Star organizasyonu, yeni formatla d\u00fczenlenecek.<\/p>\n<p>All-Star ma\u00e7lar\u0131n\u0131n yeni format\u0131nda, ABD&#8217;li oyunculardan olu\u015fan iki tak\u0131m ve bir D\u00fcnya Karmas\u0131 m\u00fccadele edecek.<\/p>\n<p>All-Star ma\u00e7lar\u0131n\u0131n yeni format\u0131nda ABD&#8217;li gen\u00e7 oyunculardan olu\u015fan NBA Y\u0131ld\u0131zlar (NBA Stars) Tak\u0131m\u0131 ve ABD&#8217;li tecr\u00fcbeli oyunculardan olu\u015fan NBA R\u00fctbeliler (NBA Stripes) Tak\u0131m\u0131 olmak \u00fczere iki ABD tak\u0131m\u0131 ve bir D\u00fcnya Karmas\u0131 tak\u0131m\u0131 kar\u015f\u0131 kar\u015f\u0131ya gelecek.<\/p>\n<p>Milli oyuncu Alperen \u015eeng\u00fcn, NBA All-Star ma\u00e7\u0131nda D\u00fcnya Karmas\u0131 tak\u0131m\u0131nda yer alacak.<\/p>\n<p>D\u00fcnya Karmas\u0131 Tak\u0131m\u0131&#8217;nda Alperen \u015eeng\u00fcn ile birlikte Luka Doncic, Nikola Jokic, Jamal Murray, Pascal Siakam, Karl-Anthony Towns, Deni Avdija ve Victor Wembanyama yer al\u0131yor.<\/p>\n<p>\u00dc\u00e7 tak\u0131m 12&#8217;\u015fer dakikal\u0131k ma\u00e7larda birbiriyle kar\u015f\u0131la\u015ft\u0131ktan sonra en iyi iki ekip, d\u00f6rd\u00fcnc\u00fc ve son ma\u00e7ta \u015fampiyonluk m\u00fccadelesi verecek.<\/p>\n","protected":false},"excerpt":{"rendered":"<p>Milli basketbolcu Alperen \u015eeng\u00fcn&#8217;\u00fcn de forma giyece\u011fi NBA All-Star 2026 organizasyonu i\u00e7in geri say\u0131m ba\u015flad\u0131.<\/p>\n","protected":false},"author":1,"featured_media":43303,"comment_status":"open","ping_status":"open","sticky":false,"template":"","format":"standard","meta":{"footnotes":""},"categories":[14],"tags":[2978,5914,2394,1811,366],"class_list":["post-43302","post","type-post","status-publish","format-standard","has-post-thumbnail","hentry","category-spor","tag-all-star","tag-alperen-sengun","tag-forma","tag-nba","tag-takim"],"_links":{"self":[{"href":"https:\/\/bihavadis.com\/index.php\/wp-json\/wp\/v2\/posts\/43302","targetHints":{"allow":["GET"]}}],"collection":[{"href":"https:\/\/bihavadis.com\/index.php\/wp-json\/wp\/v2\/posts"}],"about":[{"href":"https:\/\/bihavadis.com\/index.php\/wp-json\/wp\/v2\/types\/post"}],"author":[{"embeddable":true,"href":"https:\/\/bihavadis.com\/index.php\/wp-json\/wp\/v2\/users\/1"}],"replies":[{"embeddable":true,"href":"https:\/\/bihavadis.com\/index.php\/wp-json\/wp\/v2\/comments?post=43302"}],"version-history":[{"count":1,"href":"https:\/\/bihavadis.com\/index.php\/wp-json\/wp\/v2\/posts\/43302\/revisions"}],"predecessor-version":[{"id":43304,"href":"https:\/\/bihavadis.com\/index.php\/wp-json\/wp\/v2\/posts\/43302\/revisions\/43304"}],"wp:featuredmedia":[{"embeddable":true,"href":"https:\/\/bihavadis.com\/index.php\/wp-json\/wp\/v2\/media\/43303"}],"wp:attachment":[{"href":"https:\/\/bihavadis.com\/index.php\/wp-json\/wp\/v2\/media?parent=43302"}],"wp:term":[{"taxonomy":"category","embeddable":true,"href":"https:\/\/bihavadis.com\/index.php\/wp-json\/wp\/v2\/categories?post=43302"},{"taxonomy":"post_tag","embeddable":true,"href":"https:\/\/bihavadis.com\/index.php\/wp-json\/wp\/v2\/tags?post=43302"}],"curies":[{"name":"wp","href":"https:\/\/api.w.org\/{rel}","templated":true}]}}