{"id":43375,"date":"2026-02-23T11:21:07","date_gmt":"2026-02-23T11:21:07","guid":{"rendered":"https:\/\/bihavadis.com\/?p=43375"},"modified":"2026-02-23T11:21:07","modified_gmt":"2026-02-23T11:21:07","slug":"haberler-com-washington-temsilcisi-rona-sural-abd-gundeminde-konusulan-ilk-konu-epstein-degil","status":"publish","type":"post","link":"https:\/\/bihavadis.com\/index.php\/2026\/02\/23\/haberler-com-washington-temsilcisi-rona-sural-abd-gundeminde-konusulan-ilk-konu-epstein-degil\/","title":{"rendered":"Haberler.com Washington Temsilcisi Rona Sural: ABD g\u00fcndeminde konu\u015fulan ilk konu Epstein de\u011fil"},"content":{"rendered":"<p>ABD&#8217;de re\u015fit olmayan k\u0131z \u00e7ocuklar\u0131na y\u00f6nelik cinsel istismar ve fuhu\u015f a\u011f\u0131 kurma su\u00e7lar\u0131yla tutuklu yarg\u0131lan\u0131rken hapishanede \u00f6l\u00fc bulunan milyarder Jeffrey Epstein&#8217;a ili\u015fkin yeni belgeler kamuoyunda tart\u0131\u015fma yaratt\u0131. Belgelerde ABD Ba\u015fkan\u0131 Donald Trump&#8217;\u0131n da ad\u0131n\u0131n ge\u00e7mesi dikkat \u00e7ekerken, s\u00fcreci Haberler.com Washington Temsilcisi Rona Do\u011fan Sural de\u011ferlendirdi.<\/p>\n<p><b>&#8220;\u0130S\u0130MLERLE \u0130LG\u0130L\u0130 NETL\u0130K KAZANDIRACAK BELGELER SANS\u00dcRLENM\u0130\u015e DURUMDA&#8221;<\/b><\/p>\n<p>Sural, Epstein dosyalar\u0131n\u0131n uzun s\u00fcredir ABD g\u00fcndeminde oldu\u011funu belirterek, &#8220;\u0130simlerle ilgili netlik kazand\u0131racak Epstein belgeleri sans\u00fcrlenmi\u015f durumda&#8221; dedi. Belgelerde Elon Musk&#8217;\u0131n da ad\u0131n\u0131n ge\u00e7ti\u011fini ifade eden Sural, Epstein i\u00e7in &#8220;D\u00fcnyan\u0131n her yeriyle ba\u011flant\u0131l\u0131 olan bir adamdan bahsediyoruz&#8221; de\u011ferlendirmesinde bulundu.<\/p>\n<p><b>&#8220;ABD&#8217;DE EPSTEIN&#8217;\u0130N \u00d6LD\u00dcR\u00dcLD\u00dc\u011e\u00dcN\u00dc D\u00dc\u015e\u00dcNEN B\u0130R KES\u0130M VAR&#8221;<\/b><\/p>\n<p>Epstein belgelerinin 2005 y\u0131l\u0131ndan bu yana ABD&#8217;de tart\u0131\u015f\u0131ld\u0131\u011f\u0131n\u0131 hat\u0131rlatan Sural, &#8220;ABD&#8217;de Epstein&#8217;in intihar etmedi\u011fini, \u00f6ld\u00fcr\u00fcld\u00fc\u011f\u00fcn\u00fc d\u00fc\u015f\u00fcnenler fazla&#8221; ifadelerini kulland\u0131. Yay\u0131nlanmayan belgelerle ilgili ise &#8220;Birilerini korumak i\u00e7in mi sakland\u0131\u011f\u0131n\u0131 bilmiyoruz&#8221; diyerek soru i\u015faretlerine dikkat \u00e7ekti.<\/p>\n<p><b>&#8220;ABD G\u00dcNDEM\u0130NDE KONU\u015eULAN \u0130LK KONU EPSTEIN DE\u011e\u0130L&#8221;<\/b><\/p>\n<p>ABD&#8217;de g\u00fcndemin yaln\u0131zca Epstein dosyas\u0131yla s\u0131n\u0131rl\u0131 olmad\u0131\u011f\u0131n\u0131 vurgulayan Sural, &#8220;S\u0131ralamaya bakt\u0131\u011f\u0131m\u0131zda ABD&#8217;de konu\u015fulan ilk konu Epstein de\u011fil&#8221; dedi. Trump&#8217;\u0131n b\u00fct\u00e7eyi imzalayarak h\u00fck\u00fcmeti a\u00e7mak istedi\u011fini belirten Sural, ABD-\u0130ran m\u00fczakerelerinin T\u00fcrkiye&#8217;de yap\u0131lmas\u0131n\u0131n da olduk\u00e7a \u00f6nemli bir geli\u015fme oldu\u011funu ifade etti.<\/p>\n","protected":false},"excerpt":{"rendered":"<p>Haberler.com Washington Temsilcisi Rona Do\u011fan Sural, sunucu Melis Ya\u015far&#8217;\u0131n konu\u011fu olarak Jeffrey Epstein&#8217;a ili\u015fkin yeni a\u00e7\u0131klanan belgeleri de\u011ferlendirdi. Belgelerin sans\u00fcrl\u00fc yay\u0131mland\u0131\u011f\u0131n\u0131 belirten Sural, ABD kamuoyunda Epstein&#8217;in intihar etmedi\u011fine y\u00f6nelik g\u00fc\u00e7l\u00fc bir kanaat oldu\u011funu s\u00f6yledi. Trump&#8217;\u0131n b\u00fct\u00e7e hamlesi ve ABD-\u0130ran m\u00fczakerelerinin T\u00fcrkiye&#8217;de yap\u0131lmas\u0131 da g\u00fcndeme geldi.<\/p>\n","protected":false},"author":1,"featured_media":43376,"comment_status":"open","ping_status":"open","sticky":false,"template":"","format":"standard","meta":{"footnotes":""},"categories":[12],"tags":[5921,2685,2183,5920],"class_list":["post-43375","post","type-post","status-publish","format-standard","has-post-thumbnail","hentry","category-siyaset","tag-abdde","tag-belgeler","tag-epstein","tag-sural"],"_links":{"self":[{"href":"https:\/\/bihavadis.com\/index.php\/wp-json\/wp\/v2\/posts\/43375","targetHints":{"allow":["GET"]}}],"collection":[{"href":"https:\/\/bihavadis.com\/index.php\/wp-json\/wp\/v2\/posts"}],"about":[{"href":"https:\/\/bihavadis.com\/index.php\/wp-json\/wp\/v2\/types\/post"}],"author":[{"embeddable":true,"href":"https:\/\/bihavadis.com\/index.php\/wp-json\/wp\/v2\/users\/1"}],"replies":[{"embeddable":true,"href":"https:\/\/bihavadis.com\/index.php\/wp-json\/wp\/v2\/comments?post=43375"}],"version-history":[{"count":1,"href":"https:\/\/bihavadis.com\/index.php\/wp-json\/wp\/v2\/posts\/43375\/revisions"}],"predecessor-version":[{"id":43377,"href":"https:\/\/bihavadis.com\/index.php\/wp-json\/wp\/v2\/posts\/43375\/revisions\/43377"}],"wp:featuredmedia":[{"embeddable":true,"href":"https:\/\/bihavadis.com\/index.php\/wp-json\/wp\/v2\/media\/43376"}],"wp:attachment":[{"href":"https:\/\/bihavadis.com\/index.php\/wp-json\/wp\/v2\/media?parent=43375"}],"wp:term":[{"taxonomy":"category","embeddable":true,"href":"https:\/\/bihavadis.com\/index.php\/wp-json\/wp\/v2\/categories?post=43375"},{"taxonomy":"post_tag","embeddable":true,"href":"https:\/\/bihavadis.com\/index.php\/wp-json\/wp\/v2\/tags?post=43375"}],"curies":[{"name":"wp","href":"https:\/\/api.w.org\/{rel}","templated":true}]}}