{"id":43435,"date":"2026-02-23T12:06:08","date_gmt":"2026-02-23T12:06:08","guid":{"rendered":"https:\/\/bihavadis.com\/?p=43435"},"modified":"2026-02-23T12:06:08","modified_gmt":"2026-02-23T12:06:08","slug":"ingiltere-basbakani-starmer-gerekirse-savasmaya-hazir-olmaliyiz","status":"publish","type":"post","link":"https:\/\/bihavadis.com\/index.php\/2026\/02\/23\/ingiltere-basbakani-starmer-gerekirse-savasmaya-hazir-olmaliyiz\/","title":{"rendered":"\u0130ngiltere Ba\u015fbakan\u0131 Starmer: Gerekirse sava\u015fmaya haz\u0131r olmal\u0131y\u0131z"},"content":{"rendered":"<p>\u0130ngiltere Ba\u015fbakan\u0131 Keir Starmer, Almanya&#8217;da ger\u00e7ekle\u015ftirilen 62. M\u00fcnih Konferans\u0131&#8217;nda konu\u015ftu.<\/p>\n<p>Starmer konu\u015fmas\u0131na, <em><b>&#8220;Sava\u015f\u0131n art\u0131k uzakta olmad\u0131\u011f\u0131&#8221; <\/b><\/em>ve <em><b>&#8220;bar\u0131\u015f zemininin kayd\u0131\u011f\u0131&#8221;<\/b><\/em> mesajlar\u0131yla ba\u015flad\u0131.\u00a0<\/p>\n<p>Starmer daha sonra,<em><b> &#8220;T\u00fcm ikaz i\u015faretleri ortada. Rusya sald\u0131rganl\u0131\u011fa i\u015ftah duydu\u011funu kan\u0131tlad\u0131. Ukrayna halk\u0131na korkun\u00e7 ac\u0131lar ya\u015fatt\u0131. Hibrit tehditleri, k\u0131tam\u0131z\u0131n d\u00f6rt bir yan\u0131na uzan\u0131yor&#8221; <\/b><\/em>dedi.<\/p>\n<p><strong>&#8220;AVRUPA \u0130\u00c7\u0130N TEHL\u0130KE ORADA B\u0130TM\u0130\u015e OLMAYACAK&#8221;<\/strong><\/p>\n<p>Rusya&#8217;n\u0131n artan kay\u0131plar\u0131na ra\u011fmen silahlanmaya devam etti\u011fine i\u015faret eden Starmer, <em><b>&#8220;NATO, Rusya&#8217;n\u0131n i\u00e7inde bulundu\u011fumuz on y\u0131l\u0131n sonuna kadar ittifaka kar\u015f\u0131 askeri g\u00fc\u00e7 kullanmaya haz\u0131r hale gelebilece\u011fi uyar\u0131s\u0131nda bulundu. Ukrayna&#8217;da hepimizin elde etmek i\u00e7in \u00e7ok \u00e7al\u0131\u015ft\u0131\u011f\u0131 bar\u0131\u015f\u0131n olmas\u0131 halinde bile Rusya&#8217;n\u0131n silahlanmas\u0131 sadece h\u0131zlanacakt\u0131r. Avrupa i\u00e7in tehlike orada bitmi\u015f olmayacak. Daha da artacak. Dolay\u0131s\u0131yla bu tehdide tam kapsaml\u0131 bir kar\u015f\u0131l\u0131k vermeliyiz&#8221; <\/b><\/em>\u015feklinde konu\u015ftu.<\/p>\n<p><strong>&#8220;GEREK\u0130RSE SAVA\u015eMAYA HAZIR OLMALIYIZ&#8221;<\/strong><\/p>\n<p>\u00c7at\u0131\u015fma aramad\u0131klar\u0131n\u0131 ve hedefin kal\u0131c\u0131 bir bar\u0131\u015f oldu\u011funu ifade eden Starmer, <em><b>&#8220;Ancak bu tehditler kar\u015f\u0131s\u0131nda \u00f6n\u00fcm\u00fczde sadece tek bir uygulanabilir se\u00e7enek var. \u015eimdi binlerce konu\u015fmada izlenen gelene\u011fi bozarak s\u00f6yl\u00fcyorum, bug\u00fcn bir yol ayr\u0131m\u0131nda de\u011filiz. \u00d6n\u00fcm\u00fczdeki yol d\u00fcmd\u00fcz ve a\u00e7\u0131k.<\/b><\/em><\/p>\n<p><em><b> Sert g\u00fcc\u00fcm\u00fcz\u00fc in\u015fa etmeliyiz. \u00c7\u00fcnk\u00fc \u00e7a\u011f\u0131m\u0131z\u0131n ge\u00e7erli para birimi bu. Sald\u0131rganl\u0131\u011f\u0131 cayd\u0131rabilecek durumda olmal\u0131y\u0131z ve evet, gerekirse sava\u015fmaya haz\u0131r olmal\u0131y\u0131z. Halk\u0131m\u0131z\u0131, de\u011ferlerimizi ve ya\u015fam bi\u00e7imimizi savunmak i\u00e7in ne gerekiyorsa yapmaya haz\u0131r olmal\u0131y\u0131z. Avrupa olarak kendi ayaklar\u0131m\u0131z\u0131n \u00fczerinde durmal\u0131y\u0131z&#8221;<\/b><\/em> ifadelerini kulland\u0131.<\/p>\n<p><img decoding=\"async\" src=\"https:\/\/bihavadis.com\/wp-content\/uploads\/2026\/02\/ingiltere-basbakani-starmer-gerekirse-savasmaya-hazir-olmaliyiz-0-x6GsXjMn.jpg\"\/><\/p>\n<p><strong>&#8220;\u0130NG\u0130LTERE VE AVRUPA&#8217;NIN G\u00dcVENL\u0130\u011e\u0130 B\u0130RB\u0130R\u0130NE BA\u011eLI&#8221;<\/strong><\/p>\n<p>\u0130ngiltere&#8217;nin art\u0131k <em><b>&#8220;Brexit&#8221;<\/b><\/em> y\u0131llar\u0131n\u0131n \u0130ngiltere&#8217;si olmad\u0131\u011f\u0131n\u0131 ifade eden Starmer,<em><b> &#8220;\u00c7\u00fcnk\u00fc biliyoruz ki tehlikeli bir d\u00fcnyada kendi i\u00e7imize kapanarak kontrol\u00fc ele alamay\u0131z. Bu \u015fekilde kontrol\u00fc teslim etmi\u015f oluruz. Bunun olmas\u0131na izin vermeyece\u011fim. Bu y\u00fczden zaman\u0131m\u0131 Ba\u015fbakan olarak \u0130ngiltere&#8217;nin d\u00fcnya sahnesindeki liderli\u011fine ay\u0131r\u0131yorum. Bug\u00fcn burada bulunu\u015fum da bu y\u00fczden&#8221; dedi. \u0130ngiltere ve Avrupa&#8217;n\u0131n g\u00fcvenli\u011finin birbirine ba\u011fl\u0131 oldu\u011funu vurgulayan Starmer, &#8220;Bu, tarihin bize verdi\u011fi bir ders ve g\u00fcn\u00fcm\u00fcz\u00fcn de ger\u00e7ekli\u011fidir&#8221;<\/b><\/em> dedi.<\/p>\n<p><strong>&#8220;RAD\u0130KAL B\u0130R YEN\u0130LENME ANI YARATMALIYIZ&#8221;<\/strong><\/p>\n<p>ABD&#8217;nin de Avrupa i\u00e7in vazge\u00e7ilmez bir m\u00fcttefik oldu\u011funu s\u00f6yleyen Starmer, <em><b>&#8220;ABD&#8217;nin 80 y\u0131ld\u0131r Avrupa&#8217;n\u0131n g\u00fcvenli\u011fine yapt\u0131\u011f\u0131 katk\u0131n\u0131n e\u015fi benzeri yoktur. Bunun i\u00e7in minnettar\u0131z. Ayn\u0131 zamanda i\u015flerin de\u011fi\u015fti\u011fini de kabul ediyoruz. ABD&#8217;nin ulusal g\u00fcvenlik stratejisi, Avrupa&#8217;n\u0131n kendi savunmas\u0131 i\u00e7in birincil sorumlulu\u011fu \u00fcstlenmesi gerekti\u011fini a\u00e7\u0131k\u00e7a ortaya koyuyor&#8221; <\/b><\/em>diye konu\u015ftu.<\/p>\n<p>Avrupa&#8217;n\u0131n de\u011fi\u015fikliklere yan\u0131t verirken 80 y\u0131ld\u0131r kendini ayakta tutan her \u015feyi g\u00f6z ard\u0131 etmemesi gerekti\u011fini ifade eden Starmer, <em><b>&#8220;Bir kopu\u015f an\u0131 yerine radikal bir yenilenme an\u0131 olu\u015fturmal\u0131y\u0131z. Bu nedenle ABD&#8217;nin t\u00fcm kabiliyetlerinin yerini kolayl\u0131kla doldurabilece\u011fimizi varsaymak yerine baz\u0131 ba\u011f\u0131ml\u0131l\u0131klar\u0131m\u0131z\u0131 \u00e7e\u015fitlendirme ve azaltmaya odaklanmal\u0131y\u0131z&#8221; dedi. \u0130ngiltere&#8217;nin NATO&#8217;ya ba\u011fl\u0131l\u0131\u011f\u0131n\u0131n da devam etti\u011fini vurgulayan Starmer, &#8220;5. maddeye olan ba\u011fl\u0131l\u0131\u011f\u0131m\u0131z her zamanki kadar derindir. Hi\u00e7 \u015f\u00fcpheniz olmas\u0131n, \u0130ngiltere \u00e7a\u011fr\u0131l\u0131rsa yard\u0131m\u0131n\u0131za ko\u015far. Avrupa, buna s\u0131rt \u00e7evirmemelidir. Bunun yerine daha Avrupal\u0131 bir NATO olu\u015fturmak i\u00e7in birlikte ilerlemeliyiz&#8221;<\/b><\/em> \u015feklinde konu\u015ftu.<\/p>\n<p><strong>&#8220;ORTAK B\u0130R AVRUPA SAVUNMA SANAY\u0130S\u0130 \u0130N\u015eA ETMEL\u0130Y\u0130Z&#8221;<\/strong><\/p>\n<p>Avrupa&#8217;n\u0131n uyuyan bir dev oldu\u011funu da s\u00f6yleyen Starmer, <em>&#8220;Ekonomilerimiz, Rusya ekonomisini 10 kattan fazla a\u015f\u0131yor. B\u00fcy\u00fck savunma kabiliyetimiz var. Fakat \u00e7o\u011fu zaman bunlar \u00fcst \u00fcste konuldu\u011funda toplam\u0131 ger\u00e7ek de\u011ferinden az \u00e7\u0131k\u0131yor. Par\u00e7alanm\u0131\u015f bir sanayi planlamas\u0131 ve tedarik s\u00fcre\u00e7leri, baz\u0131 alanlarda bo\u015fluklara ve baz\u0131 alanlarda ise devasa bir m\u00fckerrerli\u011fe yol a\u00e7t\u0131&#8221; dedi. Starmer, &#8220;Avrupa&#8217;da 20&#8217;den fazla f\u0131rkateyn t\u00fcr\u00fc ve 10 t\u00fcr sava\u015f u\u00e7a\u011f\u0131 var. 10&#8217;dan fazla ana muharebe tank\u0131 t\u00fcr\u00fcm\u00fcz var. ABD&#8217;de ise 1 tane var. Bu, a\u015f\u0131r\u0131 derecede verimsiz ve ortak g\u00fcvenli\u011fimize zarar veriyor&#8221; <\/em>ifadelerini kulland\u0131.<\/p>\n<p><b>Starmer,<em> &#8220;Kabiliyetlerimizi, harcamalar\u0131m\u0131z\u0131 ve tedarik s\u00fcrecimizi birbirine entegre etmek i\u00e7in bir araya gelmeli ve ortak bir Avrupa savunma sanayisi in\u015fa etmeliyiz&#8221; <\/em><\/b>diye konu\u015ftu.<\/p>\n<p><img decoding=\"async\" src=\"https:\/\/bihavadis.com\/wp-content\/uploads\/2026\/02\/ingiltere-basbakani-starmer-gerekirse-savasmaya-hazir-olmaliyiz-1-MUuVWvhS.jpg\"\/><\/p>\n<p><strong>&#8220;U\u00c7AK GEM\u0130S\u0130 TAARRUZ GRUBUMUZUN KUZEY ATLANT\u0130K VE KUZEY KUTBU&#8217;NA KONU\u015eLANDIRILACAKTIR&#8221;<\/strong><\/p>\n<p>Ukrayna ile dronlar \u00fczerinde, Almanya, \u0130talya ve Fransa ile uzun menzilli f\u00fczeler konusundaki i\u015f birli\u011finden \u00f6vg\u00fcyle s\u00f6z eden Starmer, <em><b>&#8220;Bu i\u015f birli\u011fi seviyesini Y\u00fcksek Kuzey ve Balt\u0131k genelinde di\u011fer m\u00fcttefiklerle de tekrarlamak istiyoruz. \u0130ngiltere, bu y\u0131l u\u00e7ak gemisi taarruz grubumuzu Kuzey Atlantik ve Kuzey Kutbu&#8217;na konu\u015fland\u0131racakt\u0131r<\/b><\/em>&#8221; dedi.<\/p>\n<p>Starmer, operasyonun ABD, Kanada ve di\u011fer NATO m\u00fcttefikleriyle birlikte y\u00fcr\u00fct\u00fclece\u011fini belirtti.<\/p>\n<p>Starmer bunu \u0130ngiltere&#8217;nin Avrupa-Atlantik g\u00fcvenli\u011fine olan ba\u011fl\u0131l\u0131\u011f\u0131n\u0131n <em><b>&#8220;g\u00fc\u00e7l\u00fc bir g\u00f6stergesi&#8221;<\/b><\/em> olarak nitelendirdi.<\/p>\n<p>Fransa ile n\u00fckleer i\u015fbirli\u011fini de g\u00fc\u00e7lendirdiklerini ifade eden Starmer, <em><b>&#8220;\u0130ngiltere, onlarca y\u0131l boyunca Avrupa&#8217;da cayd\u0131r\u0131c\u0131l\u0131\u011f\u0131n\u0131 t\u00fcm NATO \u00fcyelerini korumaya adayan yegane n\u00fckleer g\u00fc\u00e7 oldu. Fakat art\u0131k herhangi bir d\u00fc\u015fman\u0131n bilmesi gereken \u015fey, bir kriz an\u0131nda birle\u015fik g\u00fcc\u00fcm\u00fczle kar\u015f\u0131 kar\u015f\u0131ya kalabilece\u011fidir&#8221; <\/b><\/em>dedi.<\/p>\n<p>Savunma \u00fcretimini h\u0131zland\u0131rmak i\u00e7in liderlik g\u00f6sterdiklerini ve bunu Almanya ve Fransa ile birlikte E3 format\u0131nda yapt\u0131klar\u0131n\u0131 ifade eden \u0130ngiltere Ba\u015fbakan\u0131,<em><b> &#8220;AB dahilindeki ortaklarla, \u00f6zellikle \u0130talya ve Polonya ile yak\u0131n \u00e7al\u0131\u015f\u0131yoruz. Ayr\u0131ca Norve\u00e7, Kanada ve T\u00fcrkiye ile de yak\u0131n \u00e7al\u0131\u015f\u0131yoruz&#8221;<\/b><\/em> ifadelerini kulland\u0131.<\/p>\n<p><strong>&#8220;AVRUPA SAVUNMASINI \u0130HMAL ETT\u0130&#8221;<\/strong><\/p>\n<p>Oturumun ABD&#8217;li gazeteci Christiane Amanpour&#8217;un moderat\u00f6rl\u00fc\u011f\u00fcnde AB Komisyonu Ba\u015fkan\u0131 Ursula von der Leyen&#8217;in de kat\u0131l\u0131m\u0131yla ger\u00e7ekle\u015ftirilen panel k\u0131sm\u0131nda Starmer, ABD D\u0131\u015fi\u015fleri Bakan\u0131 Marco Rubio&#8217;n\u0131n konferansta yapt\u0131\u011f\u0131 konu\u015fmas\u0131n\u0131 de\u011ferlendirirken, Avrupa&#8217;n\u0131n savunmas\u0131n\u0131 ihmal etti\u011fi tespitinin do\u011fru oldu\u011funu s\u00f6yledi.<\/p>\n<p>Starmer, <em><b>&#8220;Avrupa, uzun y\u0131llar boyunca kendi g\u00fcvenli\u011fi ve savunmas\u0131 i\u00e7in yeterince \u015fey yapmad\u0131. Bunu su y\u00fcz\u00fcne \u00e7\u0131karan \u015fey, Ukrayna&#8217;daki sava\u015f oldu&#8221;<\/b><\/em> dedi.<\/p>\n<p>\u0130ngiliz lider, <em><b>&#8220;Hareketi yakalayarak ileri gitmemiz gerekti\u011fini d\u00fc\u015f\u00fcn\u00fcyorum. Yapmam\u0131z gereken transatlantik ili\u015fkiyi par\u00e7alamak de\u011fil, i\u00e7inde bulundu\u011fumuz \u015fartlarda ve zamanlarda daha i\u015fe yarar olmas\u0131n\u0131 sa\u011flamak&#8221;<\/b><\/em> ifadelerini kulland\u0131.<\/p>\n<p>Savunma, g\u00fcvenlik ve istihbarat konusunda ABD ile 7\/24 her g\u00fcn \u00e7al\u0131\u015ft\u0131klar\u0131n\u0131 s\u00f6yleyen Starmer, <em><b>&#8220;Bunun zay\u0131flad\u0131\u011f\u0131na dair bir i\u015faret g\u00f6rm\u00fcyorum. G\u00f6rmemeliyim de zira bu \u0130ngiltere&#8217;nin ve Avrupa&#8217;n\u0131n \u00e7\u0131kar\u0131nad\u0131r. Bu, k\u00fcresel olarak da bir \u00e7\u0131kard\u0131r&#8221; <\/b><\/em>dedi.<\/p>\n<p><strong>&#8220;GR\u00d6NLAND KONUSU ARTIK D\u0130YALOG S\u00dcREC\u0130NE G\u0130RD\u0130&#8221;<\/strong><\/p>\n<p>Amanpour&#8217;un ABD&#8217;nin Gr\u00f6nland&#8217;a y\u00f6nelik tehdidinin bitip bitmedi\u011fine ili\u015fkin sorusuna Starmer, Gr\u00f6nland konusunun art\u0131k diyalog s\u00fcrecine girdi\u011fi \u015feklinde cevap verdi.<\/p>\n<p>Starmer, <em><b>&#8220;Arktik&#8217;te g\u00fcvenlik hepimiz i\u00e7in ger\u00e7ekten \u00e7ok \u00f6nemli ve daha fazlas\u0131n\u0131 yapmam\u0131z gerekiyor&#8221;<\/b><\/em> \u015feklinde konu\u015ftu.<\/p>\n<p><img decoding=\"async\" src=\"https:\/\/bihavadis.com\/wp-content\/uploads\/2026\/02\/ingiltere-basbakani-starmer-gerekirse-savasmaya-hazir-olmaliyiz-2-rGQLpawa.jpg\"\/><\/p>\n","protected":false},"excerpt":{"rendered":"<p>\u0130ngiltere Ba\u015fbakan\u0131 Keir Starmer, \u00e7a\u011f\u0131n ge\u00e7erli para biriminin g\u00fc\u00e7 oldu\u011funa dikkat \u00e7ekerek, &#8220;Sald\u0131rganl\u0131\u011f\u0131 cayd\u0131rabilecek durumda olmal\u0131y\u0131z ve evet, gerekirse sava\u015fmaya haz\u0131r olmal\u0131y\u0131z&#8221; dedi.<\/p>\n","protected":false},"author":1,"featured_media":43436,"comment_status":"open","ping_status":"open","sticky":false,"template":"","format":"standard","meta":{"footnotes":""},"categories":[6],"tags":[1090,1352,395,687,1909],"class_list":["post-43435","post","type-post","status-publish","format-standard","has-post-thumbnail","hentry","category-dunya","tag-avrupa","tag-ingiltere","tag-is","tag-savunma","tag-starmer"],"_links":{"self":[{"href":"https:\/\/bihavadis.com\/index.php\/wp-json\/wp\/v2\/posts\/43435","targetHints":{"allow":["GET"]}}],"collection":[{"href":"https:\/\/bihavadis.com\/index.php\/wp-json\/wp\/v2\/posts"}],"about":[{"href":"https:\/\/bihavadis.com\/index.php\/wp-json\/wp\/v2\/types\/post"}],"author":[{"embeddable":true,"href":"https:\/\/bihavadis.com\/index.php\/wp-json\/wp\/v2\/users\/1"}],"replies":[{"embeddable":true,"href":"https:\/\/bihavadis.com\/index.php\/wp-json\/wp\/v2\/comments?post=43435"}],"version-history":[{"count":1,"href":"https:\/\/bihavadis.com\/index.php\/wp-json\/wp\/v2\/posts\/43435\/revisions"}],"predecessor-version":[{"id":43440,"href":"https:\/\/bihavadis.com\/index.php\/wp-json\/wp\/v2\/posts\/43435\/revisions\/43440"}],"wp:featuredmedia":[{"embeddable":true,"href":"https:\/\/bihavadis.com\/index.php\/wp-json\/wp\/v2\/media\/43436"}],"wp:attachment":[{"href":"https:\/\/bihavadis.com\/index.php\/wp-json\/wp\/v2\/media?parent=43435"}],"wp:term":[{"taxonomy":"category","embeddable":true,"href":"https:\/\/bihavadis.com\/index.php\/wp-json\/wp\/v2\/categories?post=43435"},{"taxonomy":"post_tag","embeddable":true,"href":"https:\/\/bihavadis.com\/index.php\/wp-json\/wp\/v2\/tags?post=43435"}],"curies":[{"name":"wp","href":"https:\/\/api.w.org\/{rel}","templated":true}]}}