{"id":43449,"date":"2026-02-23T12:15:06","date_gmt":"2026-02-23T12:15:06","guid":{"rendered":"https:\/\/bihavadis.com\/?p=43449"},"modified":"2026-02-23T12:15:06","modified_gmt":"2026-02-23T12:15:06","slug":"marmaris-2026-turizm-sezonu-baslangici","status":"publish","type":"post","link":"https:\/\/bihavadis.com\/index.php\/2026\/02\/23\/marmaris-2026-turizm-sezonu-baslangici\/","title":{"rendered":"Marmaris 2026 Turizm Sezonu Ba\u015flang\u0131c\u0131"},"content":{"rendered":"<p> Marmaris&#8217;te 2026 y\u0131l\u0131 turizm sezonu, 14 Mart&#8217;ta ba\u015flay\u0131p 16 Kas\u0131m&#8217;a kadar s\u00fcrecek.<\/p>\n<p>Marmaris Ticaret Odas\u0131 (MTO) Y\u00f6netim Kurulu Ba\u015fkan\u0131 Mutlu Ayhan, turizm sezonu \u00f6ncesi de\u011ferlendirmesinde, 2026 y\u0131l\u0131 turizm sezonuna temkinli bir iyimserlikle yakla\u015ft\u0131klar\u0131n\u0131 belirterek, mevcut veriler \u0131\u015f\u0131\u011f\u0131nda ekonomik ve jeopolitik riskler nedeniyle ihtiyatl\u0131 olunmas\u0131 gerekti\u011fine dikkati \u00e7ekti.<\/p>\n<p>Birle\u015fik Krall\u0131k men\u015feli tur operat\u00f6r\u00fc ve havayolu firmalar\u0131n\u0131n mevcut planlamalar\u0131nda \u00f6ng\u00f6r\u00fclen bir aksama bulunmad\u0131\u011f\u0131n\u0131 vurgulayan Ayhan, &#8220;2026 sezonunda da 2025 y\u0131l\u0131 turist say\u0131s\u0131n\u0131 yakalamay\u0131 ula\u015f\u0131labilir bir hedef olarak g\u00f6r\u00fcyor, bu do\u011frultuda \u00e7al\u0131\u015f\u0131yoruz. 2026 y\u0131l\u0131 turizm sezonu, 14 Mart&#8217;ta Dalaman Havaliman\u0131&#8217;na inecek ilk paket tur misafiriyle ba\u015flayacak ve 16 Kas\u0131m&#8217;a kadar devam edecek.&#8221; dedi.<\/p>\n<p>\u0130lk kruvaziyer 28 Nisan&#8217;da<\/p>\n<p>Ayhan, kruvaziyer turizminde \u00e7ok iyi bir y\u0131l ge\u00e7ireceklerini belirtirken, &#8220;\u0130lk kruvaziyer 28 Nisan&#8217;da ba\u015flayacak ve Ekim ay\u0131 sonuna kadar toplam 59 sefer planland\u0131. 2026&#8217;da ge\u00e7en y\u0131la g\u00f6re y\u00fczde 300 art\u0131\u015fla 200 bine yak\u0131n yolcu ve m\u00fcrettebat\u0131n gelmesini bekliyoruz.&#8221; diye konu\u015ftu.<\/p>\n<p>Rusya pazar\u0131 i\u00e7in kapsaml\u0131 bir tan\u0131t\u0131m hamlesi planlad\u0131klar\u0131n\u0131, Polonya pazar\u0131n\u0131n son d\u00f6rt y\u0131lda g\u00fc\u00e7l\u00fc bir b\u00fcy\u00fcme kaydetti\u011fini vurgulayan Ayhan, &#8220;Rusya, Polonya ve \u00c7ekya&#8217;dan art\u0131\u015flar\u0131m\u0131z iyi gidiyor. Macarlar&#8217;da ilk kez il\u00e7emize gelecek. Haziran ortas\u0131ndan itibaren Budape\u015fte&#8217;den Dalaman&#8217;a haftada bir u\u00e7ak planland\u0131.&#8221; ifadelerini kulland\u0131.<\/p>\n<p>Ayhan, yurt d\u0131\u015f\u0131 tan\u0131t\u0131m \u00e7al\u0131\u015fmalar\u0131n\u0131n yan\u0131 s\u0131ra i\u00e7 pazar\u0131n da \u00f6nemsendi\u011fine de\u011finirken, 27-30 May\u0131s tarihlerindeki Kurban Bayram\u0131&#8217;nda tatilin 9 g\u00fcne \u00e7\u0131kar\u0131lmas\u0131 i\u00e7in gerekli giri\u015fimlere ba\u015flad\u0131klar\u0131n\u0131 kaydetti.<\/p>\n","protected":false},"excerpt":{"rendered":"<p>Marmaris&#8217;te 2026 turizm sezonu 14 Mart&#8217;ta ba\u015flayacak ve 16 Kas\u0131m&#8217;a kadar s\u00fcrecek.<\/p>\n","protected":false},"author":1,"featured_media":43450,"comment_status":"open","ping_status":"open","sticky":false,"template":"","format":"standard","meta":{"footnotes":""},"categories":[8],"tags":[238,2718,2987,511],"class_list":["post-43449","post","type-post","status-publish","format-standard","has-post-thumbnail","hentry","category-ekonomi","tag-238","tag-ayhan","tag-sezonu","tag-turizm"],"_links":{"self":[{"href":"https:\/\/bihavadis.com\/index.php\/wp-json\/wp\/v2\/posts\/43449","targetHints":{"allow":["GET"]}}],"collection":[{"href":"https:\/\/bihavadis.com\/index.php\/wp-json\/wp\/v2\/posts"}],"about":[{"href":"https:\/\/bihavadis.com\/index.php\/wp-json\/wp\/v2\/types\/post"}],"author":[{"embeddable":true,"href":"https:\/\/bihavadis.com\/index.php\/wp-json\/wp\/v2\/users\/1"}],"replies":[{"embeddable":true,"href":"https:\/\/bihavadis.com\/index.php\/wp-json\/wp\/v2\/comments?post=43449"}],"version-history":[{"count":1,"href":"https:\/\/bihavadis.com\/index.php\/wp-json\/wp\/v2\/posts\/43449\/revisions"}],"predecessor-version":[{"id":43451,"href":"https:\/\/bihavadis.com\/index.php\/wp-json\/wp\/v2\/posts\/43449\/revisions\/43451"}],"wp:featuredmedia":[{"embeddable":true,"href":"https:\/\/bihavadis.com\/index.php\/wp-json\/wp\/v2\/media\/43450"}],"wp:attachment":[{"href":"https:\/\/bihavadis.com\/index.php\/wp-json\/wp\/v2\/media?parent=43449"}],"wp:term":[{"taxonomy":"category","embeddable":true,"href":"https:\/\/bihavadis.com\/index.php\/wp-json\/wp\/v2\/categories?post=43449"},{"taxonomy":"post_tag","embeddable":true,"href":"https:\/\/bihavadis.com\/index.php\/wp-json\/wp\/v2\/tags?post=43449"}],"curies":[{"name":"wp","href":"https:\/\/api.w.org\/{rel}","templated":true}]}}