{"id":43692,"date":"2026-02-23T15:27:04","date_gmt":"2026-02-23T15:27:04","guid":{"rendered":"https:\/\/bihavadis.com\/?p=43692"},"modified":"2026-02-23T15:27:04","modified_gmt":"2026-02-23T15:27:04","slug":"cocuklarin-dijital-guvenligi-icin-rapor","status":"publish","type":"post","link":"https:\/\/bihavadis.com\/index.php\/2026\/02\/23\/cocuklarin-dijital-guvenligi-icin-rapor\/","title":{"rendered":"\u00c7ocuklar\u0131n Dijital G\u00fcvenli\u011fi \u0130\u00e7in Rapor"},"content":{"rendered":"<p>TBMM \u0130nsan Haklar\u0131n\u0131 \u0130nceleme Komisyonu, &#8220;Dijital Mecralarda \u00c7ocuklar\u0131m\u0131z\u0131 Bekleyen Tehdit ve Riskler Raporu&#8221;nu kabul etti.<\/p>\n<p>Komisyon, AK Parti Osmaniye Milletvekili Derya Yan\u0131k ba\u015fkanl\u0131\u011f\u0131nda topland\u0131.<\/p>\n<p>Yan\u0131k, a\u00e7\u0131l\u0131\u015fta yapt\u0131\u011f\u0131 konu\u015fmada, &#8220;Dijital Mecralarda \u00c7ocuklar\u0131m\u0131z\u0131 Bekleyen Tehdit ve Riskler Raporu&#8221;nun, \u00c7ocuk Haklar\u0131 Alt Komisyonunda 13 Ocak&#8217;ta taslak rapor olarak kabul edilerek \u00fcst komisyona g\u00f6nderildi\u011fini an\u0131msatt\u0131.<\/p>\n<p>Raporun yaln\u0131zca T\u00fcrkiye a\u00e7\u0131s\u0131ndan de\u011fil, t\u00fcm d\u00fcnya i\u00e7in giderek derinle\u015fen bir soruna \u0131\u015f\u0131k tuttu\u011funu vurgulayan Yan\u0131k, \u00e7ocuklar\u0131n dijital ortamlarda maruz kald\u0131\u011f\u0131 istismar, ihmal, ba\u011f\u0131ml\u0131l\u0131k, siber zorbal\u0131k gibi tehditlerin, ya\u015fam hakk\u0131, insan onuru, \u00f6zel hayat\u0131n gizlili\u011fi, sa\u011fl\u0131k ve e\u011fitim hakk\u0131 ba\u015fta olmak \u00fczere bir\u00e7ok temel insan hakk\u0131yla do\u011frudan ili\u015fkili oldu\u011funu ifade etti.<\/p>\n<p>Yan\u0131k, s\u00f6zlerini \u015f\u00f6yle s\u00fcrd\u00fcrd\u00fc: <\/p>\n<p>&#8220;Mesele yaln\u0131zca bir teknoloji ya da aile politikas\u0131 konusu de\u011fil a\u00e7\u0131k bi\u00e7imde bir insan haklar\u0131 meselesidir. Alt komisyonumuzun haz\u0131rlad\u0131\u011f\u0131 bu kapsaml\u0131 rapor, ulusal mevzuat, uluslararas\u0131 s\u00f6zle\u015fmeler ve iyi uygulama \u00f6rnekleri \u0131\u015f\u0131\u011f\u0131nda \u00e7ocuklar\u0131n dijital d\u00fcnyada korunmas\u0131na y\u00f6nelik \u00e7ok boyutlu bir de\u011ferlendirme sunmaktad\u0131r. Raporda yer alan tespitlerin sahaya dayal\u0131, ger\u00e7ek\u00e7i ve yerinde, \u00f6nerilerin ise uygulanabilir ve yol g\u00f6sterici nitelikte olmas\u0131na \u00f6zellikle \u00f6zen g\u00f6sterdik.&#8221;<\/p>\n<p>\u0130nsan haklar\u0131n\u0131n korunmas\u0131n\u0131n, \u00e7a\u011f\u0131n de\u011fi\u015fen risk alanlar\u0131n\u0131 do\u011fru okumay\u0131 ve uygun \u00e7\u00f6z\u00fcmler geli\u015ftirmeyi zorunlu k\u0131ld\u0131\u011f\u0131n\u0131 belirten Yan\u0131k, &#8220;Ortaya konulan bu \u00e7al\u0131\u015fma, \u00f6n\u00fcm\u00fczdeki d\u00f6nemde hem yasama faaliyetlerimize hem de politika geli\u015ftirme s\u00fcre\u00e7lerine \u00e7ok \u00f6nemli katk\u0131lar sunacakt\u0131r.&#8221; dedi.<\/p>\n<p>&#8220;Epstein belgeleri, \u00e7ocuklar\u0131n kar\u015f\u0131 kar\u015f\u0131ya kald\u0131\u011f\u0131 tehditlerin ula\u015ft\u0131\u011f\u0131 boyutu g\u00f6zler \u00f6n\u00fcne serdi&#8221;<\/p>\n<p>Daha sonra, \u00c7ocuk Haklar\u0131 Alt Komisyonu Ba\u015fkan\u0131, AK Parti Kocaeli Milletvekili Radiye Sezer Kat\u0131rc\u0131o\u011flu, rapora ili\u015fkin bilgi verdi, de\u011ferlendirmelerde bulundu.<\/p>\n<p>Temel hedeflerinin, \u00e7ocuklar\u0131 dijital mecralar\u0131n zararl\u0131 etkilerinden koruyacak, kapsaml\u0131 ve uygulanabilir bir yol haritas\u0131 ortaya koymak oldu\u011funu dile getiren Kat\u0131rc\u0131o\u011flu, &#8220;Son d\u00f6nemde kamuoyuna yans\u0131yan &#8216;Epstein belgeleri&#8217;, \u00e7ocuklar\u0131m\u0131z\u0131n kar\u015f\u0131 kar\u015f\u0131ya kald\u0131\u011f\u0131 tehditlerin ula\u015ft\u0131\u011f\u0131 boyutu t\u00fcm a\u00e7\u0131kl\u0131\u011f\u0131yla g\u00f6zler \u00f6n\u00fcne serdi.&#8221; dedi.<\/p>\n<p>Bu belgelerin \u00e7ocuklar\u0131n dijital ve k\u00fcresel a\u011flar \u00fczerinden sistematik istismar riskiyle kar\u015f\u0131 kar\u015f\u0131ya b\u0131rak\u0131ld\u0131\u011f\u0131n\u0131, baz\u0131 ideolojik ve organize yap\u0131lar\u0131n \u00e7ocuklar \u00fczerine derin ve y\u0131k\u0131c\u0131 etkiler olu\u015fturabilece\u011fini a\u00e7\u0131k\u00e7a ortaya koydu\u011funu belirten Kat\u0131rc\u0131o\u011flu, \u015funlar\u0131 kaydetti: <\/p>\n<p>&#8220;\u00c7ocuklar\u0131 hedef alan LGBT \u00f6rg\u00fctlenmeleri ve bu yap\u0131lar taraf\u0131ndan y\u00fcr\u00fct\u00fclen ideolojik propaganda faaliyetleri, \u00e7ocuklar a\u00e7\u0131s\u0131ndan art\u0131k yaln\u0131zca bir toplumsal tart\u0131\u015fma konusu de\u011fil, do\u011frudan bir \u00e7ocuk g\u00fcvenli\u011fi ve \u00e7ocuk haklar\u0131 tehdidi haline gelmi\u015ftir. \u00c7ocuklar\u0131 hedef alan bu i\u00e7 i\u00e7e girmi\u015f girift \u00f6rg\u00fctl\u00fc yap\u0131lar, y\u00f6ntemleri, etki alanlar\u0131 ve k\u00fcresel a\u011flar\u0131 itibar\u0131yla ter\u00f6r \u00f6rg\u00fctlerinden daha tehlikeli sonu\u00e7lar do\u011furabilecek yap\u0131lard\u0131r. S\u00f6z konusu belgeler, bu ger\u00e7e\u011fi yaln\u0131zca \u00fclkemize de\u011fil t\u00fcm insanl\u0131\u011fa a\u00e7\u0131k\u00e7a g\u00f6stermi\u015ftir.&#8221;<\/p>\n<p>Milletvekillerinin g\u00f6r\u00fc\u015f ve ele\u015ftirilerini dile getirdi\u011fi Komisyonda, &#8220;Dijital Mecralarda \u00c7ocuklar\u0131m\u0131z\u0131 Bekleyen Tehdit ve Riskler Raporu&#8221; kabul edildi.<\/p>\n<p>6 ana b\u00f6l\u00fcmden, 204 sayfadan ve 82 \u00f6neriden olu\u015fan rapor, bu alanda yap\u0131lacak yasal d\u00fczenlemelere kaynak olu\u015fturmas\u0131 i\u00e7in TBMM Ba\u015fkanl\u0131\u011f\u0131 ile ilgili bakanl\u0131klara sunulacak.<\/p>\n<p>Dijital ba\u011f\u0131ml\u0131l\u0131\u011f\u0131n \u00e7ocuklar \u00fczerindeki olumsuz etkileri, di\u011fer \u00fclkelerin m\u00fccadele \u00f6rnekleri ve \u00e7ocuklar\u0131n dijital ortamda korunmas\u0131na y\u00f6nelik tespitlerin yer ald\u0131\u011f\u0131 raporda, 18 ya\u015f\u0131n alt\u0131ndaki \u00e7ocuklar\u0131n kulland\u0131\u011f\u0131 mobil cihazlar \u00fczerinden sa\u011flanan internet eri\u015fiminin 22.00-06.00 saatleri aras\u0131nda s\u0131n\u0131rland\u0131r\u0131lmas\u0131 veya yava\u015flat\u0131lmas\u0131 esas\u0131 benimsenmesi, sosyal medya platformlar\u0131n\u0131n \u00e7ocuklar i\u00e7in 15 ya\u015f\u0131n\u0131 doldurana kadar hizmet sunmamas\u0131 ve 18 ya\u015f\u0131na kadar filtrelenmi\u015f i\u00e7erik sunmas\u0131n\u0131n yasal hale getirilmesi gibi \u00f6neriler bulunuyor.<\/p>\n","protected":false},"excerpt":{"rendered":"<p>TBMM, dijital tehditler ve \u00e7ocuk g\u00fcvenli\u011fi \u00fczerine kapsaml\u0131 bir rapor kabul etti.<\/p>\n","protected":false},"author":1,"featured_media":0,"comment_status":"open","ping_status":"open","sticky":false,"template":"","format":"standard","meta":{"footnotes":""},"categories":[12],"tags":[382,242,1046,4653,1564],"class_list":["post-43692","post","type-post","status-publish","format-standard","hentry","category-siyaset","tag-alan","tag-cocuk","tag-dijital","tag-haklari","tag-rapor"],"_links":{"self":[{"href":"https:\/\/bihavadis.com\/index.php\/wp-json\/wp\/v2\/posts\/43692","targetHints":{"allow":["GET"]}}],"collection":[{"href":"https:\/\/bihavadis.com\/index.php\/wp-json\/wp\/v2\/posts"}],"about":[{"href":"https:\/\/bihavadis.com\/index.php\/wp-json\/wp\/v2\/types\/post"}],"author":[{"embeddable":true,"href":"https:\/\/bihavadis.com\/index.php\/wp-json\/wp\/v2\/users\/1"}],"replies":[{"embeddable":true,"href":"https:\/\/bihavadis.com\/index.php\/wp-json\/wp\/v2\/comments?post=43692"}],"version-history":[{"count":1,"href":"https:\/\/bihavadis.com\/index.php\/wp-json\/wp\/v2\/posts\/43692\/revisions"}],"predecessor-version":[{"id":43693,"href":"https:\/\/bihavadis.com\/index.php\/wp-json\/wp\/v2\/posts\/43692\/revisions\/43693"}],"wp:attachment":[{"href":"https:\/\/bihavadis.com\/index.php\/wp-json\/wp\/v2\/media?parent=43692"}],"wp:term":[{"taxonomy":"category","embeddable":true,"href":"https:\/\/bihavadis.com\/index.php\/wp-json\/wp\/v2\/categories?post=43692"},{"taxonomy":"post_tag","embeddable":true,"href":"https:\/\/bihavadis.com\/index.php\/wp-json\/wp\/v2\/tags?post=43692"}],"curies":[{"name":"wp","href":"https:\/\/api.w.org\/{rel}","templated":true}]}}