{"id":43802,"date":"2026-02-23T16:54:06","date_gmt":"2026-02-23T16:54:06","guid":{"rendered":"https:\/\/bihavadis.com\/?p=43802"},"modified":"2026-02-23T16:54:06","modified_gmt":"2026-02-23T16:54:06","slug":"eski-milli-futbolcu-nurcan-celik-vefat-etti","status":"publish","type":"post","link":"https:\/\/bihavadis.com\/index.php\/2026\/02\/23\/eski-milli-futbolcu-nurcan-celik-vefat-etti\/","title":{"rendered":"Eski milli futbolcu Nurcan \u00c7elik vefat etti"},"content":{"rendered":"<p>Eski milli kad\u0131n futbolcu ve Galatasaray&#8217;\u0131n eski teknik direkt\u00f6rlerinden Nurcan \u00c7elik vefat etti.<\/p>\n<p>T\u00fcrkiye Futbol Federasyonu&#8217;ndan yap\u0131lan a\u00e7\u0131klamada, <em><b>&#8220;T\u00fcrk futbolunun de\u011ferli isimlerinden Kad\u0131n A Milli Tak\u0131m\u0131m\u0131z\u0131n eski oyuncular\u0131ndan Nurcan \u00c7elik&#8217;in vefat\u0131n\u0131 derin bir \u00fcz\u00fcnt\u00fcyle \u00f6\u011frenmi\u015f bulunuyoruz. 3&#8217;\u00fc 19 ya\u015f alt\u0131, 6&#8217;s\u0131 Kad\u0131n A Milli Tak\u0131m olmak \u00fczere 9 kez ay-y\u0131ld\u0131zl\u0131 formam\u0131z\u0131 giyen \u00c7elik, 1 Ocak 1980 y\u0131l\u0131nda Artvin&#8217;de do\u011fdu. Futbola Bursa&#8217;da ba\u015flayan Nurcan \u00c7elik; Gemlik Zeytinspor, K\u00fc\u00e7\u00fck\u00e7ekmece Akdeniz Spor, Zeytinburnuspor, Yal\u0131spor formalar\u0131n\u0131 giydi. Teknik direkt\u00f6rl\u00fc\u011fe K\u00fc\u00e7\u00fck\u00e7ekmece Akdeniz Spor&#8217;u \u00e7al\u0131\u015ft\u0131rarak ba\u015flayan Nurcan \u00c7elik, Galatasaray&#8217;da da g\u00f6rev yapt\u0131. T\u00fcrkiye Futbol Federasyonu olarak merhume Nurcan \u00c7elik&#8217;e Allah&#8217;tan rahmet; ailesi, sevenleri ve futbol camias\u0131na ba\u015fsa\u011fl\u0131\u011f\u0131 dileriz.&#8221;<\/b><\/em> denildi.<\/p>\n<p><strong>GALATASARAY&#8217;DAN PAYLA\u015eIM<\/strong><\/p>\n<p>Galatasaray Kul\u00fcb\u00fc de Nurcan \u00c7elik i\u00e7in internet sitesinden ba\u015fsa\u011fl\u0131\u011f\u0131 mesaj\u0131 payla\u015ft\u0131.<\/p>\n<p><img decoding=\"async\" src=\"https:\/\/bihavadis.com\/wp-content\/uploads\/2026\/02\/eski-milli-futbolcu-nurcan-celik-vefat-etti-0-ndzbvzhf.jpg\"\/><\/p>\n<p><strong>CENZAES\u0130 ARTV\u0130N&#8217;E G\u00d6T\u00dcR\u00dcLECEK<\/strong><\/p>\n<p>Yar\u0131n saat 15.00&#8217;te K\u00fc\u00e7\u00fck\u00e7ekmece Ye\u015filova Kemal Akta\u015f Stadyumu&#8217;nda t\u00f6ren d\u00fczenlenecek t\u00f6renin ard\u0131ndan Nurcan \u00c7elik&#8217;in cenazesi, defnedilmek \u00fczere Artvin&#8217;e g\u00f6t\u00fcr\u00fclecek.<\/p>\n","protected":false},"excerpt":{"rendered":"<p>Galatasaray&#8217;\u0131n eski teknik direkt\u00f6rlerinden Nurcan \u00c7elik, hayat\u0131n\u0131 kaybetti. D\u00fczenlenecek t\u00f6renin ard\u0131ndan \u00c7elik&#8217;in cenazesi, defnedilmek \u00fczere Artvin&#8217;e g\u00f6t\u00fcr\u00fclecek.<\/p>\n","protected":false},"author":1,"featured_media":43803,"comment_status":"open","ping_status":"open","sticky":false,"template":"","format":"standard","meta":{"footnotes":""},"categories":[14],"tags":[365,5942],"class_list":["post-43802","post","type-post","status-publish","format-standard","has-post-thumbnail","hentry","category-spor","tag-futbol","tag-nurcan-celik"],"_links":{"self":[{"href":"https:\/\/bihavadis.com\/index.php\/wp-json\/wp\/v2\/posts\/43802","targetHints":{"allow":["GET"]}}],"collection":[{"href":"https:\/\/bihavadis.com\/index.php\/wp-json\/wp\/v2\/posts"}],"about":[{"href":"https:\/\/bihavadis.com\/index.php\/wp-json\/wp\/v2\/types\/post"}],"author":[{"embeddable":true,"href":"https:\/\/bihavadis.com\/index.php\/wp-json\/wp\/v2\/users\/1"}],"replies":[{"embeddable":true,"href":"https:\/\/bihavadis.com\/index.php\/wp-json\/wp\/v2\/comments?post=43802"}],"version-history":[{"count":1,"href":"https:\/\/bihavadis.com\/index.php\/wp-json\/wp\/v2\/posts\/43802\/revisions"}],"predecessor-version":[{"id":43805,"href":"https:\/\/bihavadis.com\/index.php\/wp-json\/wp\/v2\/posts\/43802\/revisions\/43805"}],"wp:featuredmedia":[{"embeddable":true,"href":"https:\/\/bihavadis.com\/index.php\/wp-json\/wp\/v2\/media\/43803"}],"wp:attachment":[{"href":"https:\/\/bihavadis.com\/index.php\/wp-json\/wp\/v2\/media?parent=43802"}],"wp:term":[{"taxonomy":"category","embeddable":true,"href":"https:\/\/bihavadis.com\/index.php\/wp-json\/wp\/v2\/categories?post=43802"},{"taxonomy":"post_tag","embeddable":true,"href":"https:\/\/bihavadis.com\/index.php\/wp-json\/wp\/v2\/tags?post=43802"}],"curies":[{"name":"wp","href":"https:\/\/api.w.org\/{rel}","templated":true}]}}