{"id":43840,"date":"2026-02-23T17:24:06","date_gmt":"2026-02-23T17:24:06","guid":{"rendered":"https:\/\/bihavadis.com\/?p=43840"},"modified":"2026-02-23T17:24:06","modified_gmt":"2026-02-23T17:24:06","slug":"ilham-aliyev-azerbaycan-gurcistan-ve-ermenistan-uclu-is-birligi-yapacak","status":"publish","type":"post","link":"https:\/\/bihavadis.com\/index.php\/2026\/02\/23\/ilham-aliyev-azerbaycan-gurcistan-ve-ermenistan-uclu-is-birligi-yapacak\/","title":{"rendered":"\u0130lham Aliyev: Azerbaycan, G\u00fcrcistan ve Ermenistan \u00fc\u00e7l\u00fc i\u015f birli\u011fi yapacak"},"content":{"rendered":"<p>\u0130lham Aliyev, Almanya\u2019n\u0131n M\u00fcnih kentinde d\u00fczenlenen M\u00fcnih G\u00fcvenlik Konferans\u0131 kapsam\u0131nda ger\u00e7ekle\u015ftirilen<b><em> \u201cA\u00e7\u0131k Koridor Politikas\u0131, Hazar Denizi \u00d6tesi \u0130\u015fbirli\u011finin Derinle\u015ftirilmesi\u201d <\/em><\/b>ba\u015fl\u0131kl\u0131 panelde a\u00e7\u0131klamalarda bulundu.<\/p>\n<p>Aliyev, Azerbaycan ile Ermenistan aras\u0131nda son alt\u0131 ayd\u0131r fiili bir bar\u0131\u015f ortam\u0131n\u0131n s\u00fcrd\u00fc\u011f\u00fcn\u00fc belirterek,<b><em> \u201c\u0130nan\u0131n ki bu \u00e7ok g\u00fczel ve \u00f6zel bir histir ve bunu t\u00fcm Azerbaycan halk\u0131 payla\u015fmaktad\u0131r\u201d<\/em><\/b> dedi.<\/p>\n<p><strong>&#8220;G\u00dcNEY KAFKASYA&#8217;DA TAMAMEN YEN\u0130 B\u0130R DURUM OLU\u015eACAK&#8221;<\/strong><\/p>\n<p>B\u00f6lgesel ula\u015f\u0131m ve ba\u011flant\u0131 projelerinin \u00f6nemine vurgu yapan Aliyev, Azerbaycan\u2019\u0131n deniz limanlar\u0131na, demiryollar\u0131na ve hava ta\u015f\u0131mac\u0131l\u0131\u011f\u0131 altyap\u0131s\u0131na ciddi yat\u0131r\u0131mlar yapt\u0131\u011f\u0131n\u0131 ifade etti. \u00dclkesinin Avrupa ile Asya aras\u0131nda stratejik bir konumda bulundu\u011funu belirten Aliyev, bu avantaj\u0131n g\u00fc\u00e7l\u00fc altyap\u0131 yat\u0131r\u0131mlar\u0131yla anlam kazand\u0131\u011f\u0131n\u0131 s\u00f6yledi.<\/p>\n<p>Azerbaycan topraklar\u0131 \u00fczerinden 100 binden fazla TEU y\u00fck ta\u015f\u0131nd\u0131\u011f\u0131n\u0131 kaydeden Aliyev, bu hacmin 250 bin ila 400 bin TEU\u2019ya \u00e7\u0131kar\u0131lmas\u0131n\u0131n hedeflendi\u011fini a\u00e7\u0131klad\u0131. Hazar Denizi\u2019nin alt\u0131ndan ge\u00e7ecek fiber-optik hat projesi \u00fczerinde Orta Asya \u00fclkeleriyle birlikte \u00e7al\u0131\u015f\u0131ld\u0131\u011f\u0131n\u0131 da duyurdu.<\/p>\n<p>Aliyev, Ermenistan ile kal\u0131c\u0131 bar\u0131\u015f\u0131n sa\u011flanmas\u0131n\u0131n ard\u0131ndan Azerbaycan \u00fczerinden Ermenistan\u2019a ve oradan Avrupa\u2019ya uzanacak koridorun b\u00fcy\u00fck potansiyele sahip oldu\u011funu belirterek, Azerbaycan\u2019da 600 kilometrelik demiryolu in\u015fa ve restorasyonunun planland\u0131\u011f\u0131n\u0131, Ermenistan taraf\u0131nda ise 40 kilometrelik bir hatt\u0131n s\u00f6z konusu oldu\u011funu s\u00f6yledi. Bu projelerle birlikte Orta Koridor\u2019un g\u00fc\u00e7lenece\u011fini ifade etti.<\/p>\n<p><img decoding=\"async\" src=\"https:\/\/bihavadis.com\/wp-content\/uploads\/2026\/02\/ilham-aliyev-azerbaycan-gurcistan-ve-ermenistan-uclu-is-birligi-yapacak-0-apHyAFSU.jpg\"\/><\/p>\n<p><strong>&#8220;SINIRLARIMIZDA BARI\u015e SA\u011eLANDI&#8221;<\/strong><\/p>\n<p>Aliyev, paraflanan bar\u0131\u015f anla\u015fmas\u0131na da de\u011finerek, s\u00fcrecin ABD Ba\u015fkan\u0131 Donald Trump\u2019\u0131n kat\u0131l\u0131m\u0131yla ger\u00e7ekle\u015fti\u011fini ve Nikol Pa\u015finyan ile birlikte imzalanan ortak bildirinin Trump taraf\u0131ndan da imzaland\u0131\u011f\u0131n\u0131 s\u00f6yledi.<\/p>\n<p><b><em>\u201cS\u0131n\u0131rlar\u0131m\u0131zda bar\u0131\u015f sa\u011fland\u0131. Tamamen yeni bir durum olu\u015fmu\u015f durumda. Hi\u00e7bir \u00e7at\u0131\u015fma yok, kimse yaralanm\u0131yor, hi\u00e7bir sivil \u00f6ld\u00fcr\u00fclm\u00fcyor\u201d<\/em><\/b> diyen Aliyev, resmi bar\u0131\u015f anla\u015fmas\u0131n\u0131n imzalanmas\u0131n\u0131n Ermenistan Anayasas\u0131\u2019nda Azerbaycan topraklar\u0131na y\u00f6nelik iddialar i\u00e7eren maddenin \u00e7\u0131kar\u0131lmas\u0131na ba\u011fl\u0131 oldu\u011funu ifade etti.<\/p>\n<p><strong>\u00dc\u00c7L\u00dc \u0130\u015eB\u0130RL\u0130\u011e\u0130 MESAJI<\/strong><\/p>\n<p>Aliyev, son kanl\u0131 \u00e7at\u0131\u015fman\u0131n yakla\u015f\u0131k iki y\u0131l \u00f6nce ya\u015fand\u0131\u011f\u0131n\u0131 hat\u0131rlatarak, 30 y\u0131l\u0131 a\u015fk\u0131n s\u00fcren bir ihtilaf\u0131n ard\u0131ndan g\u00fc\u00e7l\u00fc siyasi irade sayesinde yeni bir sayfa a\u00e7\u0131ld\u0131\u011f\u0131n\u0131 belirtti.<\/p>\n<p>Aliyev <em>\u201cBiz art\u0131k alt\u0131 ayd\u0131r bar\u0131\u015f ortam\u0131nda ya\u015f\u0131yoruz. Ba\u011flant\u0131lar ve birle\u015ftirici g\u00fczergahlar bizi daha da entegre hale getirecek ve G\u00fcney Kafkasya\u2019da tamamen yeni bir durum olu\u015fturacakt\u0131r. Azerbaycan, G\u00fcrcistan ve Ermenistan art\u0131k \u00fc\u00e7l\u00fc \u015fekilde i\u015f birli\u011fi yapacakt\u0131r\u201d<\/em> ifadelerini kulland\u0131.<\/p>\n<p><img decoding=\"async\" src=\"https:\/\/bihavadis.com\/wp-content\/uploads\/2026\/02\/ilham-aliyev-azerbaycan-gurcistan-ve-ermenistan-uclu-is-birligi-yapacak-1-Vm3bK1jb.jpg\"\/><\/p>\n<p><strong>TRIPP PROJES\u0130 VE ABD&#8217;N\u0130N ROL\u00dc<\/strong><\/p>\n<p>Aliyev, Trump Uluslararas\u0131 Bar\u0131\u015f ve Refah Yolu (TRIPP) projesine ili\u015fkin de\u011ferlendirmesinde, \u00c7in\u2019den Orta Asya\u2019ya, Hazar \u00fczerinden Azerbaycan\u2019a, oradan Ermenistan ve Nah\u00e7\u0131van\u2019a, T\u00fcrkiye\u2019ye ve Avrupa\u2019ya uzanan yeni bir hatt\u0131n b\u00f6lgesel entegrasyonu g\u00fc\u00e7lendirece\u011fini s\u00f6yledi.<\/p>\n<p>ABD\u2019nin projede \u00f6nemli bir rol \u00fcstlenece\u011fini belirten Aliyev, a\u00e7\u0131k kaynaklara g\u00f6re kurulmas\u0131 planlanan \u015firkette hisselerin y\u00fczde 76\u2019s\u0131n\u0131n ABD\u2019ye, kalan k\u0131sm\u0131n\u0131n ise Ermenistan\u2019a ait olmas\u0131n\u0131n \u00f6ng\u00f6r\u00fcld\u00fc\u011f\u00fcn\u00fc aktard\u0131. Projenin ilk etapta 49 y\u0131ll\u0131k bir d\u00f6nem i\u00e7in planland\u0131\u011f\u0131n\u0131 ifade etti.<\/p>\n<p>Aliyev ayr\u0131ca, bug\u00fcne kadar Azerbaycan, G\u00fcrcistan ve T\u00fcrkiye aras\u0131nda hayata ge\u00e7irilen boru hatlar\u0131 ve Bak\u00fc-Tiflis-Kars demiryolu gibi projelerin Amerikan pratik kat\u0131l\u0131m\u0131 olmadan ger\u00e7ekle\u015ftirildi\u011fini, ancak mevcut ABD y\u00f6netiminin b\u00f6lgeye daha fazla ilgi g\u00f6sterdi\u011fini s\u00f6yledi.<\/p>\n<p><img decoding=\"async\" src=\"https:\/\/bihavadis.com\/wp-content\/uploads\/2026\/02\/ilham-aliyev-azerbaycan-gurcistan-ve-ermenistan-uclu-is-birligi-yapacak-2-BavIwptr.jpg\"\/><\/p>\n<p><strong>UKRAYNA&#8217;DAK\u0130 AZERBAYCAN ALTYAPISINA SALDIRILAR<\/strong><\/p>\n<p>Aliyev, Azerbaycan\u2019\u0131n Ukrayna\u2019daki enerji \u015firketlerinin ve diplomatik temsilciliklerinin hedef al\u0131nd\u0131\u011f\u0131 y\u00f6n\u00fcndeki soruya da yan\u0131t verdi. Ukrayna\u2019daki Azerbaycan B\u00fcy\u00fckel\u00e7ili\u011fi\u2019ne \u00fc\u00e7 kez sald\u0131r\u0131 d\u00fczenlendi\u011fini belirten Aliyev, koordinatlar\u0131n Rus taraf\u0131na iletilmesine ra\u011fmen ek sald\u0131r\u0131lar\u0131n ger\u00e7ekle\u015fti\u011fini s\u00f6yledi.<\/p>\n<p>Bu durumu<b><em> \u201cAzerbaycan\u2019a kar\u015f\u0131 dostane olmayan bir davran\u0131\u015f\u201d <\/em><\/b>olarak de\u011ferlendirdiklerini ifade eden Aliyev, Rus b\u00fcy\u00fckel\u00e7inin D\u0131\u015fi\u015fleri Bakanl\u0131\u011f\u0131\u2019na davet edildi\u011fini ve diplomatik nota verildi\u011fini a\u00e7\u0131klad\u0131. Azerbaycan\u2019\u0131n s\u00fcreci diplomatik \u00e7er\u00e7evede y\u00fcr\u00fctt\u00fc\u011f\u00fcn\u00fc s\u00f6zlerine ekledi.<\/p>\n","protected":false},"excerpt":{"rendered":"<p>G\u00fcney Kafkasya&#8217;daki bar\u0131\u015f ortam\u0131na de\u011finen Azerbaycan Cumhurba\u015fkan\u0131 \u0130ham Aliyev, birle\u015ftirici yollar\u0131n entegre hale gelmesiyle &#8220;Azerbaycan, G\u00fcrcistan ve Ermenistan art\u0131k \u00fc\u00e7l\u00fc \u015fekilde i\u015f birli\u011fi yapacakt\u0131r\u201d ifadelerini kulland\u0131.<\/p>\n","protected":false},"author":1,"featured_media":43841,"comment_status":"open","ping_status":"open","sticky":false,"template":"","format":"standard","meta":{"footnotes":""},"categories":[6],"tags":[3721,1749,1888,1885,407],"class_list":["post-43840","post","type-post","status-publish","format-standard","has-post-thumbnail","hentry","category-dunya","tag-aliyev","tag-azerbaycan","tag-baris","tag-ermenistan","tag-orta"],"_links":{"self":[{"href":"https:\/\/bihavadis.com\/index.php\/wp-json\/wp\/v2\/posts\/43840","targetHints":{"allow":["GET"]}}],"collection":[{"href":"https:\/\/bihavadis.com\/index.php\/wp-json\/wp\/v2\/posts"}],"about":[{"href":"https:\/\/bihavadis.com\/index.php\/wp-json\/wp\/v2\/types\/post"}],"author":[{"embeddable":true,"href":"https:\/\/bihavadis.com\/index.php\/wp-json\/wp\/v2\/users\/1"}],"replies":[{"embeddable":true,"href":"https:\/\/bihavadis.com\/index.php\/wp-json\/wp\/v2\/comments?post=43840"}],"version-history":[{"count":1,"href":"https:\/\/bihavadis.com\/index.php\/wp-json\/wp\/v2\/posts\/43840\/revisions"}],"predecessor-version":[{"id":43845,"href":"https:\/\/bihavadis.com\/index.php\/wp-json\/wp\/v2\/posts\/43840\/revisions\/43845"}],"wp:featuredmedia":[{"embeddable":true,"href":"https:\/\/bihavadis.com\/index.php\/wp-json\/wp\/v2\/media\/43841"}],"wp:attachment":[{"href":"https:\/\/bihavadis.com\/index.php\/wp-json\/wp\/v2\/media?parent=43840"}],"wp:term":[{"taxonomy":"category","embeddable":true,"href":"https:\/\/bihavadis.com\/index.php\/wp-json\/wp\/v2\/categories?post=43840"},{"taxonomy":"post_tag","embeddable":true,"href":"https:\/\/bihavadis.com\/index.php\/wp-json\/wp\/v2\/tags?post=43840"}],"curies":[{"name":"wp","href":"https:\/\/api.w.org\/{rel}","templated":true}]}}