{"id":43849,"date":"2026-02-23T17:30:05","date_gmt":"2026-02-23T17:30:05","guid":{"rendered":"https:\/\/bihavadis.com\/?p=43849"},"modified":"2026-02-23T17:30:05","modified_gmt":"2026-02-23T17:30:05","slug":"joao-pereira-bugun-iyi-bir-is-cikardik","status":"publish","type":"post","link":"https:\/\/bihavadis.com\/index.php\/2026\/02\/23\/joao-pereira-bugun-iyi-bir-is-cikardik\/","title":{"rendered":"Joao Pereira: Bug\u00fcn iyi bir i\u015f \u00e7\u0131kard\u0131k"},"content":{"rendered":"<p>S\u00fcper Lig\u2019in 22. haftas\u0131nda Alanyaspor, sahas\u0131nda Konyaspor\u2019u 2-1 ma\u011flup etti.<\/p>\n<p>Alanyaspor Teknik Direkt\u00f6r\u00fc Joao Pereira, ma\u00e7\u0131n ard\u0131ndan d\u00fczenlenen bas\u0131n toplant\u0131s\u0131nda konu\u015ftu.<\/p>\n<p><strong>&#8220;B\u0130Z\u0130M \u0130\u00c7\u0130N \u00d6NEML\u0130 B\u0130R GAL\u0130B\u0130YET OLDU&#8221;<\/strong><\/p>\n<p>Joao Pereira, <em><b>&#8220;Bizim i\u00e7in \u00f6nemli bir galibiyet oldu. \u00c7ok ihtiyac\u0131m\u0131z olan bir 3 puand\u0131. Ma\u00e7 iyi ba\u015flad\u0131k. Pozisyonlara girdik. Ma\u00e7\u0131n hakimiyeti bizim elimizdeydi. Gol\u00fc de att\u0131k. Daha fazla da \u015fans yakalad\u0131k. \u0130kinci gol\u00fc atmak i\u00e7in ikinci devrede oyunculara bir \u015feyler s\u00f6yledim. &#8216;Ma\u00e7 0-0\u2019m\u0131\u015f gibi, kazanmam\u0131z gerekiyormu\u015f gibi oynay\u0131n&#8217; dedim. Bunu yapt\u0131k. Gol yemedik, gol\u00fc bulduk. Konya ilk ba\u015fta ma\u00e7a 3\u2019l\u00fc oyun kurarak ba\u015flam\u0131\u015ft\u0131. \u0130kinci yar\u0131da 4\u2019l\u00fc oyun kurdular. Buna adapte olmam\u0131z gerekti. \u0130kinci gol\u00fc bulduktan hemen sonra gol\u00fc yedik ve 2-1 oldu. Ondan sonra ge\u00e7i\u015fler bulduk. Gol atabilece\u011fiz pozisyonlar bulduk. Daha fazla gol atmay\u0131 hak ettik.Ama galibiyetten dolay\u0131 mutluyum. Kaleye \u00e7ok fazla \u015fut \u00e7ektik. Daha net pozisyona girdik. Gol beklentimiz daha fazlayd\u0131. Bug\u00fcn hak etti\u011fimizi d\u00fc\u015f\u00fcn\u00fcyorum. Bug\u00fcn iyi bir i\u015f \u00e7\u0131kard\u0131k&#8221;<\/b><\/em> diye konu\u015ftu.<\/p>\n","protected":false},"excerpt":{"rendered":"<p>Alanyaspor Teknik Direkt\u00f6r\u00fc Joao Pereira, Konyaspor galibiyetinin ard\u0131ndan, &#8220;Gol beklentimiz daha fazlayd\u0131. Bug\u00fcn hakketti\u011fimizi d\u00fc\u015f\u00fcn\u00fcyorum. Bug\u00fcn iyi bir i\u015f \u00e7\u0131kard\u0131k&#8221; dedi.<\/p>\n","protected":false},"author":1,"featured_media":43850,"comment_status":"open","ping_status":"open","sticky":false,"template":"","format":"standard","meta":{"footnotes":""},"categories":[14],"tags":[1873,364],"class_list":["post-43849","post","type-post","status-publish","format-standard","has-post-thumbnail","hentry","category-spor","tag-golu","tag-mac"],"_links":{"self":[{"href":"https:\/\/bihavadis.com\/index.php\/wp-json\/wp\/v2\/posts\/43849","targetHints":{"allow":["GET"]}}],"collection":[{"href":"https:\/\/bihavadis.com\/index.php\/wp-json\/wp\/v2\/posts"}],"about":[{"href":"https:\/\/bihavadis.com\/index.php\/wp-json\/wp\/v2\/types\/post"}],"author":[{"embeddable":true,"href":"https:\/\/bihavadis.com\/index.php\/wp-json\/wp\/v2\/users\/1"}],"replies":[{"embeddable":true,"href":"https:\/\/bihavadis.com\/index.php\/wp-json\/wp\/v2\/comments?post=43849"}],"version-history":[{"count":1,"href":"https:\/\/bihavadis.com\/index.php\/wp-json\/wp\/v2\/posts\/43849\/revisions"}],"predecessor-version":[{"id":43851,"href":"https:\/\/bihavadis.com\/index.php\/wp-json\/wp\/v2\/posts\/43849\/revisions\/43851"}],"wp:featuredmedia":[{"embeddable":true,"href":"https:\/\/bihavadis.com\/index.php\/wp-json\/wp\/v2\/media\/43850"}],"wp:attachment":[{"href":"https:\/\/bihavadis.com\/index.php\/wp-json\/wp\/v2\/media?parent=43849"}],"wp:term":[{"taxonomy":"category","embeddable":true,"href":"https:\/\/bihavadis.com\/index.php\/wp-json\/wp\/v2\/categories?post=43849"},{"taxonomy":"post_tag","embeddable":true,"href":"https:\/\/bihavadis.com\/index.php\/wp-json\/wp\/v2\/tags?post=43849"}],"curies":[{"name":"wp","href":"https:\/\/api.w.org\/{rel}","templated":true}]}}