{"id":43896,"date":"2026-02-23T18:06:06","date_gmt":"2026-02-23T18:06:06","guid":{"rendered":"https:\/\/bihavadis.com\/?p=43896"},"modified":"2026-02-23T18:06:06","modified_gmt":"2026-02-23T18:06:06","slug":"suriye-disisleri-bakani-esad-seybani-suriyelilerin-ulkelerine-donusleri-faydali-olmali","status":"publish","type":"post","link":"https:\/\/bihavadis.com\/index.php\/2026\/02\/23\/suriye-disisleri-bakani-esad-seybani-suriyelilerin-ulkelerine-donusleri-faydali-olmali\/","title":{"rendered":"Suriye D\u0131\u015fi\u015fleri Bakan\u0131 Esad \u015eeybani: Suriyelilerin \u00fclkelerine d\u00f6n\u00fc\u015fleri faydal\u0131 olmal\u0131"},"content":{"rendered":"<p>Suriye&#8217;de yeni d\u00f6nem&#8230;<\/p>\n<p>Esad rejiminin devrilmesinin ard\u0131ndan liderli\u011fi devralan yeni y\u00f6netim Cumhurba\u015fkan\u0131 Ahmed \u015eara, \u00f6nderli\u011finde \u00e7al\u0131\u015fmalar\u0131n\u0131 s\u00fcrd\u00fcr\u00fcyor.<\/p>\n<p>Suriye D\u0131\u015fi\u015fleri Bakan\u0131 Esad Hasan \u015eeybani, Almanya\u2019da d\u00fczenlenen M\u00fcnih G\u00fcvenlik Konferans\u0131 kapsam\u0131nda, konferans marj\u0131nda ger\u00e7ekle\u015ftirilen yan g\u00f6r\u00fc\u015fmelerde Suriye\u2019nin yeniden in\u015fas\u0131, \u00fclke halk\u0131n\u0131n birlik ve b\u00fct\u00fcnl\u00fc\u011f\u00fc ve \u00fclke d\u0131\u015f\u0131ndaki Suriyelilerin vatanlar\u0131na d\u00f6n\u00fc\u015f\u00fcne ili\u015fkin a\u00e7\u0131klamalarda bulundu.<\/p>\n<p><strong>&#8220;\u0130NSAN\u0130 VE ALTYAPI ALANLARINDA \u00d6NEML\u0130 SIKINTILAR YA\u015eIYORUZ&#8221;<\/strong><\/p>\n<p>\u015eeybani,<em> &#8220;Devletin \u00e7\u00f6km\u00fc\u015f rejimden devrald\u0131\u011f\u0131 k\u00f6t\u00fc idareden kaynaklanan sorunlarla kar\u015f\u0131 kar\u015f\u0131yay\u0131z. Suriye halk\u0131, i\u00e7eridekiler ve d\u0131\u015far\u0131dakiler aras\u0131nda b\u00f6l\u00fcnm\u00fc\u015f durumda; insani ve altyap\u0131 alanlar\u0131nda \u00f6nemli s\u0131k\u0131nt\u0131lar ya\u015f\u0131yoruz&#8221; <\/em>a\u00e7\u0131klamas\u0131n\u0131 yapt\u0131.<\/p>\n<p>\u015eeybani, h\u00fck\u00fcmetin dayanaca\u011f\u0131 en b\u00fcy\u00fck g\u00fcc\u00fcn Suriye halk\u0131 oldu\u011funu vurgulayarak,<em> &#8220;Halk\u0131m\u0131z b\u00fcy\u00fck irade ve azme sahip. B\u00f6lgedeki deneyimlerden, do\u011fru veya yanl\u0131\u015f olsun, ders \u00e7\u0131kar\u0131yoruz&#8221;<\/em> ifadelerini kulland\u0131.<\/p>\n<p><img decoding=\"async\" src=\"https:\/\/bihavadis.com\/wp-content\/uploads\/2026\/02\/suriye-disisleri-bakani-esad-seybani-suriyelilerin-ulkelerine-donusleri-faydali-olmali-0-gLynNdaB.jpg\"\/><\/p>\n<p><strong>&#8220;SUR\u0130YE&#8217;YE D\u00d6N\u00dc\u015eLER\u0130N S\u00dcRD\u00dcR\u00dcLEB\u0130L\u0130R OLMASI LAZIM&#8221;<\/strong><\/p>\n<p>Birle\u015fmi\u015f Milletler (BM) istatistiklerine g\u00f6re, Esad rejiminin devrilmesinin sonras\u0131nda \u00fclkelerine geri d\u00f6nen Suriyeli say\u0131s\u0131 1,2 milyon oldu\u011funa dikkat \u00e7eken \u015eeybani, \u015eam y\u00f6netiminin tahminlerinin s\u00f6z konusu say\u0131n\u0131n biraz daha \u00fczerinde oldu\u011funu belirtti.<\/p>\n<p>Bakan, Suriyelilerin kaotik veya duygusal bir \u015fekilde geri d\u00f6nmesini istemediklerini s\u00f6yleyerek, <em><b>&#8220;Hi\u00e7bir Suriyeli vatanda\u015f\u0131n \u00fclkesine d\u00f6nme hakk\u0131 engellenemez, ancak d\u00f6n\u00fc\u015flerin s\u00fcrd\u00fcr\u00fclebilir ve \u00fclke i\u00e7in faydal\u0131 olaca\u011f\u0131ndan emin olmal\u0131y\u0131z. Geri d\u00f6nenlerin Suriye\u2019nin yeniden in\u015fas\u0131na katk\u0131 sa\u011flayaca\u011f\u0131ndan emin olmal\u0131y\u0131z&#8221;<\/b><\/em> dedi.<\/p>\n<p><strong>&#8220;YAPTIRIMLARIN KALDIRILMASI YALNIZCA KAPIYI ARALAMAK&#8221;<\/strong><\/p>\n<p>\u015eeybani, ABD\u2019nin Suriye\u2019nin devrik lideri Be\u015far Esad d\u00f6neminde uygulamaya koydu\u011fu yapt\u0131r\u0131mlar\u0131n kald\u0131r\u0131lmas\u0131na de\u011finerek, <em><b>&#8220;Yapt\u0131r\u0131mlar\u0131n kald\u0131r\u0131lmas\u0131 yaln\u0131zca kap\u0131y\u0131 aralamak anlam\u0131na gelir. Bu, \u00fclkenin yeniden in\u015fas\u0131 ve s\u00fcrecin tamam\u0131 de\u011fildir. Suriye\u2019yi d\u00fcnyaya yeniden tan\u0131tmaya \u00e7al\u0131\u015ft\u0131k, Suriye i\u015fbirli\u011fi yapmak ve herkesle \u00e7al\u0131\u015fmak istiyor&#8221;<\/b><\/em> dedi.<\/p>\n<p>\u00dclkede hala bir\u00e7ok i\u00e7 g\u00f6\u00e7men kamplar\u0131n\u0131n bulundu\u011funu belirten \u015eeybani, ya\u015fad\u0131klar\u0131 yerlerden edilen milyonlarca Suriyelinin yurt d\u0131\u015f\u0131nda ya\u015fad\u0131\u011f\u0131n\u0131 ve bir\u00e7ok \u015fehir ile k\u00f6y\u00fcn y\u0131k\u0131lm\u0131\u015f oldu\u011funu vurgulad\u0131.<\/p>\n<p><img decoding=\"async\" src=\"https:\/\/bihavadis.com\/wp-content\/uploads\/2026\/02\/suriye-disisleri-bakani-esad-seybani-suriyelilerin-ulkelerine-donusleri-faydali-olmali-1-RgkCtkmw.jpg\"\/><\/p>\n<p><strong>&#8220;GECE G\u00dcND\u00dcZ \u00c7ALI\u015eACA\u011eIZ&#8221;<\/strong><\/p>\n<p>\u015eeybani, elde edilen ba\u015far\u0131larla yetinmediklerini belirterek, <b>&#8220;Halk\u0131m\u0131za en iyisini sunmak i\u00e7in \u00e7aba g\u00f6steriyoruz. Yorulmayaca\u011f\u0131z, b\u0131kmayaca\u011f\u0131z, halk\u0131m\u0131zla birlikte arzulad\u0131\u011f\u0131m\u0131z Suriye\u2019yi in\u015fa edene kadar gece g\u00fcnd\u00fcz \u00e7al\u0131\u015faca\u011f\u0131z&#8221; <\/b>a\u00e7\u0131klamas\u0131n\u0131 yapt\u0131.<\/p>\n<p>\u015eeybani, h\u00fck\u00fcmetin son zamanlarda Suriye\u2019nin Suveyda ve di\u011fer b\u00f6lgelerinde ya\u015fanan olaylara ili\u015fkin sorumluluklardan ka\u00e7mad\u0131\u011f\u0131n\u0131 belirterek, \u00fclkenin ulusal \u00e7\u0131kar\u0131 ve halk\u0131n menfaatinin her \u015feyin \u00f6n\u00fcnde oldu\u011funu vurgulad\u0131.<\/p>\n<p>\u015eeybani ayr\u0131ca, Suriye\u2019deki \u00e7e\u015fitlili\u011fin \u00fclke i\u00e7in bir g\u00fc\u00e7 kayna\u011f\u0131 oldu\u011funun alt\u0131n\u0131 \u00e7izerek, <em>&#8220;\u00dczerinde hemfikir oldu\u011fumuz \u00e7\u0131karlar\u0131m\u0131z var. Bunlar aras\u0131nda Suriye topraklar\u0131n\u0131n birli\u011fi ve b\u00fct\u00fcnl\u00fc\u011f\u00fc bulunuyor. Yasal \u00e7er\u00e7evede \u00e7al\u0131\u015f\u0131yoruz ve bu yol, bir siyasi k\u00fclt\u00fcr gerektiriyor&#8221;<\/em> ifadelerini kulland\u0131.<\/p>\n","protected":false},"excerpt":{"rendered":"<p>Almanya\u2019da d\u00fczenlenen M\u00fcnih G\u00fcvenlik Konferans\u0131&#8217;na kat\u0131larak burada a\u00e7\u0131klamalarda bulunan Suriye D\u0131\u015fi\u015fleri Bakan\u0131 Esad Hasan \u015eeybani, Suriyelilerin \u00fclkeye d\u00f6n\u00fc\u015f\u00fcne a\u00e7\u0131k olduklar\u0131n\u0131 ancak bunun yeniden in\u015fa s\u00fcrecine faydal\u0131 bir geri d\u00f6n\u00fc\u015f olmas\u0131 gerekti\u011fini s\u00f6yledi.<\/p>\n","protected":false},"author":1,"featured_media":43897,"comment_status":"open","ping_status":"open","sticky":false,"template":"","format":"standard","meta":{"footnotes":""},"categories":[6],"tags":[4907,5949,361,700],"class_list":["post-43896","post","type-post","status-publish","format-standard","has-post-thumbnail","hentry","category-dunya","tag-halki","tag-seybani","tag-suriye","tag-ulke"],"_links":{"self":[{"href":"https:\/\/bihavadis.com\/index.php\/wp-json\/wp\/v2\/posts\/43896","targetHints":{"allow":["GET"]}}],"collection":[{"href":"https:\/\/bihavadis.com\/index.php\/wp-json\/wp\/v2\/posts"}],"about":[{"href":"https:\/\/bihavadis.com\/index.php\/wp-json\/wp\/v2\/types\/post"}],"author":[{"embeddable":true,"href":"https:\/\/bihavadis.com\/index.php\/wp-json\/wp\/v2\/users\/1"}],"replies":[{"embeddable":true,"href":"https:\/\/bihavadis.com\/index.php\/wp-json\/wp\/v2\/comments?post=43896"}],"version-history":[{"count":1,"href":"https:\/\/bihavadis.com\/index.php\/wp-json\/wp\/v2\/posts\/43896\/revisions"}],"predecessor-version":[{"id":43900,"href":"https:\/\/bihavadis.com\/index.php\/wp-json\/wp\/v2\/posts\/43896\/revisions\/43900"}],"wp:featuredmedia":[{"embeddable":true,"href":"https:\/\/bihavadis.com\/index.php\/wp-json\/wp\/v2\/media\/43897"}],"wp:attachment":[{"href":"https:\/\/bihavadis.com\/index.php\/wp-json\/wp\/v2\/media?parent=43896"}],"wp:term":[{"taxonomy":"category","embeddable":true,"href":"https:\/\/bihavadis.com\/index.php\/wp-json\/wp\/v2\/categories?post=43896"},{"taxonomy":"post_tag","embeddable":true,"href":"https:\/\/bihavadis.com\/index.php\/wp-json\/wp\/v2\/tags?post=43896"}],"curies":[{"name":"wp","href":"https:\/\/api.w.org\/{rel}","templated":true}]}}