{"id":43907,"date":"2026-02-23T18:15:36","date_gmt":"2026-02-23T18:15:36","guid":{"rendered":"https:\/\/bihavadis.com\/?p=43907"},"modified":"2026-02-23T18:15:36","modified_gmt":"2026-02-23T18:15:36","slug":"eczacibasi-dynavit-vero-volley-milano-ile-mucadele-edecek","status":"publish","type":"post","link":"https:\/\/bihavadis.com\/index.php\/2026\/02\/23\/eczacibasi-dynavit-vero-volley-milano-ile-mucadele-edecek\/","title":{"rendered":"Eczac\u0131ba\u015f\u0131 Dynavit, Vero Volley Milano ile m\u00fccadele edecek"},"content":{"rendered":"<p>Eczac\u0131ba\u015f\u0131 Dynavit, CEV Zeren Group \u015eampiyonlar Ligi C Grubu 6. ve son ma\u00e7\u0131nda Vero Volley Milano ile kar\u015f\u0131la\u015facak.<\/p>\n<p>CEV Zeren Group \u015eampiyonlar Ligi&#8217;nde evinde kar\u015f\u0131la\u015ft\u0131\u011f\u0131 ma\u00e7ta Vero Volley Milano&#8217;yu ma\u011flup eden turuncu-beyazl\u0131 ekip bu kez deplasmanda rakibiyle kozlar\u0131n\u0131 payla\u015facak. Gruptan \u00e7\u0131karak \u00e7eyrek finale y\u00fckselmeyi hedefleyen Eczac\u0131ba\u015f\u0131 Dynavit, kar\u015f\u0131la\u015fma haz\u0131rl\u0131klar\u0131na devam etti.<\/p>\n<p>Kar\u015f\u0131la\u015fma \u00f6ncesi g\u00f6r\u00fc\u015flerini dile getiren milli sma\u00e7\u00f6r Ebrar Karakurt, &#8220;Bizim i\u00e7in ger\u00e7ekten \u00f6nemli bir ma\u00e7a \u00e7\u0131kaca\u011f\u0131z. Hem sahada hem de trib\u00fcnde heyecan\u0131 y\u00fcksek bir kar\u015f\u0131la\u015fma olaca\u011f\u0131n\u0131 d\u00fc\u015f\u00fcn\u00fcyorum. Hafta boyunca iyi haz\u0131rland\u0131k ve sahaya kendi oyunumuzu yans\u0131tmak istiyoruz. Evimizde oldu\u011fu gibi deplasmanda da kazanmak istiyoruz. Bunun i\u00e7in m\u00fccadelemizi ve enerjimizi son ana kadar ortaya koyaca\u011f\u0131z&#8221; dedi.<\/p>\n<p>Vero Volley Milano &#8211; Eczac\u0131ba\u015f\u0131 Dynavit kar\u015f\u0131la\u015fmas\u0131 4 \u015eubat \u00c7ar\u015famba TS\u0130 22.00&#8217;de Allianz Cloud Arena Milano&#8217;da oynanacak. M\u00fccadele, Tabii Spor 4 ekranlar\u0131ndan naklen yay\u0131nlanacak. &#8211; \u0130STANBUL<\/p>\n","protected":false},"excerpt":{"rendered":"<p>Eczac\u0131ba\u015f\u0131 Dynavit, CEV Zeren Group \u015eampiyonlar Ligi&#8217;nde Vero Volley Milano ile deplasmanda kar\u015f\u0131la\u015facak.<\/p>\n","protected":false},"author":1,"featured_media":43908,"comment_status":"open","ping_status":"open","sticky":false,"template":"","format":"standard","meta":{"footnotes":""},"categories":[14],"tags":[],"class_list":["post-43907","post","type-post","status-publish","format-standard","has-post-thumbnail","hentry","category-spor"],"_links":{"self":[{"href":"https:\/\/bihavadis.com\/index.php\/wp-json\/wp\/v2\/posts\/43907","targetHints":{"allow":["GET"]}}],"collection":[{"href":"https:\/\/bihavadis.com\/index.php\/wp-json\/wp\/v2\/posts"}],"about":[{"href":"https:\/\/bihavadis.com\/index.php\/wp-json\/wp\/v2\/types\/post"}],"author":[{"embeddable":true,"href":"https:\/\/bihavadis.com\/index.php\/wp-json\/wp\/v2\/users\/1"}],"replies":[{"embeddable":true,"href":"https:\/\/bihavadis.com\/index.php\/wp-json\/wp\/v2\/comments?post=43907"}],"version-history":[{"count":1,"href":"https:\/\/bihavadis.com\/index.php\/wp-json\/wp\/v2\/posts\/43907\/revisions"}],"predecessor-version":[{"id":43909,"href":"https:\/\/bihavadis.com\/index.php\/wp-json\/wp\/v2\/posts\/43907\/revisions\/43909"}],"wp:featuredmedia":[{"embeddable":true,"href":"https:\/\/bihavadis.com\/index.php\/wp-json\/wp\/v2\/media\/43908"}],"wp:attachment":[{"href":"https:\/\/bihavadis.com\/index.php\/wp-json\/wp\/v2\/media?parent=43907"}],"wp:term":[{"taxonomy":"category","embeddable":true,"href":"https:\/\/bihavadis.com\/index.php\/wp-json\/wp\/v2\/categories?post=43907"},{"taxonomy":"post_tag","embeddable":true,"href":"https:\/\/bihavadis.com\/index.php\/wp-json\/wp\/v2\/tags?post=43907"}],"curies":[{"name":"wp","href":"https:\/\/api.w.org\/{rel}","templated":true}]}}