{"id":43976,"date":"2026-02-23T19:12:08","date_gmt":"2026-02-23T19:12:08","guid":{"rendered":"https:\/\/bihavadis.com\/?p=43976"},"modified":"2026-02-23T19:12:08","modified_gmt":"2026-02-23T19:12:08","slug":"marco-asensio-sahada-cok-iyi-oldugumu-hissediyorum","status":"publish","type":"post","link":"https:\/\/bihavadis.com\/index.php\/2026\/02\/23\/marco-asensio-sahada-cok-iyi-oldugumu-hissediyorum\/","title":{"rendered":"Marco Asensio: Sahada \u00e7ok iyi oldu\u011fumu hissediyorum"},"content":{"rendered":"<p>S\u00fcper Lig&#8217;in 22. haftas\u0131nda Trabzonspor ile Fenerbah\u00e7e kar\u015f\u0131 kar\u015f\u0131ya geldi.<\/p>\n<p>Fenerbah\u00e7e&#8217;nin Trabzonspor&#8217;u deplasmanda 3-2 yendi\u011fi ma\u00e7ta sar\u0131 lacivertli tak\u0131m\u0131n son gol\u00fcn\u00fc atan Marco Asensio a\u00e7\u0131klamalarda bulundu.<\/p>\n<p><strong>&#8220;\u00c7OK MUTLUYUM&#8221;<\/strong><\/p>\n<p>Kar\u015f\u0131la\u015fmay\u0131 de\u011ferlendiren Asensio <em><b>&#8220;\u00c7ok mutluyum. Tak\u0131m olarak iyi i\u015f \u00e7\u0131kard\u0131k. Bireysel anlamda performans\u0131mdan mutluyum. Sahada \u00e7ok iyi oldu\u011fumu hissediyorum. \u00c7ok \u00e7al\u0131\u015farak yolumuza devam ediyoruz. \u00d6nemli olan 3 puand\u0131. Tak\u0131m\u0131ma yard\u0131mc\u0131 oldu\u011fum i\u00e7in \u00e7ok mutluyum.&#8221;<\/b><\/em> dedi.<\/p>\n<p><img decoding=\"async\" src=\"https:\/\/bihavadis.com\/wp-content\/uploads\/2026\/02\/marco-asensio-sahada-cok-iyi-oldugumu-hissediyorum-0-1NeJ1YO3.jpg\"\/><\/p>\n<p><strong>&#8220;TAKIMA \u00c7OK YARDIMCI OLUYOR&#8221;<\/strong><\/p>\n<p>Tak\u0131m arkada\u015f\u0131 Kerem Akt\u00fcrko\u011flu ile ilgili soruyu yan\u0131tlayan \u0130spanyol y\u0131ld\u0131z<em><b> &#8220;Kerem tak\u0131m i\u00e7in \u00e7ok \u00f6nemli. Kendisi \u00e7ok iyi performansta, \u00e7ok \u00fcst seviye bir oyuncu. En ba\u015ftan beri sahada \u00e7ok iyi anla\u015f\u0131yoruz. Tak\u0131ma \u00e7ok yard\u0131mc\u0131 oluyor.&#8221;<\/b><\/em> ifadelerini kulland\u0131.<\/p>\n<p><img decoding=\"async\" src=\"https:\/\/bihavadis.com\/wp-content\/uploads\/2026\/02\/marco-asensio-sahada-cok-iyi-oldugumu-hissediyorum-1-Bgs9DrQ5.jpg\"\/><\/p>\n","protected":false},"excerpt":{"rendered":"<p>Fenerbah\u00e7e&#8217;nin \u0130spanyol y\u0131ld\u0131z\u0131 Marco Asensio, Trabzonspor ma\u00e7\u0131n\u0131n ard\u0131ndan &#8220;Bireysel anlamda performans\u0131mdan mutluyum. Sahada \u00e7ok iyi oldu\u011fumu hissediyorum&#8221; ifadelerini kulland\u0131.<\/p>\n","protected":false},"author":1,"featured_media":43977,"comment_status":"open","ping_status":"open","sticky":false,"template":"","format":"standard","meta":{"footnotes":""},"categories":[14],"tags":[366],"class_list":["post-43976","post","type-post","status-publish","format-standard","has-post-thumbnail","hentry","category-spor","tag-takim"],"_links":{"self":[{"href":"https:\/\/bihavadis.com\/index.php\/wp-json\/wp\/v2\/posts\/43976","targetHints":{"allow":["GET"]}}],"collection":[{"href":"https:\/\/bihavadis.com\/index.php\/wp-json\/wp\/v2\/posts"}],"about":[{"href":"https:\/\/bihavadis.com\/index.php\/wp-json\/wp\/v2\/types\/post"}],"author":[{"embeddable":true,"href":"https:\/\/bihavadis.com\/index.php\/wp-json\/wp\/v2\/users\/1"}],"replies":[{"embeddable":true,"href":"https:\/\/bihavadis.com\/index.php\/wp-json\/wp\/v2\/comments?post=43976"}],"version-history":[{"count":1,"href":"https:\/\/bihavadis.com\/index.php\/wp-json\/wp\/v2\/posts\/43976\/revisions"}],"predecessor-version":[{"id":43980,"href":"https:\/\/bihavadis.com\/index.php\/wp-json\/wp\/v2\/posts\/43976\/revisions\/43980"}],"wp:featuredmedia":[{"embeddable":true,"href":"https:\/\/bihavadis.com\/index.php\/wp-json\/wp\/v2\/media\/43977"}],"wp:attachment":[{"href":"https:\/\/bihavadis.com\/index.php\/wp-json\/wp\/v2\/media?parent=43976"}],"wp:term":[{"taxonomy":"category","embeddable":true,"href":"https:\/\/bihavadis.com\/index.php\/wp-json\/wp\/v2\/categories?post=43976"},{"taxonomy":"post_tag","embeddable":true,"href":"https:\/\/bihavadis.com\/index.php\/wp-json\/wp\/v2\/tags?post=43976"}],"curies":[{"name":"wp","href":"https:\/\/api.w.org\/{rel}","templated":true}]}}