{"id":44029,"date":"2026-02-23T21:00:06","date_gmt":"2026-02-23T21:00:06","guid":{"rendered":"https:\/\/bihavadis.com\/?p=44029"},"modified":"2026-02-23T21:00:06","modified_gmt":"2026-02-23T21:00:06","slug":"baskan-tugay-birlik-ve-emekle-basaracagiz","status":"publish","type":"post","link":"https:\/\/bihavadis.com\/index.php\/2026\/02\/23\/baskan-tugay-birlik-ve-emekle-basaracagiz\/","title":{"rendered":"Ba\u015fkan Tugay: Birlik ve emekle ba\u015faraca\u011f\u0131z"},"content":{"rendered":"<p>\u0130zmir B\u00fcy\u00fck\u015fehir Belediyesi\u2019nin il\u00e7elerde d\u00fczenledi\u011fi iftar program\u0131 ramazan\u0131n d\u00f6rd\u00fcnc\u00fc g\u00fcn\u00fcnde Tire\u2019de ger\u00e7ekle\u015ftirildi. Ramazan ay\u0131n\u0131n \u0130zmir\u2019e ve T\u00fcrkiye\u2019ye g\u00fczellikler getirmesini dileyen Ba\u015fkan Tugay, \u201cDilemek, niyet etmek elbette g\u00fczel; ancak emek olmadan hi\u00e7bir \u015fey ger\u00e7e\u011fe d\u00f6n\u00fc\u015fm\u00fcyor. \u00c7al\u0131\u015fmadan sonu\u00e7 al\u0131nm\u0131yor. Birbirimize tutunmaya, inanmaya ve destek olmaya ihtiyac\u0131m\u0131z var. Benim g\u00fcvendi\u011fim \u015fey \u00f6nce Allah, sonra sizlersiniz\u201d dedi.<\/p>\n<p>\u0130zmir B\u00fcy\u00fck\u015fehir Belediyesi\u2019nin ramazan ay\u0131n\u0131n bereketini payla\u015fmak amac\u0131yla 30 il\u00e7ede d\u00fczenledi\u011fi iftar program\u0131 Tire\u2019de devam etti. Tire Hangar Kapal\u0131 Tren \u0130stasyonu\u2019nda kurulan iftar sofras\u0131na \u0130zmir B\u00fcy\u00fck\u015fehir Belediye Ba\u015fkan\u0131 Dr. Cemil Tugay, Tire Belediye Ba\u015fkan\u0131 Hayati Okuro\u011flu, b\u00fcy\u00fck\u015fehir b\u00fcrokratlar\u0131, siyasi parti temsilcileri, muhtarlar, meclis \u00fcyeleri ve \u00e7ok say\u0131da Tireli kat\u0131ld\u0131. Sosyal Hizmetler Dairesi Ba\u015fkanl\u0131\u011f\u0131 taraf\u0131ndan 2 bin 500 ki\u015filik s\u0131cak yemek ikram edilen program, ilahi dinletisiyle ba\u015flad\u0131. Ba\u015fkan Tugay, iftar \u00f6ncesinde vatanda\u015flarla selamla\u015f\u0131p sohbet etti ve hat\u0131ra foto\u011fraf\u0131 \u00e7ektirdi. Ak\u015fam ezan\u0131n\u0131n okunmas\u0131yla birlikte dualar e\u015fli\u011finde oru\u00e7lar a\u00e7\u0131ld\u0131.<\/p>\n<p><strong>\u201cTire i\u00e7in el ele\u201d\u00a0<\/strong><\/p>\n<p>\u0130ftar program\u0131nda konu\u015fan Ba\u015fkan Tugay, Tire\u2019de bulunmaktan her zaman mutluluk duydu\u011funu belirterek, \u201cTire\u2019nin havas\u0131 da insan\u0131 da bir ba\u015fka. Sizlerle birlikte olmaktan b\u00fcy\u00fck keyif al\u0131yorum. Bu birlik ve beraberlik sofras\u0131nda ayn\u0131 duygular\u0131 payla\u015fmak bizlere mutluluk verdi, Allah\u2019a \u015f\u00fckrettik\u201d dedi. Belediye ba\u015fkan\u0131, muhtarlar ve kooperatiflerle uyum i\u00e7inde \u00e7al\u0131\u015ft\u0131klar\u0131n\u0131 ifade eden Tugay, herkesin ortak amac\u0131n\u0131n \u00fclkenin, \u015fehrin ve Tire\u2019nin daha zengin; insanlar\u0131n ise daha huzurlu ve refah i\u00e7inde ya\u015famas\u0131 oldu\u011funu vurgulad\u0131. \u201cBu niyet \u00e7ok k\u0131ymetli\u201d diye konu\u015ftu.<\/p>\n<p><strong>\u201cDilemek iyidir ama emek \u015fart\u201d<\/strong><\/p>\n<p>Ba\u015fkan Tugay, iftar program\u0131nda yapt\u0131\u011f\u0131 konu\u015fmada, m\u00fcbarek ayda payla\u015f\u0131lan sofralar\u0131n birlik ve dayan\u0131\u015fmay\u0131 g\u00fc\u00e7lendirdi\u011fini belirterek, Allah\u2019tan \u015fehre bereket, insanlara sa\u011fl\u0131k, huzur ve mutluluk diledi. Dilemek iyidir ama emeksiz yemek olmaz\u201d diyen Ba\u015fkan Tugay, hi\u00e7bir ba\u015far\u0131n\u0131n \u00e7al\u0131\u015fmadan ger\u00e7ekle\u015fmeyece\u011fini vurgulad\u0131. Birlik, dayan\u0131\u015fma ve kar\u015f\u0131l\u0131kl\u0131 g\u00fcvenle hareket edilmesi gerekti\u011fini ifade eden Tugay, \u201c\u00d6nce Allah\u2019a, sonra sizlere g\u00fcveniyorum. Hep beraber \u00e7al\u0131\u015farak, ahlakl\u0131 insanlar olarak, birbirimizi koruyup kollayarak, dayan\u0131\u015fmam\u0131z\u0131 her zaman g\u00fc\u00e7l\u00fc tutarak \u00e7al\u0131\u015fmaya devam edece\u011fiz\u201d dedi. Ba\u015fkan Tugay, \u015fehrin ve \u00fclkenin s\u0131k\u0131nt\u0131lar\u0131n\u0131n a\u015f\u0131laca\u011f\u0131na inand\u0131\u011f\u0131n\u0131 belirterek, g\u00fczel g\u00fcnlerin ad\u0131m ad\u0131m gelece\u011fini s\u00f6yledi.<\/p>\n<p><strong>Ba\u015fkan Okuro\u011flu: B\u00fcy\u00fck\u015fehir\u2019in deste\u011fini hep hissettik<\/strong><\/p>\n<p>Tire Belediye Ba\u015fkan\u0131 Hayati Okuro\u011flu, ramazan ay\u0131n\u0131n birle\u015ftirici g\u00fcc\u00fcyle bir araya geldiklerini belirterek, \u0130zmir B\u00fcy\u00fck\u015fehir Belediyesi ile uyum i\u00e7inde \u00e7al\u0131\u015ft\u0131klar\u0131n\u0131 ifade etti. Okuro\u011flu, \u201c\u0130zmir B\u00fcy\u00fck\u015fehir Belediyesi ile bir\u00e7ok hizmet alan\u0131nda i\u015f birli\u011fi i\u00e7indeyiz. Say\u0131n Ba\u015fkan Cemil Tugay\u2019\u0131n il\u00e7emize verdi\u011fi destek i\u00e7in te\u015fekk\u00fcr ediyorum. G\u00fc\u00e7l\u00fc koordinasyonumuz sayesinde vatanda\u015flar\u0131m\u0131za kre\u015flerden evde bak\u0131ma, \u0130ZMAR\u2019dan altyap\u0131 \u00e7al\u0131\u015fmalar\u0131na kadar pek \u00e7ok alanda hizmet sunduk. B\u00fcy\u00fck\u015fehir\u2019in deste\u011fini her zaman yan\u0131m\u0131zda hissettik\u201d dedi.<\/p>\n<p><strong>\u0130l\u00e7e il\u00e7e iftar program\u0131<\/strong><\/p>\n<p>\u0130zmir B\u00fcy\u00fck\u015fehir Belediyesinin iftar sofras\u0131 23 \u015eubat\u2019ta Buca Koza\u011fa\u00e7 Kapal\u0131 Pazaryeri\u2019nde, 24 \u015eubat\u2019ta Menderes Kapal\u0131 Pazaryeri\u2019nde ve 25 \u015eubat\u2019ta Torbal\u0131 Ayranc\u0131lar Kapal\u0131 Pazaryeri\u2019nde devam edecek. 26 \u015eubat\u2019ta Kar\u015f\u0131yaka Volkan Vedat Akay Park\u0131\u2019nda (Alaybey \u0130ZBAN yan\u0131), 27 \u015eubat\u2019ta Bornova Do\u011fanlar Kapal\u0131 Pazaryeri\u2019nde, 28 \u015eubat\u2019ta \u00d6demi\u015f Belediyesi Nikah ve Kongre Salonu\u2019nda iftar sofralar\u0131 kurulacak. Mart ay\u0131 program\u0131 ise 1 Mart\u2019ta \u00c7i\u011fli Evka-2 Kapal\u0131 Pazaryeri\u2019nde, 2 Mart\u2019ta Bal\u00e7ova Teleferik Kapal\u0131 Pazaryeri ve Narl\u0131dere Kapal\u0131 Pazaryeri\u2019nde, 3 Mart\u2019ta G\u00fczelbah\u00e7e Belediye D\u00fc\u011f\u00fcn Salonu\u2019nda s\u00fcrecek. 4 Mart\u2019ta Fo\u00e7a Yeni Fo\u00e7a \u00c7ok Ama\u00e7l\u0131 Spor Salonu\u2019nda, 5 Mart\u2019ta Kiraz Cem Yazan Kapal\u0131 Pazaryeri\u2019nde, 6 Mart\u2019ta Beyda\u011f 2 Eyl\u00fcl Kurtulu\u015f Park\u0131\u2019nda, 7 Mart\u2019ta Seferihisar Kapal\u0131 Pazaryeri\u2019nde, 8 Mart\u2019ta Menemen Cumhuriyet Meydan\u0131\u2019nda, 9 Mart\u2019ta Sel\u00e7uk A\u00e7\u0131k Pazaryeri (T\u00fcrkmen Pazar Alan\u0131)\u2019nda iftar verilecek. Program 10 Mart\u2019ta Konak Kemeralt\u0131 Milli K\u00fct\u00fcphane Caddesi\u2019nde, 11 Mart\u2019ta Kemalpa\u015fa Rekreasyon Alan\u0131\u2019nda, 12 Mart\u2019ta K\u0131n\u0131k Cumhuriyet Meydan\u0131\u2019nda, 13 Mart\u2019ta Dikili Atat\u00fcrk Meydan\u0131\u2019nda, 14 Mart\u2019ta Bergama Cumhuriyet Meydan\u0131\u2019nda, 15 Mart\u2019ta Alia\u011fa Demokrasi Meydan\u0131\u2019nda devam edecek. \u0130ftar sofralar\u0131 16 Mart\u2019ta Karaba\u011flar Vatan Kapal\u0131 Pazaryeri\u2019nde, 17 Mart\u2019ta Karaburun Mordo\u011fan Merkez\u2019de, 18 Mart\u2019ta \u00c7e\u015fme Meydan\u2019da ve 19 Mart\u2019ta Urla Meydan\u2019da kurulacak.<\/p>\n<p>\u00a0<\/p>\n<p>Kaynak: (BYZHA) Beyaz Haber Ajans\u0131<\/p>\n","protected":false},"excerpt":{"rendered":"<p>\u0130zmir B\u00fcy\u00fck\u015fehir Belediyesi\u2019nin il\u00e7elerde d\u00fczenledi\u011fi iftar program\u0131 ramazan\u0131n d\u00f6rd\u00fcnc\u00fc g\u00fcn\u00fcnde Tire\u2019de ger\u00e7ekle\u015ftirildi.<\/p>\n","protected":false},"author":1,"featured_media":44030,"comment_status":"open","ping_status":"open","sticky":false,"template":"","format":"standard","meta":{"footnotes":""},"categories":[4],"tags":[516,675,3084,2931,5958],"class_list":["post-44029","post","type-post","status-publish","format-standard","has-post-thumbnail","hentry","category-gundem","tag-baskan","tag-iftar","tag-mart","tag-subatta","tag-tire"],"_links":{"self":[{"href":"https:\/\/bihavadis.com\/index.php\/wp-json\/wp\/v2\/posts\/44029","targetHints":{"allow":["GET"]}}],"collection":[{"href":"https:\/\/bihavadis.com\/index.php\/wp-json\/wp\/v2\/posts"}],"about":[{"href":"https:\/\/bihavadis.com\/index.php\/wp-json\/wp\/v2\/types\/post"}],"author":[{"embeddable":true,"href":"https:\/\/bihavadis.com\/index.php\/wp-json\/wp\/v2\/users\/1"}],"replies":[{"embeddable":true,"href":"https:\/\/bihavadis.com\/index.php\/wp-json\/wp\/v2\/comments?post=44029"}],"version-history":[{"count":1,"href":"https:\/\/bihavadis.com\/index.php\/wp-json\/wp\/v2\/posts\/44029\/revisions"}],"predecessor-version":[{"id":44031,"href":"https:\/\/bihavadis.com\/index.php\/wp-json\/wp\/v2\/posts\/44029\/revisions\/44031"}],"wp:featuredmedia":[{"embeddable":true,"href":"https:\/\/bihavadis.com\/index.php\/wp-json\/wp\/v2\/media\/44030"}],"wp:attachment":[{"href":"https:\/\/bihavadis.com\/index.php\/wp-json\/wp\/v2\/media?parent=44029"}],"wp:term":[{"taxonomy":"category","embeddable":true,"href":"https:\/\/bihavadis.com\/index.php\/wp-json\/wp\/v2\/categories?post=44029"},{"taxonomy":"post_tag","embeddable":true,"href":"https:\/\/bihavadis.com\/index.php\/wp-json\/wp\/v2\/tags?post=44029"}],"curies":[{"name":"wp","href":"https:\/\/api.w.org\/{rel}","templated":true}]}}