{"id":44044,"date":"2026-02-23T21:12:07","date_gmt":"2026-02-23T21:12:07","guid":{"rendered":"https:\/\/bihavadis.com\/?p=44044"},"modified":"2026-02-23T21:12:07","modified_gmt":"2026-02-23T21:12:07","slug":"sadettin-saran-12-haftamiz-ve-12-macimiz-var","status":"publish","type":"post","link":"https:\/\/bihavadis.com\/index.php\/2026\/02\/23\/sadettin-saran-12-haftamiz-ve-12-macimiz-var\/","title":{"rendered":"Sadettin Saran: 12 haftam\u0131z ve 12 ma\u00e7\u0131m\u0131z var"},"content":{"rendered":"<p>S\u00fcper Lig\u2019in 22. haftas\u0131nda Fenerbah\u00e7e, deplasmanda Trabzonspor&#8217;u 3-2 ma\u011flup etti.<\/p>\n<p>Fenerbah\u00e7e Ba\u015fkan\u0131 Sadettin Saran, ma\u00e7\u0131n ard\u0131ndan bas\u0131n mensuplar\u0131na a\u00e7\u0131klamalarda bulundu.<\/p>\n<p><img decoding=\"async\" src=\"https:\/\/bihavadis.com\/wp-content\/uploads\/2026\/02\/sadettin-saran-12-haftamiz-ve-12-macimiz-var-0-7MHZNJTA.jpg\"\/><\/p>\n<p><strong>&#8220;12 HAFTAMIZ 12 MA\u00c7IMIZ VAR&#8221;<\/strong><\/p>\n<p>Saran,<em><b> &#8220;Sadece \u015funu s\u00f6ylemek istiyorum. Ben, ekibim ve tak\u0131m\u0131m\u0131z Trabzon\u2019a indi\u011fimiz andan itibaren ba\u015fta Trabzon halk\u0131, Valimiz, emniyet g\u00fc\u00e7leri, kul\u00fcp ba\u015fkan\u0131 Ertu\u011frul bey bizi \u00e7ok \u00e7ok g\u00fczel a\u011f\u0131rlad\u0131. \u00c7ok g\u00fczel ilgilenildik. Umudumuz bundan sonra deplasman ma\u00e7lar\u0131na taraftarlar\u0131nda gelmesi ve aram\u0131zdaki olan bu gerginli\u011fin bitmesidir. Y\u00f6netim olarak en b\u00fcy\u00fck umudumuz budur. Tekrar kendilerine te\u015fekk\u00fcr ediyoruz. Mutluyuz. 12 haftam\u0131z ve 12 ma\u00e7\u0131m\u0131z var. \u00d6n\u00fcm\u00fcze bak\u0131yoruz&#8221;<\/b><\/em> ifadelerini kulland\u0131.<\/p>\n<p><img decoding=\"async\" src=\"https:\/\/bihavadis.com\/wp-content\/uploads\/2026\/02\/sadettin-saran-12-haftamiz-ve-12-macimiz-var-1-3xCQ7Iz8.jpg\"\/><\/p>\n","protected":false},"excerpt":{"rendered":"<p>Fenerbah\u00e7e Ba\u015fkan\u0131 Sadettin Saran, Trabzonspor galibiyetiyle mutlu olduklar\u0131n\u0131 belirterek, &#8220;12 haftam\u0131z ve 12 ma\u00e7\u0131m\u0131z var. \u00d6n\u00fcm\u00fcze bak\u0131yoruz&#8221; dedi.<\/p>\n","protected":false},"author":1,"featured_media":44045,"comment_status":"open","ping_status":"open","sticky":false,"template":"","format":"standard","meta":{"footnotes":""},"categories":[14],"tags":[],"class_list":["post-44044","post","type-post","status-publish","format-standard","has-post-thumbnail","hentry","category-spor"],"_links":{"self":[{"href":"https:\/\/bihavadis.com\/index.php\/wp-json\/wp\/v2\/posts\/44044","targetHints":{"allow":["GET"]}}],"collection":[{"href":"https:\/\/bihavadis.com\/index.php\/wp-json\/wp\/v2\/posts"}],"about":[{"href":"https:\/\/bihavadis.com\/index.php\/wp-json\/wp\/v2\/types\/post"}],"author":[{"embeddable":true,"href":"https:\/\/bihavadis.com\/index.php\/wp-json\/wp\/v2\/users\/1"}],"replies":[{"embeddable":true,"href":"https:\/\/bihavadis.com\/index.php\/wp-json\/wp\/v2\/comments?post=44044"}],"version-history":[{"count":1,"href":"https:\/\/bihavadis.com\/index.php\/wp-json\/wp\/v2\/posts\/44044\/revisions"}],"predecessor-version":[{"id":44048,"href":"https:\/\/bihavadis.com\/index.php\/wp-json\/wp\/v2\/posts\/44044\/revisions\/44048"}],"wp:featuredmedia":[{"embeddable":true,"href":"https:\/\/bihavadis.com\/index.php\/wp-json\/wp\/v2\/media\/44045"}],"wp:attachment":[{"href":"https:\/\/bihavadis.com\/index.php\/wp-json\/wp\/v2\/media?parent=44044"}],"wp:term":[{"taxonomy":"category","embeddable":true,"href":"https:\/\/bihavadis.com\/index.php\/wp-json\/wp\/v2\/categories?post=44044"},{"taxonomy":"post_tag","embeddable":true,"href":"https:\/\/bihavadis.com\/index.php\/wp-json\/wp\/v2\/tags?post=44044"}],"curies":[{"name":"wp","href":"https:\/\/api.w.org\/{rel}","templated":true}]}}